{"id":1003,"date":"2015-09-20T21:26:40","date_gmt":"2015-09-20T21:26:40","guid":{"rendered":"http:\/\/csapokert.gorogkatolikus.hu\/?p=1003"},"modified":"2015-11-20T17:37:54","modified_gmt":"2015-11-20T17:37:54","slug":"aranylo-szentkut","status":"publish","type":"post","link":"http:\/\/csapokert.gorogkatolikus.hu\/?p=1003","title":{"rendered":"Aranyl\u00f3 Szentk\u00fat"},"content":{"rendered":"<p><img decoding=\"async\" loading=\"lazy\" class=\"alignleft  wp-image-1005\" style=\"color: #181b60; font-size: 13px;\" alt=\"Matraverebely2\" src=\"http:\/\/csapokert.gorogkatolikus.hu\/wp-content\/uploads\/2015\/11\/Matraverebely2.jpg\" width=\"276\" height=\"155\" data-id=\"1005\" srcset=\"http:\/\/csapokert.gorogkatolikus.hu\/wp-content\/uploads\/2015\/11\/Matraverebely2.jpg 590w, http:\/\/csapokert.gorogkatolikus.hu\/wp-content\/uploads\/2015\/11\/Matraverebely2-300x168.jpg 300w\" sizes=\"(max-width: 276px) 100vw, 276px\" \/><\/p>\n<p>2015. szeptember 19.-\u00e9n reggel 7 \u00f3rakor indultunk \u00fatnak a M\u00e1travereb\u00e9ly-szentk\u00fati kegyhelyre, a g\u00f6r\u00f6gkatolikus h\u00edvek zar\u00e1ndoklat\u00e1ra. Az oda vezet\u0151 \u00faton r\u00f3zsaf\u00fcz\u00e9rt mondtunk, M\u00e1ria \u00e9nekeket \u00e9nekelt\u00fcnk majd mi is meghallgattuk Gergely atya gyerekeinek \u00edg\u00e9rt, angyalokr\u00f3l sz\u00f3l\u00f3 mes\u00e9j\u00e9t, melyet hatalmas tapsviharral jutalmaztunk a v\u00e9g\u00e9n, tetsz\u00e9s\u00fcnk elnyer\u00e9sek\u00e9ppen.<\/p>\n<p><!--more-->\u00a0 \u00a0A nemzeti kegyhelyre \u00e9rve, az id\u0151j\u00e1r\u00e1st tekintve, mindannyian a J\u00f3isten kegyelm\u00e9t v\u00e9lt\u00fck felfedezni az aranysz\u00edn\u0171 napsugarakban a hegyvid\u00e9ki olt\u00e1r felett. \u00a0\u00cdgy m\u00e9g nagyobb \u00e9lm\u00e9ny volt r\u00e9szt venni a Szent Liturgi\u00e1n, kint a szabadban. Ezut\u00e1n a hegyikrist\u00e1lyokkal \u00e9s \u00fcvegmozaikkal kirakott olt\u00e1rt k\u00f6zelebbr\u0151l is megtekintett\u00fck, k\u00f6rbes\u00e9t\u00e1ltuk. Aki tehette, az a meredek hegyoldalon a csod\u00e1s kil\u00e1t\u00e1s\u00fa remetebarlangokhoz is felmehetett, ahol megismerkedhetett az egyszer\u0171 szerzetesi \u00e9letforma mindennapjaival. Meg\u00edzlelt\u00fck a gy\u00f3gy\u00edt\u00f3 forr\u00e1st, amelyben a Sz\u0171zanya szeretete mutatkozik meg azok sz\u00e1m\u00e1ra, akik b\u00edznak \u00e9s rem\u00e9lnek.<\/p>\n<p>K\u00e9s\u0151bb szomor\u00faan indultunk haza, hogy ott kellett hagyni a M\u00e1ria kegyhelyet. Haza indulva b\u00facs\u00faz\u00f3ul el\u00e9nekelt\u00fck a parakliszt, megosztottuk egym\u00e1ssal az \u00e9lm\u00e9nyeket v\u00e9g\u00fcl m\u00e9g r\u00e9gi n\u00f3t\u00e1kat is daloltunk j\u00f3kedv\u00fcnkben.<br \/>\nB\u00e1r a zar\u00e1ndoklaton csak n\u00e9h\u00e1ny telep\u00fcl\u00e9s vett r\u00e9szt, m\u00e9gis \u00e9rezt\u00fck, hogy ezen a szent helyen csal\u00e1dias hangulatban, teljes m\u00e9rt\u00e9kben jelen van az isteni kegyelem Sz\u0171z M\u00e1ria \u00e1ltal.<br \/>\nAki el\u0151sz\u00f6r zar\u00e1ndokol Szentk\u00fatra, az \u00fajra visszav\u00e1gyik majd, aki pedig m\u00e1r t\u00f6bbedik alkalommal megy, az szinte m\u00e1r haza j\u00e1r. Rem\u00e9nyeink szerint j\u00f6v\u0151re m\u00e9g t\u00f6bben indulhatunk \u00fatnak \u00e9s szerezhet\u00fcnk \u00e9letre sz\u00f3l\u00f3 \u00e9lm\u00e9nyeket.<\/p>\n<p>&nbsp;<\/p>\n<p>Sur\u00e1nyi M\u00f3nika<\/p>\n<p>&nbsp;<\/p>\n<p><a href=\"http:\/\/csapokert.gorogkatolikus.hu\/wp-content\/uploads\/2015\/11\/szentkut2.jpg\"><img decoding=\"async\" loading=\"lazy\" class=\"alignleft  wp-image-1006\" alt=\"szentkut2\" src=\"http:\/\/csapokert.gorogkatolikus.hu\/wp-content\/uploads\/2015\/11\/szentkut2.jpg\" width=\"261\" height=\"350\" data-id=\"1006\" srcset=\"http:\/\/csapokert.gorogkatolikus.hu\/wp-content\/uploads\/2015\/11\/szentkut2.jpg 335w, http:\/\/csapokert.gorogkatolikus.hu\/wp-content\/uploads\/2015\/11\/szentkut2-224x300.jpg 224w\" sizes=\"(max-width: 261px) 100vw, 261px\" \/><\/a> <a href=\"http:\/\/csapokert.gorogkatolikus.hu\/wp-content\/uploads\/2015\/11\/Szentk\u00fat3.jpg\"><img decoding=\"async\" loading=\"lazy\" class=\"alignleft  wp-image-1007\" alt=\"Szentk\u00fat3\" src=\"http:\/\/csapokert.gorogkatolikus.hu\/wp-content\/uploads\/2015\/11\/Szentk\u00fat3.jpg\" width=\"614\" height=\"444\" data-id=\"1007\" srcset=\"http:\/\/csapokert.gorogkatolikus.hu\/wp-content\/uploads\/2015\/11\/Szentk\u00fat3.jpg 1024w, http:\/\/csapokert.gorogkatolikus.hu\/wp-content\/uploads\/2015\/11\/Szentk\u00fat3-300x216.jpg 300w, http:\/\/csapokert.gorogkatolikus.hu\/wp-content\/uploads\/2015\/11\/Szentk\u00fat3-634x458.jpg 634w, http:\/\/csapokert.gorogkatolikus.hu\/wp-content\/uploads\/2015\/11\/Szentk\u00fat3-924x667.jpg 924w\" sizes=\"(max-width: 614px) 100vw, 614px\" \/><\/a><\/p>\n","protected":false},"excerpt":{"rendered":"<p>2015. szeptember 19.-\u00e9n reggel 7 \u00f3rakor indultunk \u00fatnak a M\u00e1travereb\u00e9ly-szentk\u00fati kegyhelyre, a g\u00f6r\u00f6gkatolikus h\u00edvek zar\u00e1ndoklat\u00e1ra. Az oda vezet\u0151 \u00faton r\u00f3zsaf\u00fcz\u00e9rt mondtunk, M\u00e1ria \u00e9nekeket \u00e9nekelt\u00fcnk majd mi is meghallgattuk Gergely atya gyerekeinek \u00edg\u00e9rt, angyalokr\u00f3l sz\u00f3l\u00f3 mes\u00e9j\u00e9t, melyet hatalmas tapsviharral jutalmaztunk a v\u00e9g\u00e9n, tetsz\u00e9s\u00fcnk elnyer\u00e9sek\u00e9ppen.<\/p>\n","protected":false},"author":3,"featured_media":0,"comment_status":"closed","ping_status":"closed","sticky":false,"template":"","format":"standard","meta":{"ngg_post_thumbnail":0},"categories":[1],"tags":[],"_links":{"self":[{"href":"http:\/\/csapokert.gorogkatolikus.hu\/index.php?rest_route=\/wp\/v2\/posts\/1003"}],"collection":[{"href":"http:\/\/csapokert.gorogkatolikus.hu\/index.php?rest_route=\/wp\/v2\/posts"}],"about":[{"href":"http:\/\/csapokert.gorogkatolikus.hu\/index.php?rest_route=\/wp\/v2\/types\/post"}],"author":[{"embeddable":true,"href":"http:\/\/csapokert.gorogkatolikus.hu\/index.php?rest_route=\/wp\/v2\/users\/3"}],"replies":[{"embeddable":true,"href":"http:\/\/csapokert.gorogkatolikus.hu\/index.php?rest_route=%2Fwp%2Fv2%2Fcomments&post=1003"}],"version-history":[{"count":4,"href":"http:\/\/csapokert.gorogkatolikus.hu\/index.php?rest_route=\/wp\/v2\/posts\/1003\/revisions"}],"predecessor-version":[{"id":1010,"href":"http:\/\/csapokert.gorogkatolikus.hu\/index.php?rest_route=\/wp\/v2\/posts\/1003\/revisions\/1010"}],"wp:attachment":[{"href":"http:\/\/csapokert.gorogkatolikus.hu\/index.php?rest_route=%2Fwp%2Fv2%2Fmedia&parent=1003"}],"wp:term":[{"taxonomy":"category","embeddable":true,"href":"http:\/\/csapokert.gorogkatolikus.hu\/index.php?rest_route=%2Fwp%2Fv2%2Fcategories&post=1003"},{"taxonomy":"post_tag","embeddable":true,"href":"http:\/\/csapokert.gorogkatolikus.hu\/index.php?rest_route=%2Fwp%2Fv2%2Ftags&post=1003"}],"curies":[{"name":"wp","href":"https:\/\/api.w.org\/{rel}","templated":true}]}}