{"id":1012,"date":"2016-03-24T09:28:50","date_gmt":"2016-03-24T09:28:50","guid":{"rendered":"http:\/\/csapokert.gorogkatolikus.hu\/?p=1012"},"modified":"2016-03-24T09:30:36","modified_gmt":"2016-03-24T09:30:36","slug":"2016-husvet-miserend","status":"publish","type":"post","link":"http:\/\/csapokert.gorogkatolikus.hu\/?p=1012","title":{"rendered":"2016 H\u00fasv\u00e9t miserend"},"content":{"rendered":"<table border=\"0\" cellspacing=\"0\" cellpadding=\"0\">\n<tbody>\n<tr>\n<td valign=\"top\" width=\"307\">m\u00e1rcius 24.<b> Nagycs\u00fct\u00f6rt\u00f6k<\/b><\/td>\n<td valign=\"top\" width=\"312\"><i>Nagy Szt Bazil liturgia (Attila t\u00e9r)<\/i><\/p>\n<p>15.<sup>00<\/sup> <b>Hajd\u00fas\u00e1mson<\/b> K\u00ednszenved\u00e9si evang\u00e9liumok<\/p>\n<p>17.<sup>00<\/sup> K\u00ednszenved\u00e9si evang\u00e9liumok<\/td>\n<\/tr>\n<tr>\n<td valign=\"top\" width=\"307\">m\u00e1rcius 25.<b> Nagyp\u00e9ntek<\/b><\/td>\n<td valign=\"top\" width=\"312\">8. <sup>30<\/sup> Utrenye<\/p>\n<p>9. <sup>30<\/sup> Szent Liturgia \u00a0(Gy\u00fcm\u00f6lcsolt\u00f3)<\/p>\n<p>16.<sup>00<\/sup> <b>Hajd\u00fas\u00e1mson<\/b> S\u00edrbat\u00e9teli vecsernye<\/p>\n<p>18.<sup>00<\/sup> S\u00edrbat\u00e9teli vecsernye<\/p>\n<p>ut\u00e1na<b> Virraszt\u00e1s<\/b><\/td>\n<\/tr>\n<tr>\n<td valign=\"top\" width=\"307\">m\u00e1rcius 26.<b> Nagyszombat<\/b><\/td>\n<td valign=\"top\" width=\"312\">8.<sup>00<\/sup> Vecsernye, Nagy Szt Bazil liturgia<\/p>\n<p>17.<sup>00<\/sup> <b>Hajd\u00fas\u00e1mson<\/b> Felt\u00e1mad\u00e1si szertart\u00e1s<\/td>\n<\/tr>\n<tr>\n<td valign=\"top\" width=\"307\">m\u00e1rcius 27.<b> H\u00fasv\u00e9tvas\u00e1rnap<\/b><b>\u00a0<\/b><\/p>\n<p align=\"center\"><b><i><span style=\"text-decoration: underline;\">(\u00d3RA\u00c1LL\u00cdT\u00c1S !!!)<\/span><\/i><\/b><b><i><\/i><\/b><\/p>\n<\/td>\n<td valign=\"top\" width=\"312\">5.<sup>00<\/sup> Felt\u00e1mad\u00e1si szertart\u00e1s, p\u00e1szkaszentel\u00e9s<\/p>\n<p>9.<sup>30<\/sup> \u00dcnnepi Szt. Liturgia, p\u00e1szkaszentel\u00e9s<\/p>\n<p>11.<sup>00<\/sup> <b>Hajd\u00fas\u00e1mson<\/b> Szt Liturgia, p\u00e1szkaszt.<\/td>\n<\/tr>\n<tr>\n<td valign=\"top\" width=\"307\">m\u00e1rcius 28.<b> H\u00fasv\u00e9th\u00e9tf\u0151<\/b><\/td>\n<td valign=\"top\" width=\"312\">8.<sup>45<\/sup> Utrenye<\/p>\n<p>9.<sup>30<\/sup> Szent Liturgia<\/p>\n<p>11.<sup>00<\/sup> <b>Hajd\u00fas\u00e1mson<\/b> Szent Liturgia<\/td>\n<\/tr>\n<tr>\n<td valign=\"top\" width=\"307\">m\u00e1rcius 29.<b> H\u00fasv\u00e9tkedd<\/b><\/td>\n<td valign=\"top\" width=\"312\">8.<sup>45<\/sup> Utrenye9.<sup>30<\/sup> Szent Liturgia<\/td>\n<\/tr>\n<\/tbody>\n<\/table>\n<p>&nbsp;<\/p>\n","protected":false},"excerpt":{"rendered":"<p>m\u00e1rcius 24. Nagycs\u00fct\u00f6rt\u00f6k Nagy Szt Bazil liturgia (Attila t\u00e9r) 15.00 Hajd\u00fas\u00e1mson K\u00ednszenved\u00e9si evang\u00e9liumok 17.00 K\u00ednszenved\u00e9si evang\u00e9liumok m\u00e1rcius 25. Nagyp\u00e9ntek 8. 30 Utrenye 9. 30 Szent Liturgia \u00a0(Gy\u00fcm\u00f6lcsolt\u00f3) 16.00 Hajd\u00fas\u00e1mson S\u00edrbat\u00e9teli vecsernye 18.00 S\u00edrbat\u00e9teli vecsernye ut\u00e1na Virraszt\u00e1s m\u00e1rcius 26. Nagyszombat 8.00 Vecsernye, Nagy Szt Bazil liturgia 17.00 Hajd\u00fas\u00e1mson Felt\u00e1mad\u00e1si szertart\u00e1s m\u00e1rcius 27. H\u00fasv\u00e9tvas\u00e1rnap\u00a0 (\u00d3RA\u00c1LL\u00cdT\u00c1S !!!) 5.00 [&hellip;]<\/p>\n","protected":false},"author":3,"featured_media":0,"comment_status":"closed","ping_status":"closed","sticky":false,"template":"","format":"standard","meta":{"ngg_post_thumbnail":0},"categories":[1],"tags":[],"_links":{"self":[{"href":"http:\/\/csapokert.gorogkatolikus.hu\/index.php?rest_route=\/wp\/v2\/posts\/1012"}],"collection":[{"href":"http:\/\/csapokert.gorogkatolikus.hu\/index.php?rest_route=\/wp\/v2\/posts"}],"about":[{"href":"http:\/\/csapokert.gorogkatolikus.hu\/index.php?rest_route=\/wp\/v2\/types\/post"}],"author":[{"embeddable":true,"href":"http:\/\/csapokert.gorogkatolikus.hu\/index.php?rest_route=\/wp\/v2\/users\/3"}],"replies":[{"embeddable":true,"href":"http:\/\/csapokert.gorogkatolikus.hu\/index.php?rest_route=%2Fwp%2Fv2%2Fcomments&post=1012"}],"version-history":[{"count":4,"href":"http:\/\/csapokert.gorogkatolikus.hu\/index.php?rest_route=\/wp\/v2\/posts\/1012\/revisions"}],"predecessor-version":[{"id":1016,"href":"http:\/\/csapokert.gorogkatolikus.hu\/index.php?rest_route=\/wp\/v2\/posts\/1012\/revisions\/1016"}],"wp:attachment":[{"href":"http:\/\/csapokert.gorogkatolikus.hu\/index.php?rest_route=%2Fwp%2Fv2%2Fmedia&parent=1012"}],"wp:term":[{"taxonomy":"category","embeddable":true,"href":"http:\/\/csapokert.gorogkatolikus.hu\/index.php?rest_route=%2Fwp%2Fv2%2Fcategories&post=1012"},{"taxonomy":"post_tag","embeddable":true,"href":"http:\/\/csapokert.gorogkatolikus.hu\/index.php?rest_route=%2Fwp%2Fv2%2Ftags&post=1012"}],"curies":[{"name":"wp","href":"https:\/\/api.w.org\/{rel}","templated":true}]}}