{"id":1018,"date":"2016-03-31T22:32:46","date_gmt":"2016-03-31T22:32:46","guid":{"rendered":"http:\/\/csapokert.gorogkatolikus.hu\/?p=1018"},"modified":"2016-12-12T10:28:51","modified_gmt":"2016-12-12T10:28:51","slug":"ikonosztazion-szenteles-2016-04-09","status":"publish","type":"post","link":"http:\/\/csapokert.gorogkatolikus.hu\/?p=1018","title":{"rendered":"Ikonoszt\u00e1zszentel\u00e9s 2016.04.09."},"content":{"rendered":"<p style=\"text-align: center;\" align=\"center\"><b>A Debrecen-Csap\u00f3kerti G\u00f6r\u00f6gkatolikus Egyh\u00e1zk\u00f6zs\u00e9g szeretettel megh\u00edvja \u00d6nt templomunk ikonoszt\u00e1zion\u00e1nak szentel\u00e9si \u00fcnnep\u00e9re. <\/b><\/p>\n<p style=\"text-align: center;\" align=\"center\"><b>Az ikonoszt\u00e1zion-szentel\u00e9st F\u0151tisztelend\u0151 Kocsis F\u00fcl\u00f6p atya, a Hajd\u00fadorogi F\u0151egyh\u00e1zmegye \u00e9rsek-metropolit\u00e1ja v\u00e9gzi 2016 \u00e1prilis 9-\u00e9n szombaton, a 10.00-kor kezd\u0151d\u0151 Szent Liturgi\u00e1ban.<a href=\"http:\/\/csapokert.gorogkatolikus.hu\/wp-content\/uploads\/2016\/03\/DSCN05961.jpg\"><img decoding=\"async\" loading=\"lazy\" class=\"alignleft wp-image-1020\" src=\"http:\/\/csapokert.gorogkatolikus.hu\/wp-content\/uploads\/2016\/03\/DSCN05961.jpg\" alt=\"DSCN0596[1]\" width=\"2285\" height=\"1714\" data-id=\"1020\" srcset=\"http:\/\/csapokert.gorogkatolikus.hu\/wp-content\/uploads\/2016\/03\/DSCN05961.jpg 3264w, http:\/\/csapokert.gorogkatolikus.hu\/wp-content\/uploads\/2016\/03\/DSCN05961-300x225.jpg 300w, http:\/\/csapokert.gorogkatolikus.hu\/wp-content\/uploads\/2016\/03\/DSCN05961-1024x768.jpg 1024w, http:\/\/csapokert.gorogkatolikus.hu\/wp-content\/uploads\/2016\/03\/DSCN05961-634x475.jpg 634w, http:\/\/csapokert.gorogkatolikus.hu\/wp-content\/uploads\/2016\/03\/DSCN05961-924x693.jpg 924w\" sizes=\"(max-width: 2285px) 100vw, 2285px\" \/><\/a><\/b><\/p>\n","protected":false},"excerpt":{"rendered":"<p>A Debrecen-Csap\u00f3kerti G\u00f6r\u00f6gkatolikus Egyh\u00e1zk\u00f6zs\u00e9g szeretettel megh\u00edvja \u00d6nt templomunk ikonoszt\u00e1zion\u00e1nak szentel\u00e9si \u00fcnnep\u00e9re. Az ikonoszt\u00e1zion-szentel\u00e9st F\u0151tisztelend\u0151 Kocsis F\u00fcl\u00f6p atya, a Hajd\u00fadorogi F\u0151egyh\u00e1zmegye \u00e9rsek-metropolit\u00e1ja v\u00e9gzi 2016 \u00e1prilis 9-\u00e9n szombaton, a 10.00-kor kezd\u0151d\u0151 Szent Liturgi\u00e1ban.<\/p>\n","protected":false},"author":3,"featured_media":0,"comment_status":"closed","ping_status":"closed","sticky":false,"template":"","format":"standard","meta":{"ngg_post_thumbnail":0},"categories":[1],"tags":[],"_links":{"self":[{"href":"http:\/\/csapokert.gorogkatolikus.hu\/index.php?rest_route=\/wp\/v2\/posts\/1018"}],"collection":[{"href":"http:\/\/csapokert.gorogkatolikus.hu\/index.php?rest_route=\/wp\/v2\/posts"}],"about":[{"href":"http:\/\/csapokert.gorogkatolikus.hu\/index.php?rest_route=\/wp\/v2\/types\/post"}],"author":[{"embeddable":true,"href":"http:\/\/csapokert.gorogkatolikus.hu\/index.php?rest_route=\/wp\/v2\/users\/3"}],"replies":[{"embeddable":true,"href":"http:\/\/csapokert.gorogkatolikus.hu\/index.php?rest_route=%2Fwp%2Fv2%2Fcomments&post=1018"}],"version-history":[{"count":6,"href":"http:\/\/csapokert.gorogkatolikus.hu\/index.php?rest_route=\/wp\/v2\/posts\/1018\/revisions"}],"predecessor-version":[{"id":1193,"href":"http:\/\/csapokert.gorogkatolikus.hu\/index.php?rest_route=\/wp\/v2\/posts\/1018\/revisions\/1193"}],"wp:attachment":[{"href":"http:\/\/csapokert.gorogkatolikus.hu\/index.php?rest_route=%2Fwp%2Fv2%2Fmedia&parent=1018"}],"wp:term":[{"taxonomy":"category","embeddable":true,"href":"http:\/\/csapokert.gorogkatolikus.hu\/index.php?rest_route=%2Fwp%2Fv2%2Fcategories&post=1018"},{"taxonomy":"post_tag","embeddable":true,"href":"http:\/\/csapokert.gorogkatolikus.hu\/index.php?rest_route=%2Fwp%2Fv2%2Ftags&post=1018"}],"curies":[{"name":"wp","href":"https:\/\/api.w.org\/{rel}","templated":true}]}}