{"id":1032,"date":"2016-04-15T14:49:29","date_gmt":"2016-04-15T14:49:29","guid":{"rendered":"http:\/\/csapokert.gorogkatolikus.hu\/?p=1032"},"modified":"2016-12-12T10:28:31","modified_gmt":"2016-12-12T10:28:31","slug":"ikonosztazion-szenteles-templomunkban","status":"publish","type":"post","link":"http:\/\/csapokert.gorogkatolikus.hu\/?p=1032","title":{"rendered":"Ikonoszt\u00e1zionszentel\u00e9s templomunkban"},"content":{"rendered":"<div id=\"kontener\">\n<div class=\"tartalom\">\n<div class=\"cikk_szoveg\">\n<p>&nbsp;<\/p>\n<blockquote><p>A <a href=\"http:\/\/csapokert.gorogkatolikus.hu\/wp-content\/uploads\/2016\/05\/IMG_0512.jpg\"><img decoding=\"async\" loading=\"lazy\" class=\"alignleft wp-image-1033 size-thumbnail\" src=\"http:\/\/csapokert.gorogkatolikus.hu\/wp-content\/uploads\/2016\/05\/IMG_0512-150x150.jpg\" alt=\"IMG_0512\" width=\"150\" height=\"150\" \/>\u201eSz\u00e9p ez a templom, sz\u00e9pen \u00e9nekelnek a h\u00edvek is. De nem hi\u00e1nyzik innen valami? Nem kellene befejezni ezt az ikonoszt\u00e1ziont?\u201d \u2013 tette fel a k\u00e9rd\u00e9st Kocsis F\u00fcl\u00f6p \u00e9rsek atya h\u00e1rom \u00e9vvel ezel\u0151tt Szarka Gergely par\u00f3kusnak. Akkor ugyanis m\u00e9g csak a n\u00e9gy f\u0151 k\u00e9p volt k\u00e9szen. A<\/a>Csap\u00f3kerti k\u00f6z\u00f6ss\u00e9g akkor m\u00e9g nem sejtette, hogy ez a v\u00e1gyuk ilyen hamar teljes\u00fclni fog.<\/p><\/blockquote>\n<p><a href=\"http:\/\/csapokert.gorogkatolikus.hu\/wp-content\/uploads\/2016\/05\/IMG_0555.jpg\"><br \/>\n<\/a><a href=\"http:\/\/csapokert.gorogkatolikus.hu\/wp-content\/uploads\/2016\/05\/IMG_0556.jpg\"><br \/>\n<\/a><a href=\"http:\/\/csapokert.gorogkatolikus.hu\/wp-content\/uploads\/2016\/05\/IMG_0565.jpg\"><br \/>\n<\/a>A teljes k\u00e9pfal Gergely J\u00f3zsef tan\u00e1r \u00far, farag\u00f3mester \u00e9s Monostori Vikt\u00f3ria m\u0171v\u00e9szn\u0151 alkot\u00e1sa. Id\u0151t \u00e9s energi\u00e1t nem k\u00edm\u00e9lve fejezt\u00e9k be a k\u00e9peket \u00e9s az azokat tart\u00f3 \u00e1llv\u00e1nyzatot.<\/p>\n<p>Az \u00dar 2016. esztendej\u00e9ben, \u00e1prilis 9-\u00e9n szentelte fel Kocsis F\u00fcl\u00f6p \u00e9rsek-metropolita az ikonoszt\u00e1ziont. Igehirdet\u00e9s\u00e9ben a szentek nagy csal\u00e1dj\u00e1r\u00f3l besz\u00e9lt.<\/p>\n<p>\u201eJ\u00e9zussal, J\u00e9zust\u00f3l indul minden \u2013 kezdte besz\u00e9d\u00e9t. Ak\u00e1rcsak az apostolok, mi is tal\u00e1lkozhatunk J\u00e9zussal, \u00e9l\u0151 kapcsolatunk lehet vele, mi is tan\u00fas\u00e1got tehet\u00fcnk, hogy mit jelent sz\u00e1munkra J\u00e9zus. Mi is apostolokk\u00e1 v\u00e1lhatunk, t\u00f6bbet mondok: mi is v\u00e9rtan\u00fakk\u00e1 v\u00e1lhatunk, m\u00e9g t\u00f6bbet mondok: szentekk\u00e9 v\u00e1lhatunk, ha az \u0151 t\u00f6rt\u00e9net\u00fcket tov\u00e1bb \u00edrjuk, ha a magunk t\u00f6rt\u00e9net\u00e9vel kieg\u00e9sz\u00edtj\u00fck, tov\u00e1bbvissz\u00fck.. Ennek a t\u00f6rt\u00e9netnek mi is r\u00e9szei vagyunk.\u201d \u2013 mondta Kocsis F\u00fcl\u00f6p \u00e9rsek atya. \u201eAz\u00e9rt is fontos err\u0151l besz\u00e9lni itt a Csap\u00f3kerti templomban, mert ezek a szentek, akikr\u0151l besz\u00e9l\u00fcnk, akikr\u0151l az evang\u00e9liumban olvasunk, ma \u00e9s m\u00e1t\u00f3l l\u00e1that\u00f3v\u00e1 v\u00e1ltak sz\u00e1munkra, k\u00f6zel k\u00e9tsz\u00e1z alak l\u00e1that\u00f3 ezen az ikonoszt\u00e1zon. \u00c1br\u00e1zolj\u00e1k sz\u00e1munkra, hogy Isten a magass\u00e1gbeli tr\u00f3non nem egyed\u00fcl \u00fccs\u00f6r\u00f6g, hanem k\u00f6rbeveszik rokonai, \u00e9desanyja, k\u00f6vet\u0151i\u2026 egy nagy csal\u00e1dot alkotva t\u00f6ltik be az Isten orsz\u00e1g\u00e1t. Ez a t\u00f6rt\u00e9net folytat\u00f3dik, ennek mi is szerepl\u0151i vagyunk.\u201d- hangoztatta a metropolita. \u201eKicsi a val\u00f3sz\u00edn\u0171s\u00e9ge, hogy valamelyik\u00fcnkr\u0151l ikon k\u00e9sz\u00fclj\u00f6n s az f\u00f6lker\u00fclj\u00f6n az ikonoszt\u00e1zionra. De nem is oda, hanem az Isten orsz\u00e1g\u00e1ba t\u00f6reksz\u00fcnk. Ez a k\u00e9pfal azt is megmutatja, milyen gazdag az Isten orsz\u00e1ga, milyen gy\u00f6ny\u00f6r\u0171 az Isten csal\u00e1dja. Ezzel a szeml\u00e9lettel kell n\u00e9zni az egyh\u00e1zunkat, az ikonoszt\u00e1zt, a templomot, a k\u00f6z\u00f6ss\u00e9get. Ennek a szeml\u00e9letnek ma sokkal nagyobb szerep jut, mint eddig gondoltuk. Ma, amikor megpr\u00f3b\u00e1lj\u00e1k a csal\u00e1dot t\u00e1madni, a f\u00e9rfi \u00e9s a n\u0151 csod\u00e1latos kapcsolat\u00e1t nevets\u00e9gess\u00e9 tenni, amikor bele akarnak sz\u00f3lni a gyermekek nevel\u00e9s\u00e9be, amikor tudatosan sz\u00e9t akarj\u00e1k verni a h\u00e1zass\u00e1gokat, akkor nek\u00fcnk tan\u00fas\u00e1got kell tenni, hogy milyen fontos a csal\u00e1d. Nem m\u00e1s, mint az Isten csal\u00e1dj\u00e1nak a f\u00f6ldi m\u00e1sa.\u201d<\/p>\n<p>Kocsis F\u00fcl\u00f6p v\u00e9gezet\u00fcl \u00fagy fogalmazott: boldogok a csap\u00f3kertiek, akik m\u00e1t\u00f3l fogva ezt m\u00e1r l\u00e1thatj\u00e1k. El\u0151tt\u00fck a k\u00e9p, hogy hov\u00e1 is h\u00edv minket az Isten. Eml\u00e9keztessen minket, hogy milyen nagy csal\u00e1dba tartozunk! Adjon b\u00e1tors\u00e1got arra, hogy ha kell, akkor err\u0151l tan\u00fas\u00e1got tegy\u00fcnk!.\u201d<\/p>\n<p>A Szent Liturgia ut\u00e1ni hosszas k\u00f6z\u00f6s egy\u00fcttl\u00e9t, mintegy igazolni l\u00e1tszott, hogy a csap\u00f3kertiek \u00e9s a hozz\u00e1juk \u00e9rkezett vend\u00e9gek \u2013 sok-sok gyermekkel \u00e9s fiatallal \u2013 val\u00f3ban egy nagy csal\u00e1dot alkotnak. Tan\u00fas\u00e1gt\u00e9tel volt ez a nap, ez az \u00fcnnep, ez a nagy k\u00f6z\u00f6s im\u00e1ds\u00e1g.<\/p>\n<p><em>Hajd\u00fadorogi F\u0151egyh\u00e1zmegye<\/em><br \/>\n<em>\u00a0<\/em><\/p>\n<p><a href=\"http:\/\/csapokert.gorogkatolikus.hu\/wp-content\/uploads\/2016\/05\/IMG_0650.jpg\"><img decoding=\"async\" loading=\"lazy\" class=\"alignleft wp-image-1042 size-thumbnail\" src=\"http:\/\/csapokert.gorogkatolikus.hu\/wp-content\/uploads\/2016\/05\/IMG_0650-150x150.jpg\" alt=\"IMG_0650\" width=\"150\" height=\"150\" \/><\/a> <a href=\"http:\/\/csapokert.gorogkatolikus.hu\/wp-content\/uploads\/2016\/05\/IMG_0612.jpg\"><img decoding=\"async\" loading=\"lazy\" class=\"alignleft wp-image-1041 size-thumbnail\" src=\"http:\/\/csapokert.gorogkatolikus.hu\/wp-content\/uploads\/2016\/05\/IMG_0612-150x150.jpg\" alt=\"IMG_0612\" width=\"150\" height=\"150\" \/><\/a> <a href=\"http:\/\/csapokert.gorogkatolikus.hu\/wp-content\/uploads\/2016\/05\/IMG_0594.jpg\"><img decoding=\"async\" loading=\"lazy\" class=\"alignleft wp-image-1040 size-thumbnail\" src=\"http:\/\/csapokert.gorogkatolikus.hu\/wp-content\/uploads\/2016\/05\/IMG_0594-150x150.jpg\" alt=\"IMG_0594\" width=\"150\" height=\"150\" \/><\/a> <a href=\"http:\/\/csapokert.gorogkatolikus.hu\/wp-content\/uploads\/2016\/05\/IMG_0577.jpg\"><img decoding=\"async\" loading=\"lazy\" class=\"alignleft wp-image-1039 size-thumbnail\" src=\"http:\/\/csapokert.gorogkatolikus.hu\/wp-content\/uploads\/2016\/05\/IMG_0577-150x150.jpg\" alt=\"IMG_0577\" width=\"150\" height=\"150\" \/><\/a> <a href=\"http:\/\/csapokert.gorogkatolikus.hu\/wp-content\/uploads\/2016\/05\/IMG_0576.jpg\"><img decoding=\"async\" loading=\"lazy\" class=\"alignleft wp-image-1038 size-thumbnail\" src=\"http:\/\/csapokert.gorogkatolikus.hu\/wp-content\/uploads\/2016\/05\/IMG_0576-150x150.jpg\" alt=\"IMG_0576\" width=\"150\" height=\"150\" \/><\/a> <a href=\"http:\/\/csapokert.gorogkatolikus.hu\/wp-content\/uploads\/2016\/05\/IMG_0565.jpg\"><img decoding=\"async\" loading=\"lazy\" class=\"alignleft wp-image-1037 size-thumbnail\" src=\"http:\/\/csapokert.gorogkatolikus.hu\/wp-content\/uploads\/2016\/05\/IMG_0565-150x150.jpg\" alt=\"IMG_0565\" width=\"150\" height=\"150\" \/><\/a> <a href=\"http:\/\/csapokert.gorogkatolikus.hu\/wp-content\/uploads\/2016\/05\/IMG_0555.jpg\"><img decoding=\"async\" loading=\"lazy\" class=\"alignleft wp-image-1035 size-thumbnail\" src=\"http:\/\/csapokert.gorogkatolikus.hu\/wp-content\/uploads\/2016\/05\/IMG_0555-150x150.jpg\" alt=\"IMG_0555\" width=\"150\" height=\"150\" \/><\/a> <a href=\"http:\/\/csapokert.gorogkatolikus.hu\/wp-content\/uploads\/2016\/05\/IMG_0550.jpg\"><img decoding=\"async\" loading=\"lazy\" class=\"alignleft size-full wp-image-1034\" src=\"http:\/\/csapokert.gorogkatolikus.hu\/wp-content\/uploads\/2016\/05\/IMG_0550.jpg\" alt=\"IMG_0550\" width=\"342\" height=\"512\" srcset=\"http:\/\/csapokert.gorogkatolikus.hu\/wp-content\/uploads\/2016\/05\/IMG_0550.jpg 342w, http:\/\/csapokert.gorogkatolikus.hu\/wp-content\/uploads\/2016\/05\/IMG_0550-200x300.jpg 200w\" sizes=\"(max-width: 342px) 100vw, 342px\" \/><\/a><\/p>\n<\/div>\n<\/div>\n<\/div>\n<p>&nbsp;<\/p>\n","protected":false},"excerpt":{"rendered":"<p>&nbsp; A \u201eSz\u00e9p ez a templom, sz\u00e9pen \u00e9nekelnek a h\u00edvek is. De nem hi\u00e1nyzik innen valami? Nem kellene befejezni ezt az ikonoszt\u00e1ziont?\u201d \u2013 tette fel a k\u00e9rd\u00e9st Kocsis F\u00fcl\u00f6p \u00e9rsek atya h\u00e1rom \u00e9vvel ezel\u0151tt Szarka Gergely par\u00f3kusnak. Akkor ugyanis m\u00e9g csak a n\u00e9gy f\u0151 k\u00e9p volt k\u00e9szen. ACsap\u00f3kerti k\u00f6z\u00f6ss\u00e9g akkor m\u00e9g nem sejtette, hogy ez [&hellip;]<\/p>\n","protected":false},"author":3,"featured_media":0,"comment_status":"closed","ping_status":"closed","sticky":false,"template":"","format":"standard","meta":{"ngg_post_thumbnail":0},"categories":[1],"tags":[],"_links":{"self":[{"href":"http:\/\/csapokert.gorogkatolikus.hu\/index.php?rest_route=\/wp\/v2\/posts\/1032"}],"collection":[{"href":"http:\/\/csapokert.gorogkatolikus.hu\/index.php?rest_route=\/wp\/v2\/posts"}],"about":[{"href":"http:\/\/csapokert.gorogkatolikus.hu\/index.php?rest_route=\/wp\/v2\/types\/post"}],"author":[{"embeddable":true,"href":"http:\/\/csapokert.gorogkatolikus.hu\/index.php?rest_route=\/wp\/v2\/users\/3"}],"replies":[{"embeddable":true,"href":"http:\/\/csapokert.gorogkatolikus.hu\/index.php?rest_route=%2Fwp%2Fv2%2Fcomments&post=1032"}],"version-history":[{"count":2,"href":"http:\/\/csapokert.gorogkatolikus.hu\/index.php?rest_route=\/wp\/v2\/posts\/1032\/revisions"}],"predecessor-version":[{"id":1192,"href":"http:\/\/csapokert.gorogkatolikus.hu\/index.php?rest_route=\/wp\/v2\/posts\/1032\/revisions\/1192"}],"wp:attachment":[{"href":"http:\/\/csapokert.gorogkatolikus.hu\/index.php?rest_route=%2Fwp%2Fv2%2Fmedia&parent=1032"}],"wp:term":[{"taxonomy":"category","embeddable":true,"href":"http:\/\/csapokert.gorogkatolikus.hu\/index.php?rest_route=%2Fwp%2Fv2%2Fcategories&post=1032"},{"taxonomy":"post_tag","embeddable":true,"href":"http:\/\/csapokert.gorogkatolikus.hu\/index.php?rest_route=%2Fwp%2Fv2%2Ftags&post=1032"}],"curies":[{"name":"wp","href":"https:\/\/api.w.org\/{rel}","templated":true}]}}