{"id":1045,"date":"2016-06-19T21:47:08","date_gmt":"2016-06-19T21:47:08","guid":{"rendered":"http:\/\/csapokert.gorogkatolikus.hu\/?p=1045"},"modified":"2016-06-19T21:47:08","modified_gmt":"2016-06-19T21:47:08","slug":"2016-06-26-11-ora-templombucsu","status":"publish","type":"post","link":"http:\/\/csapokert.gorogkatolikus.hu\/?p=1045","title":{"rendered":"2016.06.26.  11 \u00f3ra Templomb\u00facs\u00fa"},"content":{"rendered":"<p>&nbsp;<\/p>\n<p>Szeretettel h\u00edvunk \u00e9s v\u00e1runk mindenkit egyh\u00e1zk\u00f6zs\u00e9g\u00fcnk templomb\u00facs\u00fa \u00fcnnep\u00e9re. \u00a0 \u00a0 \u00a0 \u00a0 \u00a0 \u00a0 \u00a0 \u00a0 \u00a0 \u00a0 \u00a0 \u00a0 \u00a0 \u00a0 \u00a0 \u00a0 \u00a0 \u00a0 \u00a0 \u00a0 A\u00a0S<a href=\"http:\/\/csapokert.gorogkatolikus.hu\/wp-content\/uploads\/2016\/06\/DSC06492.jpg\"><img decoding=\"async\" loading=\"lazy\" class=\"size-thumbnail wp-image-1047 alignleft\" src=\"http:\/\/csapokert.gorogkatolikus.hu\/wp-content\/uploads\/2016\/06\/DSC06492-150x150.jpg\" alt=\"DSC06492\" width=\"150\" height=\"150\" \/><\/a>zent Liturgia J\u00fanius 26-\u00e1n 11 \u00f3rakkor kezd\u0151dik, a b\u00facs\u00fai sz\u00f3nok Ft. Moldv\u00e1n Tibor sziksz\u00f3i par\u00f3kus<\/p>\n<p>&nbsp;<\/p>\n","protected":false},"excerpt":{"rendered":"<p>&nbsp; Szeretettel h\u00edvunk \u00e9s v\u00e1runk mindenkit egyh\u00e1zk\u00f6zs\u00e9g\u00fcnk templomb\u00facs\u00fa \u00fcnnep\u00e9re. \u00a0 \u00a0 \u00a0 \u00a0 \u00a0 \u00a0 \u00a0 \u00a0 \u00a0 \u00a0 \u00a0 \u00a0 \u00a0 \u00a0 \u00a0 \u00a0 \u00a0 \u00a0 \u00a0 \u00a0 A\u00a0Szent Liturgia J\u00fanius 26-\u00e1n 11 \u00f3rakkor kezd\u0151dik, a b\u00facs\u00fai sz\u00f3nok Ft. Moldv\u00e1n Tibor sziksz\u00f3i par\u00f3kus &nbsp;<\/p>\n","protected":false},"author":3,"featured_media":0,"comment_status":"closed","ping_status":"closed","sticky":false,"template":"","format":"standard","meta":{"ngg_post_thumbnail":0},"categories":[1],"tags":[],"_links":{"self":[{"href":"http:\/\/csapokert.gorogkatolikus.hu\/index.php?rest_route=\/wp\/v2\/posts\/1045"}],"collection":[{"href":"http:\/\/csapokert.gorogkatolikus.hu\/index.php?rest_route=\/wp\/v2\/posts"}],"about":[{"href":"http:\/\/csapokert.gorogkatolikus.hu\/index.php?rest_route=\/wp\/v2\/types\/post"}],"author":[{"embeddable":true,"href":"http:\/\/csapokert.gorogkatolikus.hu\/index.php?rest_route=\/wp\/v2\/users\/3"}],"replies":[{"embeddable":true,"href":"http:\/\/csapokert.gorogkatolikus.hu\/index.php?rest_route=%2Fwp%2Fv2%2Fcomments&post=1045"}],"version-history":[{"count":2,"href":"http:\/\/csapokert.gorogkatolikus.hu\/index.php?rest_route=\/wp\/v2\/posts\/1045\/revisions"}],"predecessor-version":[{"id":1048,"href":"http:\/\/csapokert.gorogkatolikus.hu\/index.php?rest_route=\/wp\/v2\/posts\/1045\/revisions\/1048"}],"wp:attachment":[{"href":"http:\/\/csapokert.gorogkatolikus.hu\/index.php?rest_route=%2Fwp%2Fv2%2Fmedia&parent=1045"}],"wp:term":[{"taxonomy":"category","embeddable":true,"href":"http:\/\/csapokert.gorogkatolikus.hu\/index.php?rest_route=%2Fwp%2Fv2%2Fcategories&post=1045"},{"taxonomy":"post_tag","embeddable":true,"href":"http:\/\/csapokert.gorogkatolikus.hu\/index.php?rest_route=%2Fwp%2Fv2%2Ftags&post=1045"}],"curies":[{"name":"wp","href":"https:\/\/api.w.org\/{rel}","templated":true}]}}