{"id":1095,"date":"2016-08-11T12:19:13","date_gmt":"2016-08-11T12:19:13","guid":{"rendered":"http:\/\/csapokert.gorogkatolikus.hu\/?p=1095"},"modified":"2016-08-11T12:19:36","modified_gmt":"2016-08-11T12:19:36","slug":"hitoktatoi-allas","status":"publish","type":"post","link":"http:\/\/csapokert.gorogkatolikus.hu\/?p=1095","title":{"rendered":"Hitoktat\u00f3i \u00e1ll\u00e1s!"},"content":{"rendered":"<p>A Hajd\u00fadorogi F\u0151egyh\u00e1zmegye a Debrecen-Csap\u00f3kerti G\u00f6r\u00f6gkatolikus Par\u00f3ki\u00e1n 2016. szeptember 1-t\u0151l r\u00e9szmunkaid\u0151ben hitoktat\u00f3i \u00e1ll\u00e1st hirdet. A szakmai \u00f6n\u00e9letrajzot is tartalmaz\u00f3 jelentkez\u00e9st a F\u0151egyh\u00e1zmegye Hitoktat\u00e1si Irod\u00e1j\u00e1ba v\u00e1rjuk (levelez\u00e9si c\u00edm: 4002 Debrecen, Pf. 113.) augusztus 22-ig.<\/p>\n<p>A feladatokkal kapcsolatban Dr. Szarka Gergely par\u00f3kus aty\u00e1n\u00e1l lehet \u00e9rdekl\u0151dni a 30-55-99-672-es telefonsz\u00e1mon.<\/p>\n<p>&nbsp;<\/p>\n","protected":false},"excerpt":{"rendered":"<p>A Hajd\u00fadorogi F\u0151egyh\u00e1zmegye a Debrecen-Csap\u00f3kerti G\u00f6r\u00f6gkatolikus Par\u00f3ki\u00e1n 2016. szeptember 1-t\u0151l r\u00e9szmunkaid\u0151ben hitoktat\u00f3i \u00e1ll\u00e1st hirdet. A szakmai \u00f6n\u00e9letrajzot is tartalmaz\u00f3 jelentkez\u00e9st a F\u0151egyh\u00e1zmegye Hitoktat\u00e1si Irod\u00e1j\u00e1ba v\u00e1rjuk (levelez\u00e9si c\u00edm: 4002 Debrecen, Pf. 113.) augusztus 22-ig. A feladatokkal kapcsolatban Dr. Szarka Gergely par\u00f3kus aty\u00e1n\u00e1l lehet \u00e9rdekl\u0151dni a 30-55-99-672-es telefonsz\u00e1mon. &nbsp;<\/p>\n","protected":false},"author":3,"featured_media":0,"comment_status":"closed","ping_status":"closed","sticky":false,"template":"","format":"standard","meta":{"ngg_post_thumbnail":0},"categories":[1],"tags":[],"_links":{"self":[{"href":"http:\/\/csapokert.gorogkatolikus.hu\/index.php?rest_route=\/wp\/v2\/posts\/1095"}],"collection":[{"href":"http:\/\/csapokert.gorogkatolikus.hu\/index.php?rest_route=\/wp\/v2\/posts"}],"about":[{"href":"http:\/\/csapokert.gorogkatolikus.hu\/index.php?rest_route=\/wp\/v2\/types\/post"}],"author":[{"embeddable":true,"href":"http:\/\/csapokert.gorogkatolikus.hu\/index.php?rest_route=\/wp\/v2\/users\/3"}],"replies":[{"embeddable":true,"href":"http:\/\/csapokert.gorogkatolikus.hu\/index.php?rest_route=%2Fwp%2Fv2%2Fcomments&post=1095"}],"version-history":[{"count":2,"href":"http:\/\/csapokert.gorogkatolikus.hu\/index.php?rest_route=\/wp\/v2\/posts\/1095\/revisions"}],"predecessor-version":[{"id":1097,"href":"http:\/\/csapokert.gorogkatolikus.hu\/index.php?rest_route=\/wp\/v2\/posts\/1095\/revisions\/1097"}],"wp:attachment":[{"href":"http:\/\/csapokert.gorogkatolikus.hu\/index.php?rest_route=%2Fwp%2Fv2%2Fmedia&parent=1095"}],"wp:term":[{"taxonomy":"category","embeddable":true,"href":"http:\/\/csapokert.gorogkatolikus.hu\/index.php?rest_route=%2Fwp%2Fv2%2Fcategories&post=1095"},{"taxonomy":"post_tag","embeddable":true,"href":"http:\/\/csapokert.gorogkatolikus.hu\/index.php?rest_route=%2Fwp%2Fv2%2Ftags&post=1095"}],"curies":[{"name":"wp","href":"https:\/\/api.w.org\/{rel}","templated":true}]}}