{"id":1100,"date":"2016-11-17T20:15:57","date_gmt":"2016-11-17T20:15:57","guid":{"rendered":"http:\/\/csapokert.gorogkatolikus.hu\/?p=1100"},"modified":"2017-06-19T06:44:46","modified_gmt":"2017-06-19T06:44:46","slug":"a-balt-eltancoltuk-a-bojtre-felkeszultunk","status":"publish","type":"post","link":"http:\/\/csapokert.gorogkatolikus.hu\/?p=1100","title":{"rendered":"A b\u00e1lt elt\u00e1ncoltuk, a b\u00f6jtre felk\u00e9sz\u00fclt\u00fcnk!"},"content":{"rendered":"<p>&nbsp;<\/p>\n<p><a href=\"http:\/\/csapokert.gorogkatolikus.hu\/wp-content\/uploads\/2016\/11\/DSCN0985.jpg\"><img decoding=\"async\" loading=\"lazy\" class=\"alignleft size-thumbnail wp-image-1101\" src=\"http:\/\/csapokert.gorogkatolikus.hu\/wp-content\/uploads\/2016\/11\/DSCN0985-150x150.jpg\" alt=\"dscn0985\" width=\"150\" height=\"150\" \/><\/a><\/p>\n<p>N&#233;h&#225;ny &#233;v kihagy&#225;s ut&#225;n, a szervez\u0151k lelkesed&#233;se &#250;jra &#233;letre h&#237;vta a Csap&#243;kerti egyh&#225;zk&#246;zs&#233;g sz&#252;reti b&#225;lj&#225;t. A helysz&#237;n a Svetits Gimn&#225;zium tornaterme volt. Az id\u0151sebbek k&#246;z&#246;tt volt\/ van egy k&#246;zmond&#225;s: Ha j&#246;szt&#246;k lesztek, ha hoztok, esztek! Ez jellemezte a mi b&#225;lunkat is! Aki jelenl&#233;t&#233;vel megtisztelte a k&#246;z&#246;ss&#233;g tagjait, a j&#243; sz&#243;rakoz&#225;sb&#243;l nem maradt ki.<\/p>\n<\/p>\n<p>&#201;rt&#233;kes, &#233;rdekes besz&#233;lget&#233;sek, ill. egy-egy koccint&#225;s a rend kedv&#233;&#233;rt. A t&#225;nc &#233;s a muzsika mellett, k&#233;t elrejtett dr&#225;gak\u0151 is csillogott a b&#225;l est&#233;ly&#233;n, egy klasszikus heged\u0171j&#225;t&#233;k, &#233;s egy kis &#237;zel&#237;t\u0151 a magyar folkl&#243;rb&#243;l (&#233;nek &#233;s t&#225;nc). K&#246;sz&#246;nj&#252;k, ezeket a gy&#246;ngyszemeket.<\/p>\n<p>A k&#246;vetkez\u0151 k&#246;sz&#246;net, mindazoknak sz&#243;l, akik az &#233;rt&#233;kes tombola felaj&#225;nl&#225;sokat tett&#233;k. Ki ne szeretne egy vid&#225;m b&#225;l ut&#225;n egy kis aj&#225;nd&#233;kkal hazat&#233;rni.<\/p>\n<p>A harmadik k&#246;sz&#246;net pedig azoknak sz&#243;l, akik be &#233;s kipakolt&#225;k a termet, ezzel is seg&#237;tve a n\u0151v&#233;rek, &#233;s az iskola munk&#225;j&#225;t!<\/p>\n<p>Ezekkel a pozit&#237;v gondolatokkal k&#233;sz&#252;l&#252;nk mostant&#243;l a b&#246;jti fut&#225;sra, hogy t&#233;rden &#225;llva h&#243;doljunk az &#233;g &#233;s f&#246;ld kisded kir&#225;ly&#225;nak!<\/p>\n<\/p>\n<p>T&#243;thbegyi Zsolt<\/p><\/p>\n","protected":false},"excerpt":{"rendered":"<p>&nbsp; N&#233;h&#225;ny &#233;v kihagy&#225;s ut&#225;n, a szervez\u0151k lelkesed&#233;se &#250;jra &#233;letre h&#237;vta a Csap&#243;kerti egyh&#225;zk&#246;zs&#233;g sz&#252;reti b&#225;lj&#225;t. A helysz&#237;n a Svetits Gimn&#225;zium tornaterme volt. Az id\u0151sebbek k&#246;z&#246;tt volt\/ van egy k&#246;zmond&#225;s: Ha j&#246;szt&#246;k lesztek, ha hoztok, esztek! Ez jellemezte a mi b&#225;lunkat is! Aki jelenl&#233;t&#233;vel megtisztelte a k&#246;z&#246;ss&#233;g tagjait, a j&#243; sz&#243;rakoz&#225;sb&#243;l nem maradt ki. &#201;rt&#233;kes, [&hellip;]<\/p>\n","protected":false},"author":3,"featured_media":0,"comment_status":"closed","ping_status":"closed","sticky":false,"template":"","format":"standard","meta":{"ngg_post_thumbnail":0},"categories":[1],"tags":[],"_links":{"self":[{"href":"http:\/\/csapokert.gorogkatolikus.hu\/index.php?rest_route=\/wp\/v2\/posts\/1100"}],"collection":[{"href":"http:\/\/csapokert.gorogkatolikus.hu\/index.php?rest_route=\/wp\/v2\/posts"}],"about":[{"href":"http:\/\/csapokert.gorogkatolikus.hu\/index.php?rest_route=\/wp\/v2\/types\/post"}],"author":[{"embeddable":true,"href":"http:\/\/csapokert.gorogkatolikus.hu\/index.php?rest_route=\/wp\/v2\/users\/3"}],"replies":[{"embeddable":true,"href":"http:\/\/csapokert.gorogkatolikus.hu\/index.php?rest_route=%2Fwp%2Fv2%2Fcomments&post=1100"}],"version-history":[{"count":3,"href":"http:\/\/csapokert.gorogkatolikus.hu\/index.php?rest_route=\/wp\/v2\/posts\/1100\/revisions"}],"predecessor-version":[{"id":1940,"href":"http:\/\/csapokert.gorogkatolikus.hu\/index.php?rest_route=\/wp\/v2\/posts\/1100\/revisions\/1940"}],"wp:attachment":[{"href":"http:\/\/csapokert.gorogkatolikus.hu\/index.php?rest_route=%2Fwp%2Fv2%2Fmedia&parent=1100"}],"wp:term":[{"taxonomy":"category","embeddable":true,"href":"http:\/\/csapokert.gorogkatolikus.hu\/index.php?rest_route=%2Fwp%2Fv2%2Fcategories&post=1100"},{"taxonomy":"post_tag","embeddable":true,"href":"http:\/\/csapokert.gorogkatolikus.hu\/index.php?rest_route=%2Fwp%2Fv2%2Ftags&post=1100"}],"curies":[{"name":"wp","href":"https:\/\/api.w.org\/{rel}","templated":true}]}}