{"id":1151,"date":"2016-11-26T14:32:19","date_gmt":"2016-11-26T14:32:19","guid":{"rendered":"http:\/\/csapokert.gorogkatolikus.hu\/?p=1151"},"modified":"2016-11-26T14:32:34","modified_gmt":"2016-11-26T14:32:34","slug":"megbocsatas-napja-margojara","status":"publish","type":"post","link":"http:\/\/csapokert.gorogkatolikus.hu\/?p=1151","title":{"rendered":"Megbocs\u00e1t\u00e1s napja marg\u00f3j\u00e1ra"},"content":{"rendered":"<p><a href=\"http:\/\/csapokert.gorogkatolikus.hu\/wp-content\/uploads\/2016\/11\/megbocs\u00e1t\u00e1s-nap.jpg\"><img decoding=\"async\" loading=\"lazy\" class=\"size-thumbnail wp-image-1153 alignleft\" src=\"http:\/\/csapokert.gorogkatolikus.hu\/wp-content\/uploads\/2016\/11\/megbocs\u00e1t\u00e1s-nap-150x150.jpg\" alt=\"megbocsatas-nap\" width=\"150\" height=\"150\" \/><\/a><\/p>\n<p>&nbsp;<\/p>\n<p>November 19.-\u00e9n a G\u00f6r\u00f6gkatolikus Metrop\u00f3lia egy teljes napot szentelt a Ferenc p\u00e1pa \u00e1ltal meghirdetett Irgalmass\u00e1g \u00e9v\u00e9nek a lez\u00e1r\u00e1s\u00e1ra. A \u201eMegbocs\u00e1t\u00e1s napja\u201d nevet adt\u00e1k a misszi\u00f3s rendezv\u00e9nynek, \u00e9s t\u00f6bb v\u00e1rosban, azok t\u00f6bb pontj\u00e1n \u00e1lltak rendelkez\u00e9sre aty\u00e1k a gy\u00f3n\u00e1sra, lelki besz\u00e9lget\u00e9sre.<br \/>\n<!--more--><\/p>\n<p>Lehet\u0151s\u00e9g volt ez sz\u00e1momra is elm\u00e9ly\u00edteni saj\u00e1t k\u00e9pemet a megbocs\u00e1t\u00e1sr\u00f3l.<br \/>\nEszembe jutottak napk\u00f6zben sebzetts\u00e9geim ak\u00e1r az \u00e9lett\u0151l, ak\u00e1r m\u00e1sok \u00e1ltal kapottak, \u00e9s az is, hogy milyen nehezen jutottam t\u00fal rajtuk.<br \/>\nId\u0151 kellett, am\u00edg megtanultam az \u00e9rz\u00e9seimet elv\u00e1lasztani az akaratomt\u00f3l, \u00e9s k\u00f6vetni Krisztus tan\u00edt\u00e1s\u00e1t t\u00f6bb mint hetvenszer h\u00e9tszer is. Egy pr\u00e9dik\u00e1ci\u00f3b\u00f3l \u00e9rtettem meg r\u00e9gen, hogy az elenged\u00e9s val\u00f3j\u00e1ban d\u00f6nt\u00e9s \u00e9s id\u0151 k\u00e9rd\u00e9se, hogy megengedhetem magamnak a haragot, \u00e9s j\u00f3 kereszt\u00e9ny maradok &#8211; nem baj, ha az \u00e9rz\u00e9seim k\u00e9s\u0151bb csendesednek csak le. Ez egy folyamat \u00e9s a l\u00e9nyeg a helyes cselekedetekben van.<br \/>\nEgy k\u00f6nyvb\u0151l olvastam, hogy t\u00f6bb nyelven, m\u00f3don is lehet \u00e9s kell bocs\u00e1natot k\u00e9rni \u00e9s fogadni, hiszen a hangs\u00faly a kapcsolaton kell maradjon, \u00e9s nem azon, ami elv\u00e1laszt.<br \/>\nFelismertem, hogy csak egy ide\u00e1lis vil\u00e1gban nem lenne megbocs\u00e1t\u00e1sra sz\u00fcks\u00e9g, \u00e9s jelenlegi zar\u00e1ndok \u00fatj\u00e1t j\u00e1r\u00f3 vil\u00e1gunk sz\u00fcks\u00e9gszer\u0171en tartalmazza a f\u00e1jdalmat. \u00cdgy k\u00f6nnyebben emelkedem fel\u00fcl saj\u00e1t megb\u00e1ntotts\u00e1gomon, \u00e9s l\u00e1tom meg a \u201eb\u00e1nt\u00f3ban\u201d is a megb\u00e1ntottat.<br \/>\nVal\u00f3j\u00e1ban Krisztus megv\u00e1lt\u00e1sa kiengesztel\u0151d\u00e9s az Aty\u00e1val, de a mi engesztel\u00e9s\u00fcnk is, hiszen a szeretet tartotta J\u00e9zust a kereszten, bizony\u00edt\u00e9knak Isten \u00f6nfel\u00e1ldoz\u00e1s\u00e1ra, csak hogy meg\u00e9rts\u00fck, val\u00f3ban mindent megadott \u00e9rt\u00fcnk, \u00e9s nek\u00fcnk csak elfogadni kell megtanulnunk.<\/p>\n<p>A nap v\u00e9g\u00e9re a vecsernye keret\u00e9ben levet\u00edtett hierarch\u00e1k \u00fczenete alatt der\u00fclt ki sz\u00e1momra, hogy b\u00e1r eg\u00e9sz nap m\u00e1sokat igyekeztem besz\u00e9lget\u00e9s \u00e1ltal k\u00f6zelebb seg\u00edteni Istenhez, a gondolataimon kereszt\u00fcl \u0150 v\u00e9gig jelen volt velem.<\/p>\n<p>Isten kegyelem\u00e9vel seg\u00edtett \u00e1ldott felszabadul\u00e1st k\u00edv\u00e1nok a testv\u00e9reknek minden szeretetlens\u00e9g al\u00f3l!<\/p>\n<p>&nbsp;<\/p>\n<p>&nbsp;<\/p>\n<p>Baranyi K\u00e1roly, papn\u00f6vend\u00e9k<\/p>\n","protected":false},"excerpt":{"rendered":"<p>&nbsp; November 19.-\u00e9n a G\u00f6r\u00f6gkatolikus Metrop\u00f3lia egy teljes napot szentelt a Ferenc p\u00e1pa \u00e1ltal meghirdetett Irgalmass\u00e1g \u00e9v\u00e9nek a lez\u00e1r\u00e1s\u00e1ra. A \u201eMegbocs\u00e1t\u00e1s napja\u201d nevet adt\u00e1k a misszi\u00f3s rendezv\u00e9nynek, \u00e9s t\u00f6bb v\u00e1rosban, azok t\u00f6bb pontj\u00e1n \u00e1lltak rendelkez\u00e9sre aty\u00e1k a gy\u00f3n\u00e1sra, lelki besz\u00e9lget\u00e9sre.<\/p>\n","protected":false},"author":3,"featured_media":0,"comment_status":"closed","ping_status":"closed","sticky":false,"template":"","format":"standard","meta":{"ngg_post_thumbnail":0},"categories":[1],"tags":[],"_links":{"self":[{"href":"http:\/\/csapokert.gorogkatolikus.hu\/index.php?rest_route=\/wp\/v2\/posts\/1151"}],"collection":[{"href":"http:\/\/csapokert.gorogkatolikus.hu\/index.php?rest_route=\/wp\/v2\/posts"}],"about":[{"href":"http:\/\/csapokert.gorogkatolikus.hu\/index.php?rest_route=\/wp\/v2\/types\/post"}],"author":[{"embeddable":true,"href":"http:\/\/csapokert.gorogkatolikus.hu\/index.php?rest_route=\/wp\/v2\/users\/3"}],"replies":[{"embeddable":true,"href":"http:\/\/csapokert.gorogkatolikus.hu\/index.php?rest_route=%2Fwp%2Fv2%2Fcomments&post=1151"}],"version-history":[{"count":4,"href":"http:\/\/csapokert.gorogkatolikus.hu\/index.php?rest_route=\/wp\/v2\/posts\/1151\/revisions"}],"predecessor-version":[{"id":1156,"href":"http:\/\/csapokert.gorogkatolikus.hu\/index.php?rest_route=\/wp\/v2\/posts\/1151\/revisions\/1156"}],"wp:attachment":[{"href":"http:\/\/csapokert.gorogkatolikus.hu\/index.php?rest_route=%2Fwp%2Fv2%2Fmedia&parent=1151"}],"wp:term":[{"taxonomy":"category","embeddable":true,"href":"http:\/\/csapokert.gorogkatolikus.hu\/index.php?rest_route=%2Fwp%2Fv2%2Fcategories&post=1151"},{"taxonomy":"post_tag","embeddable":true,"href":"http:\/\/csapokert.gorogkatolikus.hu\/index.php?rest_route=%2Fwp%2Fv2%2Ftags&post=1151"}],"curies":[{"name":"wp","href":"https:\/\/api.w.org\/{rel}","templated":true}]}}