{"id":1160,"date":"2016-12-11T21:50:24","date_gmt":"2016-12-11T21:50:24","guid":{"rendered":"http:\/\/csapokert.gorogkatolikus.hu\/?p=1160"},"modified":"2016-12-12T09:38:27","modified_gmt":"2016-12-12T09:38:27","slug":"karacsonyi-koncert-a-lautitia-kamarakorussal","status":"publish","type":"post","link":"http:\/\/csapokert.gorogkatolikus.hu\/?p=1160","title":{"rendered":"Kar\u00e1csonyi koncert a Lautitia kamarak\u00f3russal"},"content":{"rendered":"<p><a class=\"ngg-fancybox\" title=\" \" href=\"http:\/\/csapokert.gorogkatolikus.hu\/wp-content\/gallery\/Lautitia-2016.12.11\/DSCN1071.JPG\" rel=\"\" data-image-id=\"513\" data-src=\"http:\/\/csapokert.gorogkatolikus.hu\/wp-content\/gallery\/Lautitia-2016.12.11\/DSCN1071.JPG\" data-thumbnail=\"http:\/\/csapokert.gorogkatolikus.hu\/wp-content\/gallery\/Lautitia-2016.12.11\/thumbs\/thumbs_DSCN1071.JPG\" data-title=\"DSCN1071\" data-description=\" \"><img decoding=\"async\" class=\"ngg-singlepic ngg-left alignleft\" src=\"http:\/\/csapokert.gorogkatolikus.hu\/wp-content\/gallery\/Lautitia-2016.12.11\/thumbs\/thumbs_DSCN1071.JPG\" alt=\"DSCN1071\" \/><\/a>\u00a0 Advent \u00f6t\u00f6dik vas\u00e1rnapj\u00e1n ell\u00e1togatott a Lautitia \u00e9nekkar-csal\u00e1d kamarak\u00f3rusa templomunkba. B\u00e1r el\u00e9g magas elv\u00e1r\u00e1sokat fogalmaztunk meg el\u0151zetesen is \u2013 hiszen tudtuk, hogy a k\u00f3rus, ill. a k\u00f3rusok minden kateg\u00f3ri\u00e1ban sz\u00e1mos nemzetk\u00f6zi d\u00edjat nyertek, ak\u00e1r a legmagasabbakat is \u2013 de m\u00e9g ezeket is siker\u00fclt fel\u00fclm\u00falnia Nemes J\u00f3zsef karnagynak \u00e9s k\u00f3rus\u00e1nak.<!--more--><\/p>\n<p>A koncert kezdet\u00e9n n\u00e9h\u00e1ny nagyon sz\u00e9p k\u00f6z\u00e9p- \u00e9s \u00fajkori, t\u00f6bbnyire egyh\u00e1zi ihlet\u00e9s\u0171 m\u0171vet hallgattunk meg \u00e1h\u00edtattal. Hamarosan megsejtett\u00fck viszont, hogy ett\u0151l j\u00f3val \u00e9rdekesebb zenei \u00e9lm\u00e9ny v\u00e1r r\u00e1nk. A zene seg\u00edts\u00e9g\u00e9vel bej\u00e1rtuk Finnorsz\u00e1g \u00e9szaki sarkk\u00f6ri \u00a0vid\u00e9keit, majd ut\u00e1na nyomban D\u00e9l-Afrik\u00e1ban tal\u00e1ltuk magunkat, s m\u00e9g hasonl\u00f3 nagy utat tett\u00fcnk meg n\u00e9h\u00e1nyszor t\u00e9rben \u00e9s id\u0151ben. Fantasztikus volt ismeretlen kult\u00far\u00e1k \u00e9s\u201d sosem l\u00e1tott\u201d n\u00e9pek lelk\u00e9t megismerni azon kereszt\u00fcl, hogy milyen dallamokra ihlette \u0151ket az \u00dar J\u00e9zus sz\u00fclet\u00e9s\u00e9nek \u00fcnnepe.<\/p>\n<p>A csod\u00e1latos ikonoszt\u00e1zzal d\u00edsz\u00edtett templomunkban ilyen m\u0171v\u00e9szi egyh\u00e1zzenei \u00e9lm\u00e9nyben r\u00e9szes\u00fclve meg\u00e9rthett\u00fck Oroszorsz\u00e1g kereszt\u00e9nny\u00e9 v\u00e1l\u00e1s\u00e1nak legend\u00e1j\u00e1t, mely szerint a Biz\u00e1ncb\u00f3l visszat\u00e9r\u0151 k\u00f6vetek \u00fagy jellemezt\u00e9k az ott l\u00e1tott- \u00e9s hallottakat: \u201eNem tudtuk, hogy hol vagyunk, a mennyben-e avagy a F\u00f6ld\u00f6n.\u201d<\/p>\n<p>Azt hiszem, hogy m\u00e9g most is hallgatn\u00e1nk, ha a templomunk b\u00f6jti h\u0151m\u00e9rs\u00e9klete nem figyelmeztetett volna benn\u00fcnket az id\u0151 m\u00fal\u00e1s\u00e1ra. K\u00f6sz\u00f6net mindenkinek ez\u00e9rt a feledhetetlen lelki \u00e9s zenei \u00e9lm\u00e9ny\u00e9rt, amely kiragadott mindannyiunkat a h\u00e9tk\u00f6znapok sokszor szinte k\u00ednz\u00f3 pragmatizmus\u00e1b\u00f3l \u00e9s odaemelte lelk\u00fcnket, ahov\u00e1 tartozik.<\/p>\n<p>&nbsp;<\/p>\n<p><!-- index.php -->\n<div\n\tclass=\"ngg-galleryoverview ngg-ajax-pagination-none\"\n\tid=\"ngg-gallery-1187-1\">\n\n    \t<div class=\"slideshowlink\">\n        <a href='http:\/\/csapokert.gorogkatolikus.hu\/index.php\/nggallery\/slideshow?p=1160'>[Show slideshow]<\/a>\n\t\t\n\t<\/div>\n\t\t\t<!-- Thumbnails -->\n\t\t\t\t<div id=\"ngg-image-0\" class=\"ngg-gallery-thumbnail-box\" >\n\t\t\t\t        <div class=\"ngg-gallery-thumbnail\">\n            <a href=\"http:\/\/csapokert.gorogkatolikus.hu\/wp-content\/gallery\/Lautitia-2016.12.11\/DSCN1067.JPG\"\n               title=\"\"\n               data-src=\"http:\/\/csapokert.gorogkatolikus.hu\/wp-content\/gallery\/Lautitia-2016.12.11\/DSCN1067.JPG\"\n               data-thumbnail=\"http:\/\/csapokert.gorogkatolikus.hu\/wp-content\/gallery\/Lautitia-2016.12.11\/thumbs\/thumbs_DSCN1067.JPG\"\n               data-image-id=\"510\"\n               data-title=\"DSCN1067\"\n               data-description=\"\"\n               data-image-slug=\"dscn1067-1\"\n               class=\"ngg-fancybox\" rel=\"1187\">\n                <img\n                    title=\"DSCN1067\"\n                    alt=\"DSCN1067\"\n                    src=\"http:\/\/csapokert.gorogkatolikus.hu\/wp-content\/gallery\/Lautitia-2016.12.11\/thumbs\/thumbs_DSCN1067.JPG\"\n                    width=\"120\"\n                    height=\"90\"\n                    style=\"max-width:100%;\"\n                \/>\n            <\/a>\n        <\/div>\n\t\t\t\t\t\t\t<\/div> \n\t\t\t\n        \n\t\t\t\t<div id=\"ngg-image-1\" class=\"ngg-gallery-thumbnail-box\" >\n\t\t\t\t        <div class=\"ngg-gallery-thumbnail\">\n            <a href=\"http:\/\/csapokert.gorogkatolikus.hu\/wp-content\/gallery\/Lautitia-2016.12.11\/DSCN1068.JPG\"\n               title=\"\"\n               data-src=\"http:\/\/csapokert.gorogkatolikus.hu\/wp-content\/gallery\/Lautitia-2016.12.11\/DSCN1068.JPG\"\n               data-thumbnail=\"http:\/\/csapokert.gorogkatolikus.hu\/wp-content\/gallery\/Lautitia-2016.12.11\/thumbs\/thumbs_DSCN1068.JPG\"\n               data-image-id=\"511\"\n               data-title=\"DSCN1068\"\n               data-description=\"\"\n               data-image-slug=\"dscn1068\"\n               class=\"ngg-fancybox\" rel=\"1187\">\n                <img\n                    title=\"DSCN1068\"\n                    alt=\"DSCN1068\"\n                    src=\"http:\/\/csapokert.gorogkatolikus.hu\/wp-content\/gallery\/Lautitia-2016.12.11\/thumbs\/thumbs_DSCN1068.JPG\"\n                    width=\"120\"\n                    height=\"90\"\n                    style=\"max-width:100%;\"\n                \/>\n            <\/a>\n        <\/div>\n\t\t\t\t\t\t\t<\/div> \n\t\t\t\n        \n\t\t\t\t<div id=\"ngg-image-2\" class=\"ngg-gallery-thumbnail-box\" >\n\t\t\t\t        <div class=\"ngg-gallery-thumbnail\">\n            <a href=\"http:\/\/csapokert.gorogkatolikus.hu\/wp-content\/gallery\/Lautitia-2016.12.11\/DSCN1070.JPG\"\n               title=\"\"\n               data-src=\"http:\/\/csapokert.gorogkatolikus.hu\/wp-content\/gallery\/Lautitia-2016.12.11\/DSCN1070.JPG\"\n               data-thumbnail=\"http:\/\/csapokert.gorogkatolikus.hu\/wp-content\/gallery\/Lautitia-2016.12.11\/thumbs\/thumbs_DSCN1070.JPG\"\n               data-image-id=\"512\"\n               data-title=\"DSCN1070\"\n               data-description=\"\"\n               data-image-slug=\"dscn1070-1\"\n               class=\"ngg-fancybox\" rel=\"1187\">\n                <img\n                    title=\"DSCN1070\"\n                    alt=\"DSCN1070\"\n                    src=\"http:\/\/csapokert.gorogkatolikus.hu\/wp-content\/gallery\/Lautitia-2016.12.11\/thumbs\/thumbs_DSCN1070.JPG\"\n                    width=\"120\"\n                    height=\"90\"\n                    style=\"max-width:100%;\"\n                \/>\n            <\/a>\n        <\/div>\n\t\t\t\t\t\t\t<\/div> \n\t\t\t\n        \n\t\t\t\t<div id=\"ngg-image-3\" class=\"ngg-gallery-thumbnail-box\" >\n\t\t\t\t        <div class=\"ngg-gallery-thumbnail\">\n            <a href=\"http:\/\/csapokert.gorogkatolikus.hu\/wp-content\/gallery\/Lautitia-2016.12.11\/DSCN1071.JPG\"\n               title=\"\"\n               data-src=\"http:\/\/csapokert.gorogkatolikus.hu\/wp-content\/gallery\/Lautitia-2016.12.11\/DSCN1071.JPG\"\n               data-thumbnail=\"http:\/\/csapokert.gorogkatolikus.hu\/wp-content\/gallery\/Lautitia-2016.12.11\/thumbs\/thumbs_DSCN1071.JPG\"\n               data-image-id=\"513\"\n               data-title=\"DSCN1071\"\n               data-description=\"\"\n               data-image-slug=\"dscn1071-1\"\n               class=\"ngg-fancybox\" rel=\"1187\">\n                <img\n                    title=\"DSCN1071\"\n                    alt=\"DSCN1071\"\n                    src=\"http:\/\/csapokert.gorogkatolikus.hu\/wp-content\/gallery\/Lautitia-2016.12.11\/thumbs\/thumbs_DSCN1071.JPG\"\n                    width=\"120\"\n                    height=\"90\"\n                    style=\"max-width:100%;\"\n                \/>\n            <\/a>\n        <\/div>\n\t\t\t\t\t\t\t<\/div> \n\t\t\t\n        \n\t\t\t\t<div id=\"ngg-image-4\" class=\"ngg-gallery-thumbnail-box\" >\n\t\t\t\t        <div class=\"ngg-gallery-thumbnail\">\n            <a href=\"http:\/\/csapokert.gorogkatolikus.hu\/wp-content\/gallery\/Lautitia-2016.12.11\/DSCN1075.JPG\"\n               title=\"\"\n               data-src=\"http:\/\/csapokert.gorogkatolikus.hu\/wp-content\/gallery\/Lautitia-2016.12.11\/DSCN1075.JPG\"\n               data-thumbnail=\"http:\/\/csapokert.gorogkatolikus.hu\/wp-content\/gallery\/Lautitia-2016.12.11\/thumbs\/thumbs_DSCN1075.JPG\"\n               data-image-id=\"514\"\n               data-title=\"DSCN1075\"\n               data-description=\"\"\n               data-image-slug=\"dscn1075-1\"\n               class=\"ngg-fancybox\" rel=\"1187\">\n                <img\n                    title=\"DSCN1075\"\n                    alt=\"DSCN1075\"\n                    src=\"http:\/\/csapokert.gorogkatolikus.hu\/wp-content\/gallery\/Lautitia-2016.12.11\/thumbs\/thumbs_DSCN1075.JPG\"\n                    width=\"120\"\n                    height=\"90\"\n                    style=\"max-width:100%;\"\n                \/>\n            <\/a>\n        <\/div>\n\t\t\t\t\t\t\t<\/div> \n\t\t\t\n        \n\t\t\t\t<div id=\"ngg-image-5\" class=\"ngg-gallery-thumbnail-box\" >\n\t\t\t\t        <div class=\"ngg-gallery-thumbnail\">\n            <a href=\"http:\/\/csapokert.gorogkatolikus.hu\/wp-content\/gallery\/Lautitia-2016.12.11\/DSCN1078.JPG\"\n               title=\"\"\n               data-src=\"http:\/\/csapokert.gorogkatolikus.hu\/wp-content\/gallery\/Lautitia-2016.12.11\/DSCN1078.JPG\"\n               data-thumbnail=\"http:\/\/csapokert.gorogkatolikus.hu\/wp-content\/gallery\/Lautitia-2016.12.11\/thumbs\/thumbs_DSCN1078.JPG\"\n               data-image-id=\"515\"\n               data-title=\"DSCN1078\"\n               data-description=\"\"\n               data-image-slug=\"dscn1078-1\"\n               class=\"ngg-fancybox\" rel=\"1187\">\n                <img\n                    title=\"DSCN1078\"\n                    alt=\"DSCN1078\"\n                    src=\"http:\/\/csapokert.gorogkatolikus.hu\/wp-content\/gallery\/Lautitia-2016.12.11\/thumbs\/thumbs_DSCN1078.JPG\"\n                    width=\"120\"\n                    height=\"90\"\n                    style=\"max-width:100%;\"\n                \/>\n            <\/a>\n        <\/div>\n\t\t\t\t\t\t\t<\/div> \n\t\t\t\n        \n\t\t\t\t<div id=\"ngg-image-6\" class=\"ngg-gallery-thumbnail-box\" >\n\t\t\t\t        <div class=\"ngg-gallery-thumbnail\">\n            <a href=\"http:\/\/csapokert.gorogkatolikus.hu\/wp-content\/gallery\/Lautitia-2016.12.11\/DSCN1080.JPG\"\n               title=\"\"\n               data-src=\"http:\/\/csapokert.gorogkatolikus.hu\/wp-content\/gallery\/Lautitia-2016.12.11\/DSCN1080.JPG\"\n               data-thumbnail=\"http:\/\/csapokert.gorogkatolikus.hu\/wp-content\/gallery\/Lautitia-2016.12.11\/thumbs\/thumbs_DSCN1080.JPG\"\n               data-image-id=\"516\"\n               data-title=\"DSCN1080\"\n               data-description=\"\"\n               data-image-slug=\"dscn1080-1\"\n               class=\"ngg-fancybox\" rel=\"1187\">\n                <img\n                    title=\"DSCN1080\"\n                    alt=\"DSCN1080\"\n                    src=\"http:\/\/csapokert.gorogkatolikus.hu\/wp-content\/gallery\/Lautitia-2016.12.11\/thumbs\/thumbs_DSCN1080.JPG\"\n                    width=\"120\"\n                    height=\"90\"\n                    style=\"max-width:100%;\"\n                \/>\n            <\/a>\n        <\/div>\n\t\t\t\t\t\t\t<\/div> \n\t\t\t\n        \n\t\t\t\t<div id=\"ngg-image-7\" class=\"ngg-gallery-thumbnail-box\" >\n\t\t\t\t        <div class=\"ngg-gallery-thumbnail\">\n            <a href=\"http:\/\/csapokert.gorogkatolikus.hu\/wp-content\/gallery\/Lautitia-2016.12.11\/DSCN1085.JPG\"\n               title=\"\"\n               data-src=\"http:\/\/csapokert.gorogkatolikus.hu\/wp-content\/gallery\/Lautitia-2016.12.11\/DSCN1085.JPG\"\n               data-thumbnail=\"http:\/\/csapokert.gorogkatolikus.hu\/wp-content\/gallery\/Lautitia-2016.12.11\/thumbs\/thumbs_DSCN1085.JPG\"\n               data-image-id=\"517\"\n               data-title=\"DSCN1085\"\n               data-description=\"\"\n               data-image-slug=\"dscn1085-1\"\n               class=\"ngg-fancybox\" rel=\"1187\">\n                <img\n                    title=\"DSCN1085\"\n                    alt=\"DSCN1085\"\n                    src=\"http:\/\/csapokert.gorogkatolikus.hu\/wp-content\/gallery\/Lautitia-2016.12.11\/thumbs\/thumbs_DSCN1085.JPG\"\n                    width=\"120\"\n                    height=\"90\"\n                    style=\"max-width:100%;\"\n                \/>\n            <\/a>\n        <\/div>\n\t\t\t\t\t\t\t<\/div> \n\t\t\t\n        \n\t\t\t\t<div id=\"ngg-image-8\" class=\"ngg-gallery-thumbnail-box\" >\n\t\t\t\t        <div class=\"ngg-gallery-thumbnail\">\n            <a href=\"http:\/\/csapokert.gorogkatolikus.hu\/wp-content\/gallery\/Lautitia-2016.12.11\/DSCN1088.JPG\"\n               title=\"\"\n               data-src=\"http:\/\/csapokert.gorogkatolikus.hu\/wp-content\/gallery\/Lautitia-2016.12.11\/DSCN1088.JPG\"\n               data-thumbnail=\"http:\/\/csapokert.gorogkatolikus.hu\/wp-content\/gallery\/Lautitia-2016.12.11\/thumbs\/thumbs_DSCN1088.JPG\"\n               data-image-id=\"518\"\n               data-title=\"DSCN1088\"\n               data-description=\"\"\n               data-image-slug=\"dscn1088-1\"\n               class=\"ngg-fancybox\" rel=\"1187\">\n                <img\n                    title=\"DSCN1088\"\n                    alt=\"DSCN1088\"\n                    src=\"http:\/\/csapokert.gorogkatolikus.hu\/wp-content\/gallery\/Lautitia-2016.12.11\/thumbs\/thumbs_DSCN1088.JPG\"\n                    width=\"120\"\n                    height=\"90\"\n                    style=\"max-width:100%;\"\n                \/>\n            <\/a>\n        <\/div>\n\t\t\t\t\t\t\t<\/div> \n\t\t\t\n        \n\t\t\t\t<div id=\"ngg-image-9\" class=\"ngg-gallery-thumbnail-box\" >\n\t\t\t\t        <div class=\"ngg-gallery-thumbnail\">\n            <a href=\"http:\/\/csapokert.gorogkatolikus.hu\/wp-content\/gallery\/Lautitia-2016.12.11\/DSCN1089.JPG\"\n               title=\"\"\n               data-src=\"http:\/\/csapokert.gorogkatolikus.hu\/wp-content\/gallery\/Lautitia-2016.12.11\/DSCN1089.JPG\"\n               data-thumbnail=\"http:\/\/csapokert.gorogkatolikus.hu\/wp-content\/gallery\/Lautitia-2016.12.11\/thumbs\/thumbs_DSCN1089.JPG\"\n               data-image-id=\"519\"\n               data-title=\"DSCN1089\"\n               data-description=\"\"\n               data-image-slug=\"dscn1089-1\"\n               class=\"ngg-fancybox\" rel=\"1187\">\n                <img\n                    title=\"DSCN1089\"\n                    alt=\"DSCN1089\"\n                    src=\"http:\/\/csapokert.gorogkatolikus.hu\/wp-content\/gallery\/Lautitia-2016.12.11\/thumbs\/thumbs_DSCN1089.JPG\"\n                    width=\"120\"\n                    height=\"90\"\n                    style=\"max-width:100%;\"\n                \/>\n            <\/a>\n        <\/div>\n\t\t\t\t\t\t\t<\/div> \n\t\t\t\n        \n\t\t\t\t<div id=\"ngg-image-10\" class=\"ngg-gallery-thumbnail-box\" >\n\t\t\t\t        <div class=\"ngg-gallery-thumbnail\">\n            <a href=\"http:\/\/csapokert.gorogkatolikus.hu\/wp-content\/gallery\/Lautitia-2016.12.11\/DSCN1094.JPG\"\n               title=\"\"\n               data-src=\"http:\/\/csapokert.gorogkatolikus.hu\/wp-content\/gallery\/Lautitia-2016.12.11\/DSCN1094.JPG\"\n               data-thumbnail=\"http:\/\/csapokert.gorogkatolikus.hu\/wp-content\/gallery\/Lautitia-2016.12.11\/thumbs\/thumbs_DSCN1094.JPG\"\n               data-image-id=\"520\"\n               data-title=\"DSCN1094\"\n               data-description=\"\"\n               data-image-slug=\"dscn1094-1\"\n               class=\"ngg-fancybox\" rel=\"1187\">\n                <img\n                    title=\"DSCN1094\"\n                    alt=\"DSCN1094\"\n                    src=\"http:\/\/csapokert.gorogkatolikus.hu\/wp-content\/gallery\/Lautitia-2016.12.11\/thumbs\/thumbs_DSCN1094.JPG\"\n                    width=\"120\"\n                    height=\"90\"\n                    style=\"max-width:100%;\"\n                \/>\n            <\/a>\n        <\/div>\n\t\t\t\t\t\t\t<\/div> \n\t\t\t\n        \n\t\t\t\t<div id=\"ngg-image-11\" class=\"ngg-gallery-thumbnail-box\" >\n\t\t\t\t        <div class=\"ngg-gallery-thumbnail\">\n            <a href=\"http:\/\/csapokert.gorogkatolikus.hu\/wp-content\/gallery\/Lautitia-2016.12.11\/DSCN1099.JPG\"\n               title=\"\"\n               data-src=\"http:\/\/csapokert.gorogkatolikus.hu\/wp-content\/gallery\/Lautitia-2016.12.11\/DSCN1099.JPG\"\n               data-thumbnail=\"http:\/\/csapokert.gorogkatolikus.hu\/wp-content\/gallery\/Lautitia-2016.12.11\/thumbs\/thumbs_DSCN1099.JPG\"\n               data-image-id=\"521\"\n               data-title=\"DSCN1099\"\n               data-description=\"\"\n               data-image-slug=\"dscn1099\"\n               class=\"ngg-fancybox\" rel=\"1187\">\n                <img\n                    title=\"DSCN1099\"\n                    alt=\"DSCN1099\"\n                    src=\"http:\/\/csapokert.gorogkatolikus.hu\/wp-content\/gallery\/Lautitia-2016.12.11\/thumbs\/thumbs_DSCN1099.JPG\"\n                    width=\"120\"\n                    height=\"90\"\n                    style=\"max-width:100%;\"\n                \/>\n            <\/a>\n        <\/div>\n\t\t\t\t\t\t\t<\/div> \n\t\t\t\n        \n\t\t\n\t\t<!-- Pagination -->\n\t<div class='ngg-clear'><\/div>\t<\/div>\n<\/p>\n","protected":false},"excerpt":{"rendered":"<p>\u00a0 Advent \u00f6t\u00f6dik vas\u00e1rnapj\u00e1n ell\u00e1togatott a Lautitia \u00e9nekkar-csal\u00e1d kamarak\u00f3rusa templomunkba. B\u00e1r el\u00e9g magas elv\u00e1r\u00e1sokat fogalmaztunk meg el\u0151zetesen is \u2013 hiszen tudtuk, hogy a k\u00f3rus, ill. a k\u00f3rusok minden kateg\u00f3ri\u00e1ban sz\u00e1mos nemzetk\u00f6zi d\u00edjat nyertek, ak\u00e1r a legmagasabbakat is \u2013 de m\u00e9g ezeket is siker\u00fclt fel\u00fclm\u00falnia Nemes J\u00f3zsef karnagynak \u00e9s k\u00f3rus\u00e1nak.<\/p>\n","protected":false},"author":3,"featured_media":0,"comment_status":"closed","ping_status":"closed","sticky":false,"template":"","format":"standard","meta":{"ngg_post_thumbnail":0},"categories":[1],"tags":[],"_links":{"self":[{"href":"http:\/\/csapokert.gorogkatolikus.hu\/index.php?rest_route=\/wp\/v2\/posts\/1160"}],"collection":[{"href":"http:\/\/csapokert.gorogkatolikus.hu\/index.php?rest_route=\/wp\/v2\/posts"}],"about":[{"href":"http:\/\/csapokert.gorogkatolikus.hu\/index.php?rest_route=\/wp\/v2\/types\/post"}],"author":[{"embeddable":true,"href":"http:\/\/csapokert.gorogkatolikus.hu\/index.php?rest_route=\/wp\/v2\/users\/3"}],"replies":[{"embeddable":true,"href":"http:\/\/csapokert.gorogkatolikus.hu\/index.php?rest_route=%2Fwp%2Fv2%2Fcomments&post=1160"}],"version-history":[{"count":4,"href":"http:\/\/csapokert.gorogkatolikus.hu\/index.php?rest_route=\/wp\/v2\/posts\/1160\/revisions"}],"predecessor-version":[{"id":1191,"href":"http:\/\/csapokert.gorogkatolikus.hu\/index.php?rest_route=\/wp\/v2\/posts\/1160\/revisions\/1191"}],"wp:attachment":[{"href":"http:\/\/csapokert.gorogkatolikus.hu\/index.php?rest_route=%2Fwp%2Fv2%2Fmedia&parent=1160"}],"wp:term":[{"taxonomy":"category","embeddable":true,"href":"http:\/\/csapokert.gorogkatolikus.hu\/index.php?rest_route=%2Fwp%2Fv2%2Fcategories&post=1160"},{"taxonomy":"post_tag","embeddable":true,"href":"http:\/\/csapokert.gorogkatolikus.hu\/index.php?rest_route=%2Fwp%2Fv2%2Ftags&post=1160"}],"curies":[{"name":"wp","href":"https:\/\/api.w.org\/{rel}","templated":true}]}}