{"id":1195,"date":"2016-12-21T16:27:06","date_gmt":"2016-12-21T16:27:06","guid":{"rendered":"http:\/\/csapokert.gorogkatolikus.hu\/?p=1195"},"modified":"2016-12-21T16:27:06","modified_gmt":"2016-12-21T16:27:06","slug":"unnepi-szertartasrend-2","status":"publish","type":"post","link":"http:\/\/csapokert.gorogkatolikus.hu\/?p=1195","title":{"rendered":"\u00dcnnepi szertart\u00e1srend"},"content":{"rendered":"<table>\n<tbody>\n<tr>\n<td width=\"143\">Dec. 24. szombat<br \/>\n<em>Szenteste<\/em><\/p>\n<p>&nbsp;<\/p>\n<p>&nbsp;<\/td>\n<td width=\"471\">\u00a0\u00a0\u00a0 15. 00 \u00e9l\u0151 Betlehem, k\u00e1nt\u00e1l\u00e1s<\/p>\n<p>16. 00 P\u00e1sztorj\u00e1t\u00e9k<\/p>\n<p>23. 15 kar\u00e1csonyi zsolozsma<\/p>\n<p>24. 00 kar\u00e1csonyi \u00e9jf\u00e9li Szent Liturgia<\/td>\n<\/tr>\n<tr>\n<td width=\"143\">Dec. 25. vas\u00e1rnap<\/td>\n<td width=\"471\"><em>Kar\u00e1csony I<\/em>.\u00a0\u00a0 8. 30 Utrenye<\/p>\n<p>9. 30 Szent Liturgia<\/td>\n<\/tr>\n<tr>\n<td width=\"143\">Dec. 26. h\u00e9tf\u0151<\/td>\n<td width=\"471\"><em>Kar\u00e1csony II<\/em>.\u00a0 8. 30 Utrenye<\/p>\n<p>9. 30 Szent Liturgia<\/td>\n<\/tr>\n<tr>\n<td width=\"143\">Dec.27. kedd<\/td>\n<td width=\"471\"><em>Kar\u00e1csony III<\/em>. 8. 30 Utrenye<\/p>\n<p>9. 30 Szent Liturgia<\/td>\n<\/tr>\n<tr>\n<td width=\"143\">&nbsp;<\/td>\n<td width=\"471\">&nbsp;<\/td>\n<\/tr>\n<tr>\n<td width=\"143\">Dec.31. szombat<\/td>\n<td width=\"471\">\u00a0\u00a0 \u00a09.30 Szent Liturgia \u00e9v v\u00e9gi h\u00e1laad\u00e1s<\/td>\n<\/tr>\n<\/tbody>\n<\/table>\n<p>JANU\u00c1R<\/p>\n<table>\n<tbody>\n<tr>\n<td width=\"143\">1. vas\u00e1rnap<\/td>\n<td width=\"471\"><em>\u00daj\u00e9v<\/em>\u00a0\u00a0\u00a0\u00a0\u00a0\u00a0\u00a0\u00a0\u00a0\u00a0\u00a0\u00a0\u00a0\u00a0\u00a0\u00a0\u00a0\u00a0 9. 30 Szent Liturgia<\/td>\n<\/tr>\n<\/tbody>\n<\/table>\n<p>&nbsp;<\/p>\n","protected":false},"excerpt":{"rendered":"<p>Dec. 24. szombat Szenteste &nbsp; &nbsp; \u00a0\u00a0\u00a0 15. 00 \u00e9l\u0151 Betlehem, k\u00e1nt\u00e1l\u00e1s 16. 00 P\u00e1sztorj\u00e1t\u00e9k 23. 15 kar\u00e1csonyi zsolozsma 24. 00 kar\u00e1csonyi \u00e9jf\u00e9li Szent Liturgia Dec. 25. vas\u00e1rnap Kar\u00e1csony I.\u00a0\u00a0 8. 30 Utrenye 9. 30 Szent Liturgia Dec. 26. h\u00e9tf\u0151 Kar\u00e1csony II.\u00a0 8. 30 Utrenye 9. 30 Szent Liturgia Dec.27. kedd Kar\u00e1csony III. 8. 30 [&hellip;]<\/p>\n","protected":false},"author":3,"featured_media":0,"comment_status":"closed","ping_status":"closed","sticky":false,"template":"","format":"standard","meta":{"ngg_post_thumbnail":0},"categories":[1],"tags":[],"_links":{"self":[{"href":"http:\/\/csapokert.gorogkatolikus.hu\/index.php?rest_route=\/wp\/v2\/posts\/1195"}],"collection":[{"href":"http:\/\/csapokert.gorogkatolikus.hu\/index.php?rest_route=\/wp\/v2\/posts"}],"about":[{"href":"http:\/\/csapokert.gorogkatolikus.hu\/index.php?rest_route=\/wp\/v2\/types\/post"}],"author":[{"embeddable":true,"href":"http:\/\/csapokert.gorogkatolikus.hu\/index.php?rest_route=\/wp\/v2\/users\/3"}],"replies":[{"embeddable":true,"href":"http:\/\/csapokert.gorogkatolikus.hu\/index.php?rest_route=%2Fwp%2Fv2%2Fcomments&post=1195"}],"version-history":[{"count":1,"href":"http:\/\/csapokert.gorogkatolikus.hu\/index.php?rest_route=\/wp\/v2\/posts\/1195\/revisions"}],"predecessor-version":[{"id":1196,"href":"http:\/\/csapokert.gorogkatolikus.hu\/index.php?rest_route=\/wp\/v2\/posts\/1195\/revisions\/1196"}],"wp:attachment":[{"href":"http:\/\/csapokert.gorogkatolikus.hu\/index.php?rest_route=%2Fwp%2Fv2%2Fmedia&parent=1195"}],"wp:term":[{"taxonomy":"category","embeddable":true,"href":"http:\/\/csapokert.gorogkatolikus.hu\/index.php?rest_route=%2Fwp%2Fv2%2Fcategories&post=1195"},{"taxonomy":"post_tag","embeddable":true,"href":"http:\/\/csapokert.gorogkatolikus.hu\/index.php?rest_route=%2Fwp%2Fv2%2Ftags&post=1195"}],"curies":[{"name":"wp","href":"https:\/\/api.w.org\/{rel}","templated":true}]}}