{"id":1251,"date":"2017-03-06T21:49:15","date_gmt":"2017-03-06T21:49:15","guid":{"rendered":"http:\/\/csapokert.gorogkatolikus.hu\/?p=1251"},"modified":"2017-03-07T20:49:18","modified_gmt":"2017-03-07T20:49:18","slug":"a-hazassag-hete-programsorozatanak-kereteben-vendegunk-volt-a-karpati-hazaspar-az-equipes-de-notre-dame-katolikus-kozossegbol","status":"publish","type":"post","link":"http:\/\/csapokert.gorogkatolikus.hu\/?p=1251","title":{"rendered":"A h\u00e1zass\u00e1g hete programsorozat\u00e1nak keret\u00e9ben vend\u00e9g\u00fcnk volt a K\u00e1rp\u00e1ti h\u00e1zasp\u00e1r az Equipes de Notre Dame katolikus k\u00f6z\u00f6ss\u00e9gb\u0151l."},"content":{"rendered":"<p>&nbsp;<\/p>\n<p><strong>Mi is az END?<\/strong><\/p>\n<p>Az END (Equipes Notre Dame= Egy\u00fctt Nagyasszonyunk Dics\u0151s\u00e9g\u00e9re), az Egyh\u00e1z \u00e1ltal elismert nemzetk\u00f6zi katolikus h\u00e1zast\u00e1rsi mozgalom, mely seg\u00edti a h\u00e1zasp\u00e1rokat, hogy h\u00e1zass\u00e1guk szents\u00e9g\u00e9t a lehet\u0151 legteljesebben tudj\u00e1k meg\u00e9lni, valamint tan\u00faskodni k\u00edv\u00e1n a vil\u00e1gban a kereszt\u00e9ny h\u00e1zass\u00e1g sz\u00e9ps\u00e9g\u00e9r\u0151l. A mozgalom 1938-ban Franciaorsz\u00e1gban sz\u00fcletett n\u00e9h\u00e1ny bar\u00e1ti h\u00e1zasp\u00e1rnak abb\u00f3l a felismer\u00e9s\u00e9b\u0151l, hogy h\u00e1zass\u00e1gban \u00e9lni nem k\u00f6nny\u0171 dolog. Ez\u00e9rt, ha megosztj\u00e1k neh\u00e9zs\u00e9geiket, gondjaikat, \u00f6r\u00f6meiket \u00e9s k\u00f6z\u00f6ss\u00e9get alkotnak, k\u00f6nnyebben haladhatnak az \u00e9letszents\u00e9g \u00fatj\u00e1n. Henri Caffarel atya vezet\u00e9s\u00e9vel havonta tal\u00e1lkoztak. \u00a0K\u00e9s\u0151bb m\u00e1sokat is elh\u00edvtak ezekre az \u00f6sszej\u00f6vetelekre. \u00cdgy sz\u00fclettek az END k\u00f6z\u00f6ss\u00e9gek, melyeket M\u00e1ria oltalma al\u00e1 helyeztek.<\/p>\n<p><!--more--><\/p>\n<p><strong>A mozgalom gyorsan terjedni kezdett<\/strong><\/p>\n<p>El\u0151sz\u00f6r Eur\u00f3p\u00e1ban, majd az eg\u00e9sz vil\u00e1gon. Ma 50.000 h\u00e1zasp\u00e1r vesz r\u00e9szt benne. Haz\u00e1nkban a k\u00f6vetkez\u0151 szektorok tal\u00e1lhat\u00f3k: V\u00e1c, Dunaharaszti, Gy\u00f6mr\u0151, Debrecen \u00e9s D\u00e9va.<\/p>\n<p>&nbsp;<\/p>\n<p><strong>A sarkalatos pontok<\/strong><\/p>\n\n\t\t<style type=\"text\/css\">\n\t\t\t#gallery-1 {\n\t\t\t\tmargin: auto;\n\t\t\t}\n\t\t\t#gallery-1 .gallery-item {\n\t\t\t\tfloat: left;\n\t\t\t\tmargin-top: 10px;\n\t\t\t\ttext-align: center;\n\t\t\t\twidth: 33%;\n\t\t\t}\n\t\t\t#gallery-1 img {\n\t\t\t\tborder: 2px solid #cfcfcf;\n\t\t\t}\n\t\t\t#gallery-1 .gallery-caption {\n\t\t\t\tmargin-left: 0;\n\t\t\t}\n\t\t\t\/* see gallery_shortcode() in wp-includes\/media.php *\/\n\t\t<\/style>\n\t\t<div id='gallery-1' class='gallery galleryid-1251 gallery-columns-3 gallery-size-thumbnail'><dl class='gallery-item'>\n\t\t\t<dt class='gallery-icon landscape'>\n\t\t\t\t<a href='http:\/\/csapokert.gorogkatolikus.hu\/?attachment_id=1278'><img width=\"150\" height=\"150\" src=\"http:\/\/csapokert.gorogkatolikus.hu\/wp-content\/uploads\/2017\/03\/93-1-150x150.jpg\" class=\"attachment-thumbnail size-thumbnail\" alt=\"\" decoding=\"async\" loading=\"lazy\" \/><\/a>\n\t\t\t<\/dt><\/dl><dl class='gallery-item'>\n\t\t\t<dt class='gallery-icon landscape'>\n\t\t\t\t<a href='http:\/\/csapokert.gorogkatolikus.hu\/?attachment_id=1276'><img width=\"150\" height=\"150\" src=\"http:\/\/csapokert.gorogkatolikus.hu\/wp-content\/uploads\/2017\/03\/91-1-150x150.jpg\" class=\"attachment-thumbnail size-thumbnail\" alt=\"\" decoding=\"async\" loading=\"lazy\" \/><\/a>\n\t\t\t<\/dt><\/dl><dl class='gallery-item'>\n\t\t\t<dt class='gallery-icon landscape'>\n\t\t\t\t<a href='http:\/\/csapokert.gorogkatolikus.hu\/?attachment_id=1277'><img width=\"150\" height=\"150\" src=\"http:\/\/csapokert.gorogkatolikus.hu\/wp-content\/uploads\/2017\/03\/92-1-150x150.jpg\" class=\"attachment-thumbnail size-thumbnail\" alt=\"\" decoding=\"async\" loading=\"lazy\" \/><\/a>\n\t\t\t<\/dt><\/dl><br style=\"clear: both\" \/><dl class='gallery-item'>\n\t\t\t<dt class='gallery-icon landscape'>\n\t\t\t\t<a href='http:\/\/csapokert.gorogkatolikus.hu\/?attachment_id=1275'><img width=\"150\" height=\"150\" src=\"http:\/\/csapokert.gorogkatolikus.hu\/wp-content\/uploads\/2017\/03\/9-1-150x150.jpg\" class=\"attachment-thumbnail size-thumbnail\" alt=\"\" decoding=\"async\" loading=\"lazy\" \/><\/a>\n\t\t\t<\/dt><\/dl><dl class='gallery-item'>\n\t\t\t<dt class='gallery-icon landscape'>\n\t\t\t\t<a href='http:\/\/csapokert.gorogkatolikus.hu\/?attachment_id=1274'><img width=\"150\" height=\"150\" src=\"http:\/\/csapokert.gorogkatolikus.hu\/wp-content\/uploads\/2017\/03\/8-1-150x150.jpg\" class=\"attachment-thumbnail size-thumbnail\" alt=\"\" decoding=\"async\" loading=\"lazy\" \/><\/a>\n\t\t\t<\/dt><\/dl><dl class='gallery-item'>\n\t\t\t<dt class='gallery-icon landscape'>\n\t\t\t\t<a href='http:\/\/csapokert.gorogkatolikus.hu\/?attachment_id=1273'><img width=\"150\" height=\"150\" src=\"http:\/\/csapokert.gorogkatolikus.hu\/wp-content\/uploads\/2017\/03\/7-1-150x150.jpg\" class=\"attachment-thumbnail size-thumbnail\" alt=\"\" decoding=\"async\" loading=\"lazy\" \/><\/a>\n\t\t\t<\/dt><\/dl><br style=\"clear: both\" \/><dl class='gallery-item'>\n\t\t\t<dt class='gallery-icon landscape'>\n\t\t\t\t<a href='http:\/\/csapokert.gorogkatolikus.hu\/?attachment_id=1271'><img width=\"150\" height=\"150\" src=\"http:\/\/csapokert.gorogkatolikus.hu\/wp-content\/uploads\/2017\/03\/5-1-150x150.jpg\" class=\"attachment-thumbnail size-thumbnail\" alt=\"\" decoding=\"async\" loading=\"lazy\" \/><\/a>\n\t\t\t<\/dt><\/dl><dl class='gallery-item'>\n\t\t\t<dt class='gallery-icon landscape'>\n\t\t\t\t<a href='http:\/\/csapokert.gorogkatolikus.hu\/?attachment_id=1272'><img width=\"150\" height=\"150\" src=\"http:\/\/csapokert.gorogkatolikus.hu\/wp-content\/uploads\/2017\/03\/6-1-150x150.jpg\" class=\"attachment-thumbnail size-thumbnail\" alt=\"\" decoding=\"async\" loading=\"lazy\" \/><\/a>\n\t\t\t<\/dt><\/dl><dl class='gallery-item'>\n\t\t\t<dt class='gallery-icon landscape'>\n\t\t\t\t<a href='http:\/\/csapokert.gorogkatolikus.hu\/?attachment_id=1270'><img width=\"150\" height=\"150\" src=\"http:\/\/csapokert.gorogkatolikus.hu\/wp-content\/uploads\/2017\/03\/4-1-150x150.jpg\" class=\"attachment-thumbnail size-thumbnail\" alt=\"\" decoding=\"async\" loading=\"lazy\" \/><\/a>\n\t\t\t<\/dt><\/dl><br style=\"clear: both\" \/><dl class='gallery-item'>\n\t\t\t<dt class='gallery-icon landscape'>\n\t\t\t\t<a href='http:\/\/csapokert.gorogkatolikus.hu\/?attachment_id=1268'><img width=\"150\" height=\"150\" src=\"http:\/\/csapokert.gorogkatolikus.hu\/wp-content\/uploads\/2017\/03\/2-1-150x150.jpg\" class=\"attachment-thumbnail size-thumbnail\" alt=\"\" decoding=\"async\" loading=\"lazy\" \/><\/a>\n\t\t\t<\/dt><\/dl><dl class='gallery-item'>\n\t\t\t<dt class='gallery-icon landscape'>\n\t\t\t\t<a href='http:\/\/csapokert.gorogkatolikus.hu\/?attachment_id=1269'><img width=\"150\" height=\"150\" src=\"http:\/\/csapokert.gorogkatolikus.hu\/wp-content\/uploads\/2017\/03\/3-1-150x150.jpg\" class=\"attachment-thumbnail size-thumbnail\" alt=\"\" decoding=\"async\" loading=\"lazy\" \/><\/a>\n\t\t\t<\/dt><\/dl>\n\t\t\t<br style='clear: both' \/>\n\t\t<\/div>\n\n<p>A mozgalomnak van egy saj\u00e1tos kidolgozott pedag\u00f3gi\u00e1ja, ami az un. sarkalatos pontokon nyugszik (6 db): Szent\u00edr\u00e1s-olvas\u00e1s, k\u00f6z\u00f6s h\u00e1zast\u00e1rsi illetve csal\u00e1di ima, \u00e9ves lelkigyakorlat, az \u201e\u00e9letszab\u00e1lyok\u201d illetve havonta egy alkalommal egy m\u00e9lyebb, komolyabb besz\u00e9lget\u00e9s a h\u00e1zast\u00e1rsunkkal (\u00e9bers\u00e9g \u00f3r\u00e1ja).<\/p>\n<p>&nbsp;<\/p>\n<p><strong>Hogyan n\u00e9z ki egy END csoport tal\u00e1lkoz\u00f3ja?<\/strong><\/p>\n<p>A 4-6 h\u00e1zasp\u00e1r \u00e9s a csoportot k\u00eds\u00e9r\u0151 pap havonta tal\u00e1lkozik, minden alkalommal m\u00e1s h\u00e1zasp\u00e1r otthon\u00e1ban. Az \u00f6sszej\u00f6veteleket a csoportfelel\u0151s h\u00e1zasp\u00e1r vezeti az al\u00e1bbiak szerint:<\/p>\n<p>1, Megoszt\u00e1s: megosztjuk egym\u00e1ssal h\u00e9tk\u00f6znapi \u00e9let\u00fcnket, \u00f6r\u00f6m\u00fcnket \u00e9s b\u00e1natunkat.<\/p>\n<p>2, T\u00e9ma megbesz\u00e9l\u00e9se: mindenki elmondja a v\u00e9lem\u00e9ny\u00e9t a t\u00e9m\u00e1r\u00f3l. \u00c1ltal\u00e1ban olyan t\u00e9m\u00e1ban cser\u00e9l\u00fcnk gondolatot, amely valahogyan mindig a h\u00e1zass\u00e1ghoz kapcsol\u00f3dik \u2013 lehet ez a bizalom, kommunik\u00e1ci\u00f3, konfliktuskezel\u00e9s, megbocs\u00e1t\u00e1s, gyermeknevel\u00e9s.<\/p>\n<p>3, Szent\u00edr\u00e1solvas\u00e1s.<\/p>\n<p>4, Osztoz\u00e1s: megosztjuk egym\u00e1ssal lelki \u00e9let\u00fcnket, hit\u00fcnket.<\/p>\n<p>5, K\u00f6z\u00f6s im\u00e1ds\u00e1g, spont\u00e1n egy\u00e9ni ima. A k\u00eds\u00e9r\u0151 pap \u00e1ld\u00e1sa. K\u00f6z\u00f6s \u00e9tkez\u00e9s.<\/p>\n<p>Fontos t\u00f6rekv\u00e9s m\u00e9g az is, hogy ezek a csoportok val\u00f3di kis kereszt\u00e9ny k\u00f6z\u00f6ss\u00e9gekk\u00e9nt k\u00edv\u00e1nnak m\u0171k\u00f6dni (\u00e9s nemcsak intellektu\u00e1lis k\u00f6z\u00f6ss\u00e9gekk\u00e9nt), ahol a h\u00e1zasp\u00e1rok lehet\u0151s\u00e9g szerint seg\u00edtik is egym\u00e1st.\u00a0A mozgalom teh\u00e1t nyitva \u00e1ll mindenki el\u0151tt. Olyannyira, hogy az el\u0151ad\u00e1suk ut\u00e1n \u00f6ssze\u00fcltek a csap\u00f3kerti par\u00f3kia k\u00f6z\u00f6ss\u00e9gi h\u00e1z\u00e1ban \u00e9s egy kis j\u00e1t\u00e9kos teszt sor\u00e1n m\u00e9rt\u00e9k fel, kinek, milyen a kapcsolata a h\u00e1zast\u00e1rs\u00e1val.<\/p>\n<p><em>Fot\u00f3k forr\u00e1sa: Hajd\u00fadorogi F\u0151egyh\u00e1zmegye<\/em><\/p>\n","protected":false},"excerpt":{"rendered":"<p>&nbsp; Mi is az END? Az END (Equipes Notre Dame= Egy\u00fctt Nagyasszonyunk Dics\u0151s\u00e9g\u00e9re), az Egyh\u00e1z \u00e1ltal elismert nemzetk\u00f6zi katolikus h\u00e1zast\u00e1rsi mozgalom, mely seg\u00edti a h\u00e1zasp\u00e1rokat, hogy h\u00e1zass\u00e1guk szents\u00e9g\u00e9t a lehet\u0151 legteljesebben tudj\u00e1k meg\u00e9lni, valamint tan\u00faskodni k\u00edv\u00e1n a vil\u00e1gban a kereszt\u00e9ny h\u00e1zass\u00e1g sz\u00e9ps\u00e9g\u00e9r\u0151l. A mozgalom 1938-ban Franciaorsz\u00e1gban sz\u00fcletett n\u00e9h\u00e1ny bar\u00e1ti h\u00e1zasp\u00e1rnak abb\u00f3l a felismer\u00e9s\u00e9b\u0151l, hogy h\u00e1zass\u00e1gban [&hellip;]<\/p>\n","protected":false},"author":3,"featured_media":1256,"comment_status":"closed","ping_status":"closed","sticky":false,"template":"","format":"standard","meta":{"ngg_post_thumbnail":0},"categories":[1],"tags":[],"_links":{"self":[{"href":"http:\/\/csapokert.gorogkatolikus.hu\/index.php?rest_route=\/wp\/v2\/posts\/1251"}],"collection":[{"href":"http:\/\/csapokert.gorogkatolikus.hu\/index.php?rest_route=\/wp\/v2\/posts"}],"about":[{"href":"http:\/\/csapokert.gorogkatolikus.hu\/index.php?rest_route=\/wp\/v2\/types\/post"}],"author":[{"embeddable":true,"href":"http:\/\/csapokert.gorogkatolikus.hu\/index.php?rest_route=\/wp\/v2\/users\/3"}],"replies":[{"embeddable":true,"href":"http:\/\/csapokert.gorogkatolikus.hu\/index.php?rest_route=%2Fwp%2Fv2%2Fcomments&post=1251"}],"version-history":[{"count":7,"href":"http:\/\/csapokert.gorogkatolikus.hu\/index.php?rest_route=\/wp\/v2\/posts\/1251\/revisions"}],"predecessor-version":[{"id":1283,"href":"http:\/\/csapokert.gorogkatolikus.hu\/index.php?rest_route=\/wp\/v2\/posts\/1251\/revisions\/1283"}],"wp:featuredmedia":[{"embeddable":true,"href":"http:\/\/csapokert.gorogkatolikus.hu\/index.php?rest_route=\/wp\/v2\/media\/1256"}],"wp:attachment":[{"href":"http:\/\/csapokert.gorogkatolikus.hu\/index.php?rest_route=%2Fwp%2Fv2%2Fmedia&parent=1251"}],"wp:term":[{"taxonomy":"category","embeddable":true,"href":"http:\/\/csapokert.gorogkatolikus.hu\/index.php?rest_route=%2Fwp%2Fv2%2Fcategories&post=1251"},{"taxonomy":"post_tag","embeddable":true,"href":"http:\/\/csapokert.gorogkatolikus.hu\/index.php?rest_route=%2Fwp%2Fv2%2Ftags&post=1251"}],"curies":[{"name":"wp","href":"https:\/\/api.w.org\/{rel}","templated":true}]}}