{"id":1286,"date":"2017-03-14T17:25:47","date_gmt":"2017-03-14T17:25:47","guid":{"rendered":"http:\/\/csapokert.gorogkatolikus.hu\/?p=1286"},"modified":"2017-03-14T17:31:35","modified_gmt":"2017-03-14T17:31:35","slug":"futsal-europa-bajnoksag-horvatorszagban","status":"publish","type":"post","link":"http:\/\/csapokert.gorogkatolikus.hu\/?p=1286","title":{"rendered":"Futsal Eur\u00f3pa-bajnoks\u00e1g Horv\u00e1torsz\u00e1gban"},"content":{"rendered":"<p>Az id\u00e9n 11. alkalommal ker\u00fclt megrendez\u00e9sre a katolikus papok Futsal Eur\u00f3pa-bajnoks\u00e1ga. Horv\u00e1torsz\u00e1g modernkori t\u00f6rt\u00e9nelm\u00e9nek legh\u0151siesebb \u00e9s legtragikusabb sors\u00fa v\u00e1ros\u00e1ban Vukov\u00e1ron folytat\u00f3dtak a csapatok k\u00fczdelmei. A r\u00e9sztvev\u0151k megtekintett\u00e9k a d\u00e9lszl\u00e1v h\u00e1bor\u00faban elesett \u00e9s kiv\u00e9gzett h\u0151s\u00f6k eml\u00e9khelyeit, majd k\u00f6zel 200 pap \u00e1ltal koncelebr\u00e1lt szentmis\u00e9ben eml\u00e9keztek meg mind a h\u0151si halottakr\u00f3l, illetve im\u00e1dkoztak a b\u00e9k\u00e9\u00e9rt, az Egyh\u00e1z egys\u00e9g\u00e9\u00e9rt.<\/p>\n<p><!--more--><\/p>\n<p>Magyarorsz\u00e1g v\u00e1logatottj\u00e1t ism\u00e9t n\u00e9pesebb sz\u00e1mban er\u0151s\u00edtett\u00e9k g\u00f6r\u00f6gkatolikus aty\u00e1k is. Moldv\u00e1n Tibor \u00e9s Stef\u00e1n Zolt\u00e1n miskolci egyh\u00e1zmegy\u00e9s papok mellett Szab\u00f3 Tam\u00e1s atya a Ny\u00edregyh\u00e1zi egyh\u00e1zmegy\u00e9t, Kocsis D\u00e1niel atya \u00e9s egyh\u00e1zk\u00f6zs\u00e9g\u00fcnk par\u00f3kusa pedig a Hajd\u00fadorogi F\u0151egyh\u00e1zmegy\u00e9t k\u00e9pviselt\u00e9k.<\/p>\n<p>Magyarorsz\u00e1g el\u00e9g neh\u00e9z \u00e1gra ker\u00fclt, de brav\u00farosan helyt \u00e1llt. Els\u0151 m\u00e9rk\u0151z\u00e9sen Olaszorsz\u00e1got vert\u00fck 1-0-ra, majd a cseheket 2-0-ra v\u00e9g\u00fcl a k\u00e9s\u0151bbi bajnok Portug\u00e1li\u00e1t\u00f3l kaptunk ki 3-1-re.\u00a0 A helyoszt\u00f3 m\u00e9rk\u0151z\u00e9sen Ausztri\u00e1t vert\u00fck 3-1-re, az \u00f6t\u00f6dik hely\u00e9rt v\u00edvott meccsen viszont 2-0-ra kikaptunk Rom\u00e1ni\u00e1t\u00f3l. \u00cdgy v\u00e9g\u00fcl a 15 r\u00e9szt vev\u0151 v\u00e1logatott k\u00f6z\u00fcl a rendk\u00edv\u00fcl el\u0151kel\u0151 6 helyen z\u00e1rtuk a torn\u00e1t. Ez annak f\u00e9ny\u00e9ben k\u00fcl\u00f6n\u00f6sen is dics\u0151 dolog, hogy a t\u00f6bbi csapatban nem kev\u00e9s igazolt futsal j\u00e1t\u00e9kos volt, m\u00edg a magyar papok ink\u00e1bb \u201enosztalgia focist\u00e1k\u201d voltunk.<\/p>\n\n\t\t<style type=\"text\/css\">\n\t\t\t#gallery-1 {\n\t\t\t\tmargin: auto;\n\t\t\t}\n\t\t\t#gallery-1 .gallery-item {\n\t\t\t\tfloat: left;\n\t\t\t\tmargin-top: 10px;\n\t\t\t\ttext-align: center;\n\t\t\t\twidth: 33%;\n\t\t\t}\n\t\t\t#gallery-1 img {\n\t\t\t\tborder: 2px solid #cfcfcf;\n\t\t\t}\n\t\t\t#gallery-1 .gallery-caption {\n\t\t\t\tmargin-left: 0;\n\t\t\t}\n\t\t\t\/* see gallery_shortcode() in wp-includes\/media.php *\/\n\t\t<\/style>\n\t\t<div id='gallery-1' class='gallery galleryid-1286 gallery-columns-3 gallery-size-thumbnail'><dl class='gallery-item'>\n\t\t\t<dt class='gallery-icon landscape'>\n\t\t\t\t<a href='http:\/\/csapokert.gorogkatolikus.hu\/?attachment_id=1305'><img width=\"150\" height=\"150\" src=\"http:\/\/csapokert.gorogkatolikus.hu\/wp-content\/uploads\/2017\/03\/ResizeImage-150x150.jpg\" class=\"attachment-thumbnail size-thumbnail\" alt=\"\" decoding=\"async\" loading=\"lazy\" \/><\/a>\n\t\t\t<\/dt><\/dl><dl class='gallery-item'>\n\t\t\t<dt class='gallery-icon landscape'>\n\t\t\t\t<a href='http:\/\/csapokert.gorogkatolikus.hu\/?attachment_id=1304'><img width=\"150\" height=\"150\" src=\"http:\/\/csapokert.gorogkatolikus.hu\/wp-content\/uploads\/2017\/03\/PXL_210217_15681787-150x150.jpg\" class=\"attachment-thumbnail size-thumbnail\" alt=\"\" decoding=\"async\" loading=\"lazy\" aria-describedby=\"gallery-1-1304\" \/><\/a>\n\t\t\t<\/dt>\n\t\t\t\t<dd class='wp-caption-text gallery-caption' id='gallery-1-1304'>\n\t\t\t\t21.02.2017., Vukovar &#8211; Europsko prvenstvo za svecenike u malom nogometu, Hrvatska &#8211; Slovenija. \nPhoto: Davor Javorovic\/PIXSELL\n\t\t\t\t<\/dd><\/dl><dl class='gallery-item'>\n\t\t\t<dt class='gallery-icon landscape'>\n\t\t\t\t<a href='http:\/\/csapokert.gorogkatolikus.hu\/?attachment_id=1300'><img width=\"150\" height=\"150\" src=\"http:\/\/csapokert.gorogkatolikus.hu\/wp-content\/uploads\/2017\/03\/DSCN1372-150x150.jpg\" class=\"attachment-thumbnail size-thumbnail\" alt=\"\" decoding=\"async\" loading=\"lazy\" \/><\/a>\n\t\t\t<\/dt><\/dl><br style=\"clear: both\" \/><dl class='gallery-item'>\n\t\t\t<dt class='gallery-icon landscape'>\n\t\t\t\t<a href='http:\/\/csapokert.gorogkatolikus.hu\/?attachment_id=1301'><img width=\"150\" height=\"150\" src=\"http:\/\/csapokert.gorogkatolikus.hu\/wp-content\/uploads\/2017\/03\/DSCN1376-150x150.jpg\" class=\"attachment-thumbnail size-thumbnail\" alt=\"\" decoding=\"async\" loading=\"lazy\" \/><\/a>\n\t\t\t<\/dt><\/dl><dl class='gallery-item'>\n\t\t\t<dt class='gallery-icon landscape'>\n\t\t\t\t<a href='http:\/\/csapokert.gorogkatolikus.hu\/?attachment_id=1302'><img width=\"150\" height=\"150\" src=\"http:\/\/csapokert.gorogkatolikus.hu\/wp-content\/uploads\/2017\/03\/EP-za-svecenike-u-malom-nogometu-150x150.jpg\" class=\"attachment-thumbnail size-thumbnail\" alt=\"\" decoding=\"async\" loading=\"lazy\" \/><\/a>\n\t\t\t<\/dt><\/dl><dl class='gallery-item'>\n\t\t\t<dt class='gallery-icon landscape'>\n\t\t\t\t<a href='http:\/\/csapokert.gorogkatolikus.hu\/?attachment_id=1303'><img width=\"150\" height=\"150\" src=\"http:\/\/csapokert.gorogkatolikus.hu\/wp-content\/uploads\/2017\/03\/maxresdefault-150x150.jpg\" class=\"attachment-thumbnail size-thumbnail\" alt=\"\" decoding=\"async\" loading=\"lazy\" \/><\/a>\n\t\t\t<\/dt><\/dl><br style=\"clear: both\" \/><dl class='gallery-item'>\n\t\t\t<dt class='gallery-icon landscape'>\n\t\t\t\t<a href='http:\/\/csapokert.gorogkatolikus.hu\/?attachment_id=1307'><img width=\"150\" height=\"150\" src=\"http:\/\/csapokert.gorogkatolikus.hu\/wp-content\/uploads\/2017\/03\/svec-v-150x150.jpg\" class=\"attachment-thumbnail size-thumbnail\" alt=\"\" decoding=\"async\" loading=\"lazy\" \/><\/a>\n\t\t\t<\/dt><\/dl><dl class='gallery-item'>\n\t\t\t<dt class='gallery-icon landscape'>\n\t\t\t\t<a href='http:\/\/csapokert.gorogkatolikus.hu\/?attachment_id=1306'><img width=\"150\" height=\"150\" src=\"http:\/\/csapokert.gorogkatolikus.hu\/wp-content\/uploads\/2017\/03\/sve\u0107enici-Kopiraj-150x150.jpg\" class=\"attachment-thumbnail size-thumbnail\" alt=\"\" decoding=\"async\" loading=\"lazy\" \/><\/a>\n\t\t\t<\/dt><\/dl><dl class='gallery-item'>\n\t\t\t<dt class='gallery-icon landscape'>\n\t\t\t\t<a href='http:\/\/csapokert.gorogkatolikus.hu\/?attachment_id=1299'><img width=\"150\" height=\"150\" src=\"http:\/\/csapokert.gorogkatolikus.hu\/wp-content\/uploads\/2017\/03\/DSCN1369-150x150.jpg\" class=\"attachment-thumbnail size-thumbnail\" alt=\"\" decoding=\"async\" loading=\"lazy\" \/><\/a>\n\t\t\t<\/dt><\/dl><br style=\"clear: both\" \/><dl class='gallery-item'>\n\t\t\t<dt class='gallery-icon landscape'>\n\t\t\t\t<a href='http:\/\/csapokert.gorogkatolikus.hu\/?attachment_id=1298'><img width=\"150\" height=\"150\" src=\"http:\/\/csapokert.gorogkatolikus.hu\/wp-content\/uploads\/2017\/03\/DSCN1368-150x150.jpg\" class=\"attachment-thumbnail size-thumbnail\" alt=\"\" decoding=\"async\" loading=\"lazy\" \/><\/a>\n\t\t\t<\/dt><\/dl><dl class='gallery-item'>\n\t\t\t<dt class='gallery-icon landscape'>\n\t\t\t\t<a href='http:\/\/csapokert.gorogkatolikus.hu\/?attachment_id=1297'><img width=\"150\" height=\"150\" src=\"http:\/\/csapokert.gorogkatolikus.hu\/wp-content\/uploads\/2017\/03\/DSCN1366-150x150.jpg\" class=\"attachment-thumbnail size-thumbnail\" alt=\"\" decoding=\"async\" loading=\"lazy\" \/><\/a>\n\t\t\t<\/dt><\/dl><dl class='gallery-item'>\n\t\t\t<dt class='gallery-icon landscape'>\n\t\t\t\t<a href='http:\/\/csapokert.gorogkatolikus.hu\/?attachment_id=1296'><img width=\"150\" height=\"150\" src=\"http:\/\/csapokert.gorogkatolikus.hu\/wp-content\/uploads\/2017\/03\/DSCN1360-150x150.jpg\" class=\"attachment-thumbnail size-thumbnail\" alt=\"\" decoding=\"async\" loading=\"lazy\" \/><\/a>\n\t\t\t<\/dt><\/dl><br style=\"clear: both\" \/><dl class='gallery-item'>\n\t\t\t<dt class='gallery-icon landscape'>\n\t\t\t\t<a href='http:\/\/csapokert.gorogkatolikus.hu\/?attachment_id=1295'><img width=\"150\" height=\"150\" src=\"http:\/\/csapokert.gorogkatolikus.hu\/wp-content\/uploads\/2017\/03\/DSCN1357-150x150.jpg\" class=\"attachment-thumbnail size-thumbnail\" alt=\"\" decoding=\"async\" loading=\"lazy\" \/><\/a>\n\t\t\t<\/dt><\/dl><dl class='gallery-item'>\n\t\t\t<dt class='gallery-icon landscape'>\n\t\t\t\t<a href='http:\/\/csapokert.gorogkatolikus.hu\/?attachment_id=1294'><img width=\"150\" height=\"150\" src=\"http:\/\/csapokert.gorogkatolikus.hu\/wp-content\/uploads\/2017\/03\/DSCN1355-150x150.jpg\" class=\"attachment-thumbnail size-thumbnail\" alt=\"\" decoding=\"async\" loading=\"lazy\" \/><\/a>\n\t\t\t<\/dt><\/dl><dl class='gallery-item'>\n\t\t\t<dt class='gallery-icon landscape'>\n\t\t\t\t<a href='http:\/\/csapokert.gorogkatolikus.hu\/?attachment_id=1292'><img width=\"150\" height=\"150\" src=\"http:\/\/csapokert.gorogkatolikus.hu\/wp-content\/uploads\/2017\/03\/DSCN1351-150x150.jpg\" class=\"attachment-thumbnail size-thumbnail\" alt=\"\" decoding=\"async\" loading=\"lazy\" \/><\/a>\n\t\t\t<\/dt><\/dl><br style=\"clear: both\" \/><dl class='gallery-item'>\n\t\t\t<dt class='gallery-icon landscape'>\n\t\t\t\t<a href='http:\/\/csapokert.gorogkatolikus.hu\/?attachment_id=1291'><img width=\"150\" height=\"150\" src=\"http:\/\/csapokert.gorogkatolikus.hu\/wp-content\/uploads\/2017\/03\/DSCN1348-150x150.jpg\" class=\"attachment-thumbnail size-thumbnail\" alt=\"\" decoding=\"async\" loading=\"lazy\" \/><\/a>\n\t\t\t<\/dt><\/dl><dl class='gallery-item'>\n\t\t\t<dt class='gallery-icon portrait'>\n\t\t\t\t<a href='http:\/\/csapokert.gorogkatolikus.hu\/?attachment_id=1289'><img width=\"150\" height=\"150\" src=\"http:\/\/csapokert.gorogkatolikus.hu\/wp-content\/uploads\/2017\/03\/C5MW6wYWAAEm7mP-150x150.jpg\" class=\"attachment-thumbnail size-thumbnail\" alt=\"\" decoding=\"async\" loading=\"lazy\" \/><\/a>\n\t\t\t<\/dt><\/dl><dl class='gallery-item'>\n\t\t\t<dt class='gallery-icon landscape'>\n\t\t\t\t<a href='http:\/\/csapokert.gorogkatolikus.hu\/?attachment_id=1288'><img width=\"150\" height=\"150\" src=\"http:\/\/csapokert.gorogkatolikus.hu\/wp-content\/uploads\/2017\/03\/79cea0cf0cabb5472eaa39d352148ed8_XL-150x150.jpg\" class=\"attachment-thumbnail size-thumbnail\" alt=\"\" decoding=\"async\" loading=\"lazy\" \/><\/a>\n\t\t\t<\/dt><\/dl><br style=\"clear: both\" \/><dl class='gallery-item'>\n\t\t\t<dt class='gallery-icon landscape'>\n\t\t\t\t<a href='http:\/\/csapokert.gorogkatolikus.hu\/?attachment_id=1287'><img width=\"150\" height=\"150\" src=\"http:\/\/csapokert.gorogkatolikus.hu\/wp-content\/uploads\/2017\/03\/2a3b40787b1ce6473aafba2d14fba6e0-150x150.jpg\" class=\"attachment-thumbnail size-thumbnail\" alt=\"\" decoding=\"async\" loading=\"lazy\" srcset=\"http:\/\/csapokert.gorogkatolikus.hu\/wp-content\/uploads\/2017\/03\/2a3b40787b1ce6473aafba2d14fba6e0-150x150.jpg 150w, http:\/\/csapokert.gorogkatolikus.hu\/wp-content\/uploads\/2017\/03\/2a3b40787b1ce6473aafba2d14fba6e0.jpg 250w\" sizes=\"(max-width: 150px) 100vw, 150px\" \/><\/a>\n\t\t\t<\/dt><\/dl>\n\t\t\t<br style='clear: both' \/>\n\t\t<\/div>\n\n","protected":false},"excerpt":{"rendered":"<p>Az id\u00e9n 11. alkalommal ker\u00fclt megrendez\u00e9sre a katolikus papok Futsal Eur\u00f3pa-bajnoks\u00e1ga. Horv\u00e1torsz\u00e1g modernkori t\u00f6rt\u00e9nelm\u00e9nek legh\u0151siesebb \u00e9s legtragikusabb sors\u00fa v\u00e1ros\u00e1ban Vukov\u00e1ron folytat\u00f3dtak a csapatok k\u00fczdelmei. A r\u00e9sztvev\u0151k megtekintett\u00e9k a d\u00e9lszl\u00e1v h\u00e1bor\u00faban elesett \u00e9s kiv\u00e9gzett h\u0151s\u00f6k eml\u00e9khelyeit, majd k\u00f6zel 200 pap \u00e1ltal koncelebr\u00e1lt szentmis\u00e9ben eml\u00e9keztek meg mind a h\u0151si halottakr\u00f3l, illetve im\u00e1dkoztak a b\u00e9k\u00e9\u00e9rt, az Egyh\u00e1z egys\u00e9g\u00e9\u00e9rt.<\/p>\n","protected":false},"author":3,"featured_media":1299,"comment_status":"closed","ping_status":"closed","sticky":false,"template":"","format":"standard","meta":{"ngg_post_thumbnail":0},"categories":[1],"tags":[],"_links":{"self":[{"href":"http:\/\/csapokert.gorogkatolikus.hu\/index.php?rest_route=\/wp\/v2\/posts\/1286"}],"collection":[{"href":"http:\/\/csapokert.gorogkatolikus.hu\/index.php?rest_route=\/wp\/v2\/posts"}],"about":[{"href":"http:\/\/csapokert.gorogkatolikus.hu\/index.php?rest_route=\/wp\/v2\/types\/post"}],"author":[{"embeddable":true,"href":"http:\/\/csapokert.gorogkatolikus.hu\/index.php?rest_route=\/wp\/v2\/users\/3"}],"replies":[{"embeddable":true,"href":"http:\/\/csapokert.gorogkatolikus.hu\/index.php?rest_route=%2Fwp%2Fv2%2Fcomments&post=1286"}],"version-history":[{"count":3,"href":"http:\/\/csapokert.gorogkatolikus.hu\/index.php?rest_route=\/wp\/v2\/posts\/1286\/revisions"}],"predecessor-version":[{"id":1309,"href":"http:\/\/csapokert.gorogkatolikus.hu\/index.php?rest_route=\/wp\/v2\/posts\/1286\/revisions\/1309"}],"wp:featuredmedia":[{"embeddable":true,"href":"http:\/\/csapokert.gorogkatolikus.hu\/index.php?rest_route=\/wp\/v2\/media\/1299"}],"wp:attachment":[{"href":"http:\/\/csapokert.gorogkatolikus.hu\/index.php?rest_route=%2Fwp%2Fv2%2Fmedia&parent=1286"}],"wp:term":[{"taxonomy":"category","embeddable":true,"href":"http:\/\/csapokert.gorogkatolikus.hu\/index.php?rest_route=%2Fwp%2Fv2%2Fcategories&post=1286"},{"taxonomy":"post_tag","embeddable":true,"href":"http:\/\/csapokert.gorogkatolikus.hu\/index.php?rest_route=%2Fwp%2Fv2%2Ftags&post=1286"}],"curies":[{"name":"wp","href":"https:\/\/api.w.org\/{rel}","templated":true}]}}