{"id":1312,"date":"2017-03-22T18:16:48","date_gmt":"2017-03-22T18:16:48","guid":{"rendered":"http:\/\/csapokert.gorogkatolikus.hu\/?p=1312"},"modified":"2017-03-22T18:18:12","modified_gmt":"2017-03-22T18:18:12","slug":"baba-mama-klub-a-gorog-oviban","status":"publish","type":"post","link":"http:\/\/csapokert.gorogkatolikus.hu\/?p=1312","title":{"rendered":"Baba-Mama Klub a G\u00f6r\u00f6g oviban!"},"content":{"rendered":"<pre><a href=\"http:\/\/csapokert.gorogkatolikus.hu\/wp-content\/uploads\/2017\/03\/baba-mama-1.1B.jpg\"><img decoding=\"async\" loading=\"lazy\" class=\"alignleft size-thumbnail wp-image-1313\" src=\"http:\/\/csapokert.gorogkatolikus.hu\/wp-content\/uploads\/2017\/03\/baba-mama-1.1B-150x150.jpg\" alt=\"\" width=\"150\" height=\"150\" \/><\/a>Hi\u00e1nyp\u00f3tl\u00f3 foglalkoz\u00e1sra, tal\u00e1lkoz\u00f3ra v\u00e1rj\u00e1k a kismam\u00e1kat Debrecenben. A j\u00f6v\u0151ben G\u00f6r\u00f6gkatolikus Baba-Mama Klubot rendeznek k\u00e9thetente a Szent Efr\u00e9m G\u00f6r\u00f6gkatolikus \u00d3vod\u00e1ban (Debrecen, V\u00edgkedv\u0171 Mih\u00e1ly u. 5.). A foglalkoz\u00e1sokat M\u00e1rkus Rubina \u00e9s Ferenci D\u00f3ra \u00f3vodapedag\u00f3gusok tartj\u00e1k, emellett vend\u00e9g el\u0151ad\u00f3k is lesznek, t\u00f6bbek k\u00f6z\u00f6tt v\u00e9d\u0151n\u0151ket is v\u00e1rnak a klubba.<\/pre>\n<pre><strong>Az els\u0151 tal\u00e1lkoz\u00f3 m\u00e1rcius 30-\u00e1n, cs\u00fct\u00f6rt\u00f6k\u00f6n lesz, 08.45-t\u0151l,<\/strong> majd k\u00e9thetente j\u00f6nnek \u00f6ssze a mam\u00e1k \u00e9s a bab\u00e1k.\r\n\r\n<!--more-->\r\n\r\n<strong>Az els\u0151 tal\u00e1lkoz\u00f3 m\u00e1rcius 30-\u00e1n, cs\u00fct\u00f6rt\u00f6k\u00f6n lesz, 08.45-t\u0151l,<\/strong> majd k\u00e9thetente j\u00f6nnek \u00f6ssze a mam\u00e1k \u00e9s a bab\u00e1k. Felekezett\u0151l f\u00fcggetlen\u00fcl v\u00e1rj\u00e1k az \u00e9rdekl\u0151d\u0151 anyuk\u00e1kat \u00e9s a legfeljebb 3 \u00e9ves kor\u00fa gyermek\u00fcket. A csoportot meg lehet tal\u00e1lni a k\u00f6z\u00f6ss\u00e9gi oldalon is G\u00f6r\u00f6g Baba-Mama Klub n\u00e9ven:\u00a0https:\/\/www.facebook.com\/gorogbabamama\/?fref=ts\r\n\r\nA \u201eCsap\u00f3kert \u00e9s \u00c9rmell\u00e9k a nagyobb csal\u00e1dok\u00e9rt\u201d elnevez\u00e9s\u0171 projekt c\u00e9lja, hogy a kisgyermekkel otthon l\u00e9v\u0151 anyuk\u00e1knak szervezzenek egy k\u00f6z\u00f6s tal\u00e1lkoz\u00e1si pontot, ahol tapasztalatcser\u00e9re is lesz lehet\u0151s\u00e9g\r\n\r\nA projekt az EFOP-1.2.1-15-2016-0418-as sz\u00e1m\u00fa p\u00e1ly\u00e1zat r\u00e9szek\u00e9nt val\u00f3sul meg.<\/pre>\n<p><em>hd.gorogkatolikus.hu<\/em><\/p>\n<p>&nbsp;<\/p>\n","protected":false},"excerpt":{"rendered":"<p>Hi\u00e1nyp\u00f3tl\u00f3 foglalkoz\u00e1sra, tal\u00e1lkoz\u00f3ra v\u00e1rj\u00e1k a kismam\u00e1kat Debrecenben. A j\u00f6v\u0151ben G\u00f6r\u00f6gkatolikus Baba-Mama Klubot rendeznek k\u00e9thetente a Szent Efr\u00e9m G\u00f6r\u00f6gkatolikus \u00d3vod\u00e1ban (Debrecen, V\u00edgkedv\u0171 Mih\u00e1ly u. 5.). A foglalkoz\u00e1sokat M\u00e1rkus Rubina \u00e9s Ferenci D\u00f3ra \u00f3vodapedag\u00f3gusok tartj\u00e1k, emellett vend\u00e9g el\u0151ad\u00f3k is lesznek, t\u00f6bbek k\u00f6z\u00f6tt v\u00e9d\u0151n\u0151ket is v\u00e1rnak a klubba. Az els\u0151 tal\u00e1lkoz\u00f3 m\u00e1rcius 30-\u00e1n, cs\u00fct\u00f6rt\u00f6k\u00f6n lesz, 08.45-t\u0151l, majd k\u00e9thetente [&hellip;]<\/p>\n","protected":false},"author":3,"featured_media":0,"comment_status":"closed","ping_status":"closed","sticky":false,"template":"","format":"standard","meta":{"ngg_post_thumbnail":0},"categories":[1],"tags":[],"_links":{"self":[{"href":"http:\/\/csapokert.gorogkatolikus.hu\/index.php?rest_route=\/wp\/v2\/posts\/1312"}],"collection":[{"href":"http:\/\/csapokert.gorogkatolikus.hu\/index.php?rest_route=\/wp\/v2\/posts"}],"about":[{"href":"http:\/\/csapokert.gorogkatolikus.hu\/index.php?rest_route=\/wp\/v2\/types\/post"}],"author":[{"embeddable":true,"href":"http:\/\/csapokert.gorogkatolikus.hu\/index.php?rest_route=\/wp\/v2\/users\/3"}],"replies":[{"embeddable":true,"href":"http:\/\/csapokert.gorogkatolikus.hu\/index.php?rest_route=%2Fwp%2Fv2%2Fcomments&post=1312"}],"version-history":[{"count":4,"href":"http:\/\/csapokert.gorogkatolikus.hu\/index.php?rest_route=\/wp\/v2\/posts\/1312\/revisions"}],"predecessor-version":[{"id":1316,"href":"http:\/\/csapokert.gorogkatolikus.hu\/index.php?rest_route=\/wp\/v2\/posts\/1312\/revisions\/1316"}],"wp:attachment":[{"href":"http:\/\/csapokert.gorogkatolikus.hu\/index.php?rest_route=%2Fwp%2Fv2%2Fmedia&parent=1312"}],"wp:term":[{"taxonomy":"category","embeddable":true,"href":"http:\/\/csapokert.gorogkatolikus.hu\/index.php?rest_route=%2Fwp%2Fv2%2Fcategories&post=1312"},{"taxonomy":"post_tag","embeddable":true,"href":"http:\/\/csapokert.gorogkatolikus.hu\/index.php?rest_route=%2Fwp%2Fv2%2Ftags&post=1312"}],"curies":[{"name":"wp","href":"https:\/\/api.w.org\/{rel}","templated":true}]}}