{"id":1352,"date":"2017-03-25T15:29:48","date_gmt":"2017-03-25T15:29:48","guid":{"rendered":"http:\/\/csapokert.gorogkatolikus.hu\/?p=1352"},"modified":"2017-03-25T15:29:48","modified_gmt":"2017-03-25T15:29:48","slug":"erseki-eloszenteltek-liturgiaja","status":"publish","type":"post","link":"http:\/\/csapokert.gorogkatolikus.hu\/?p=1352","title":{"rendered":"\u00c9rseki El\u0151szenteltek Liturgi\u00e1ja"},"content":{"rendered":"<p>\u00c1prilis 5-\u00e9n, szerd\u00e1n 17:30 t\u00f3l <strong>Kocsis \u00a0F\u00fcl\u00f6p \u00c9rsek-metropolita<\/strong> v\u00e9gzi az El\u0151szenteltek Liturgi\u00e1j\u00e1t templomunkban.<\/p>\n<p>V\u00e1runk mindenkit szeretettel!<\/p>\n","protected":false},"excerpt":{"rendered":"<p>\u00c1prilis 5-\u00e9n, szerd\u00e1n 17:30 t\u00f3l Kocsis \u00a0F\u00fcl\u00f6p \u00c9rsek-metropolita v\u00e9gzi az El\u0151szenteltek Liturgi\u00e1j\u00e1t templomunkban. V\u00e1runk mindenkit szeretettel!<\/p>\n","protected":false},"author":3,"featured_media":0,"comment_status":"closed","ping_status":"closed","sticky":false,"template":"","format":"standard","meta":{"ngg_post_thumbnail":0},"categories":[1],"tags":[],"_links":{"self":[{"href":"http:\/\/csapokert.gorogkatolikus.hu\/index.php?rest_route=\/wp\/v2\/posts\/1352"}],"collection":[{"href":"http:\/\/csapokert.gorogkatolikus.hu\/index.php?rest_route=\/wp\/v2\/posts"}],"about":[{"href":"http:\/\/csapokert.gorogkatolikus.hu\/index.php?rest_route=\/wp\/v2\/types\/post"}],"author":[{"embeddable":true,"href":"http:\/\/csapokert.gorogkatolikus.hu\/index.php?rest_route=\/wp\/v2\/users\/3"}],"replies":[{"embeddable":true,"href":"http:\/\/csapokert.gorogkatolikus.hu\/index.php?rest_route=%2Fwp%2Fv2%2Fcomments&post=1352"}],"version-history":[{"count":1,"href":"http:\/\/csapokert.gorogkatolikus.hu\/index.php?rest_route=\/wp\/v2\/posts\/1352\/revisions"}],"predecessor-version":[{"id":1353,"href":"http:\/\/csapokert.gorogkatolikus.hu\/index.php?rest_route=\/wp\/v2\/posts\/1352\/revisions\/1353"}],"wp:attachment":[{"href":"http:\/\/csapokert.gorogkatolikus.hu\/index.php?rest_route=%2Fwp%2Fv2%2Fmedia&parent=1352"}],"wp:term":[{"taxonomy":"category","embeddable":true,"href":"http:\/\/csapokert.gorogkatolikus.hu\/index.php?rest_route=%2Fwp%2Fv2%2Fcategories&post=1352"},{"taxonomy":"post_tag","embeddable":true,"href":"http:\/\/csapokert.gorogkatolikus.hu\/index.php?rest_route=%2Fwp%2Fv2%2Ftags&post=1352"}],"curies":[{"name":"wp","href":"https:\/\/api.w.org\/{rel}","templated":true}]}}