{"id":1363,"date":"2017-04-22T18:25:19","date_gmt":"2017-04-22T18:25:19","guid":{"rendered":"http:\/\/csapokert.gorogkatolikus.hu\/?p=1363"},"modified":"2019-09-02T10:00:04","modified_gmt":"2019-09-02T10:00:04","slug":"husvet-unnepe-csapokertben","status":"publish","type":"post","link":"http:\/\/csapokert.gorogkatolikus.hu\/?p=1363","title":{"rendered":"H\u00fasv\u00e9t \u00fcnnepe Csap\u00f3kertben 2017"},"content":{"rendered":"<p>&nbsp;<\/p>\n<p><img decoding=\"async\" loading=\"lazy\" class=\"alignleft size-medium wp-image-2195\" src=\"http:\/\/csapokert.gorogkatolikus.hu\/wp-content\/uploads\/2017\/04\/IMG_4816.jpg\" alt=\"\" width=\"300\" height=\"200\" \/><\/p>\n<p><a href=\"http:\/\/csapokert.gorogkatolikus.hu\/wp-content\/uploads\/2017\/04\/IMG_4602.jpg\">Egyh\u00e1zk\u00f6zs\u00e9g\u00fcnk az \u00e9venk\u00e9nti szok\u00e1sos felt\u00e1mad\u00e1si szertart\u00e1st 2017. \u00e1prilis 16-\u00e1n vas\u00e1rnap 5 \u00f3r\u00e1ra hirdette meg. El\u0151z\u0151leg a templomot vir\u00e1gokkal d\u00edsz\u00edtett\u00fck, hogy m\u00e9lt\u00f3 legyen erre az alkalomra. A h\u00edvek \u00e9rkez\u00e9se el\u0151tt a templom udvar\u00e1n gyerty\u00e1ka<\/a><a href=\"http:\/\/csapokert.gorogkatolikus.hu\/wp-content\/uploads\/2017\/04\/IMG_4602.jpg\">t gy\u00fajtottunk a megfelel\u0151 hangulat megteremt\u00e9s\u00e9hez. A gy\u00fclekezet tagjai \u00edgy a m\u00e9g s\u00f6t\u00e9t templomba \u00e9rkeztek. A szertart\u00e1s kezdet\u00e9n dr Szarka Gergely parochus egy sz\u00e1l \u00e9g\u0151 gyerty\u00e1val elind\u00edtotta a l\u00e1ngot, mely tov\u00e1bb terjedhetett a jelenl\u00e9v\u0151k k\u00f6z\u00f6tt. A mag\u00e1val ragad\u00f3 kezd\u00e9st k\u00f6vet\u0151en a templom udvar\u00e1n vett\u00fcnk r\u00e9szt egy r\u00f6vidke kis k\u00f6rmeneten, mik\u00f6zben \u00e9nekeket zengett\u00fcnk.<\/a><\/p>\n<p>&nbsp;<\/p>\n<p><!--more--><\/p>\n<p><a href=\"http:\/\/csapokert.gorogkatolikus.hu\/wp-content\/uploads\/2017\/04\/IMG_4730.jpg\"><img decoding=\"async\" loading=\"lazy\" class=\"alignleft size-medium wp-image-2192\" src=\"http:\/\/csapokert.gorogkatolikus.hu\/wp-content\/uploads\/2017\/04\/IMG_4730.jpg\" alt=\"\" width=\"300\" height=\"200\" \/><\/a><img decoding=\"async\" loading=\"lazy\" class=\"alignleft size-medium wp-image-2189\" src=\"http:\/\/csapokert.gorogkatolikus.hu\/wp-content\/uploads\/2017\/04\/IMG_4608.jpg\" alt=\"\" width=\"300\" height=\"200\" \/>\u00a0<a href=\"http:\/\/csapokert.gorogkatolikus.hu\/wp-content\/uploads\/2017\/04\/IMG_4391.jpg\"><img decoding=\"async\" loading=\"lazy\" class=\"alignleft size-medium wp-image-2170\" src=\"http:\/\/csapokert.gorogkatolikus.hu\/wp-content\/uploads\/2017\/04\/IMG_4391.jpg\" alt=\"\" width=\"300\" height=\"200\" \/><\/a> <a href=\"http:\/\/csapokert.gorogkatolikus.hu\/wp-content\/uploads\/2017\/04\/IMG_4403.jpg\"><img decoding=\"async\" loading=\"lazy\" class=\"alignleft size-medium wp-image-2171\" src=\"http:\/\/csapokert.gorogkatolikus.hu\/wp-content\/uploads\/2017\/04\/IMG_4403.jpg\" alt=\"\" width=\"300\" height=\"200\" \/><\/a> <a href=\"http:\/\/csapokert.gorogkatolikus.hu\/wp-content\/uploads\/2017\/04\/IMG_4408.jpg\"><img decoding=\"async\" loading=\"lazy\" class=\"alignleft size-medium wp-image-2172\" src=\"http:\/\/csapokert.gorogkatolikus.hu\/wp-content\/uploads\/2017\/04\/IMG_4408.jpg\" alt=\"\" width=\"300\" height=\"200\" \/><\/a><a href=\"http:\/\/csapokert.gorogkatolikus.hu\/wp-content\/uploads\/2017\/04\/IMG_4436.jpg\"><img decoding=\"async\" loading=\"lazy\" class=\"alignleft size-medium wp-image-2174\" src=\"http:\/\/csapokert.gorogkatolikus.hu\/wp-content\/uploads\/2017\/04\/IMG_4436.jpg\" alt=\"\" width=\"300\" height=\"200\" \/><\/a><\/p>\n<p><a href=\"http:\/\/csapokert.gorogkatolikus.hu\/wp-content\/uploads\/2017\/04\/IMG_4466.jpg\"><img decoding=\"async\" loading=\"lazy\" class=\"size-medium wp-image-2176 alignnone\" src=\"http:\/\/csapokert.gorogkatolikus.hu\/wp-content\/uploads\/2017\/04\/IMG_4466.jpg\" alt=\"\" width=\"300\" height=\"200\" \/><\/a><\/p>\n<p><a href=\"http:\/\/csapokert.gorogkatolikus.hu\/wp-content\/uploads\/2017\/04\/IMG_4492.jpg\"><img decoding=\"async\" loading=\"lazy\" class=\"size-medium wp-image-2177 alignnone\" src=\"http:\/\/csapokert.gorogkatolikus.hu\/wp-content\/uploads\/2017\/04\/IMG_4492.jpg\" alt=\"\" width=\"300\" height=\"200\" \/><\/a> <a href=\"http:\/\/csapokert.gorogkatolikus.hu\/wp-content\/uploads\/2017\/04\/IMG_4509.jpg\"><img decoding=\"async\" loading=\"lazy\" class=\"alignleft size-medium wp-image-2178\" src=\"http:\/\/csapokert.gorogkatolikus.hu\/wp-content\/uploads\/2017\/04\/IMG_4509.jpg\" alt=\"\" width=\"200\" height=\"300\" \/><\/a> <a href=\"http:\/\/csapokert.gorogkatolikus.hu\/wp-content\/uploads\/2017\/04\/IMG_4530.jpg\"><img decoding=\"async\" loading=\"lazy\" class=\"alignleft size-medium wp-image-2179\" src=\"http:\/\/csapokert.gorogkatolikus.hu\/wp-content\/uploads\/2017\/04\/IMG_4530.jpg\" alt=\"\" width=\"300\" height=\"200\" \/><\/a> <a href=\"http:\/\/csapokert.gorogkatolikus.hu\/wp-content\/uploads\/2017\/04\/IMG_4538.jpg\"><img decoding=\"async\" loading=\"lazy\" class=\"alignleft size-medium wp-image-2180\" src=\"http:\/\/csapokert.gorogkatolikus.hu\/wp-content\/uploads\/2017\/04\/IMG_4538.jpg\" alt=\"\" width=\"300\" height=\"200\" \/><\/a><\/p>\n<pre>Majd a templom ajtaj\u00e1ban meg\u00e1llva tov\u00e1bb folyt a szertart\u00e1s menete. Ezt k\u00f6vet\u0151en ism\u00e9t a templom falai k\u00f6z\u00e9 l\u00e9pt\u00fcnk, s ekkor m\u00e1r a bent is l\u00e1mp\u00e1k gy\u00faltak mesterien szimboliz\u00e1lva ezzel a s\u00f6t\u00e9ts\u00e9gb\u0151l a vil\u00e1goss\u00e1gba val\u00f3 \u00e1tmenetet.\r\n\r\nA k\u00fcl\u00f6nlegesen sz\u00e9p szertart\u00e1st k\u00f6vet\u0151en minden kedves testv\u00e9r\u00fcnket vend\u00e9g\u00fcl l\u00e1ttunk az ekkor szok\u00e1sos sonk\u00e1val \u00e9s kal\u00e1ccsal, \u00e9s akik kedvet \u00e9reztek hozz\u00e1, koccinthattak egy poh\u00e1rka borral is. A templomkertben tal\u00e1lhat\u00f3 k\u00f6z\u00f6ss\u00e9gi h\u00e1z adott otthont ennek a r\u00f6vid kis \u00f6sszej\u00f6vetelnek. Ez k\u00fcl\u00f6n\u00f6sen azok sz\u00e1m\u00e1ra volt igaz\u00e1n fontos, akik val\u00f3ban tartott\u00e1k a 40 napos b\u00f6jt\u00f6t.\r\n\r\nAz \u00dcnnepi Liturgia kezdet\u00e9t 9.30-ra \u00edrtuk ki. Ide is nagyon sokan ell\u00e1togattak. A szertart\u00e1s k\u00fcl\u00f6nleges \u00e9s mag\u00e1val ragad\u00f3 volt. A sorok k\u00f6z\u00f6tt elhelyezett \u00e9telekkel teli kosarak \u00fcnnep\u00e9lyes \u00f6lt\u00f6zetet adtak az egy\u00e9bk\u00e9nt is \u201et\u00fcnd\u00f6kl\u0151en\u201d sz\u00e9p templomnak.\r\n\r\nA liturgia ut\u00e1n ism\u00e9t vend\u00e9gl\u00e1t\u00e1s k\u00f6vetkezett, az id\u0151j\u00e1r\u00e1s azonban m\u00e1r lehet\u0151v\u00e9 tette, hogy a templom el\u0151tt ter\u00edts\u00fcnk asztalt, \u00edgy minden t\u00e1voz\u00f3 mag\u00e1hoz tudott venni egy kis h\u00fasv\u00e9ti finoms\u00e1got, \u00e9s egym\u00e1s \u00f6r\u00f6m\u00e9re koccinthattak.\r\n\r\n\u00d6sszefoglal\u00e1sk\u00e9nt elmondhatjuk, hogy minden egyes jelenl\u00e9v\u0151 lelkileg felt\u00f6lt\u0151dve, gazdagon t\u00e9rhetett vissza az otthon\u00e1ba. B\u00edzunk benne, hogy a l\u00e1ngot, melyet itt gy\u00fajtottunk a sz\u00edvekben, mindenki a maga m\u00f3dj\u00e1n tov\u00e1bb\u00edtani tudja szerettei \u00e9s embert\u00e1rsai fel\u00e9.\r\n\r\nFullajt\u00e1r-T\u00f3th Judit\r\n\r\nA program az EFOP-1.2.1-15-2016-000418 nyertes p\u00e1ly\u00e1zat finansz\u00edroz\u00e1s\u00e1ban val\u00f3sult meg.<\/pre>\n<p>&nbsp;<\/p>\n<p><!-- index.php -->\n<div\n\tclass=\"ngg-galleryoverview ngg-ajax-pagination-none\"\n\tid=\"ngg-gallery-1587-1\">\n\n    \t<div class=\"slideshowlink\">\n        <a href='http:\/\/csapokert.gorogkatolikus.hu\/index.php\/nggallery\/slideshow?p=1363'>[Show slideshow]<\/a>\n\t\t\n\t<\/div>\n\t\t\t<!-- Thumbnails -->\n\t\t\t\t<div id=\"ngg-image-0\" class=\"ngg-gallery-thumbnail-box\" >\n\t\t\t\t        <div class=\"ngg-gallery-thumbnail\">\n            <a href=\"http:\/\/csapokert.gorogkatolikus.hu\/wp-content\/gallery\/2017.-H%C3%BAsv%C3%A9t\/1.jpg\"\n               title=\"\"\n               data-src=\"http:\/\/csapokert.gorogkatolikus.hu\/wp-content\/gallery\/2017.-H%C3%BAsv%C3%A9t\/1.jpg\"\n               data-thumbnail=\"http:\/\/csapokert.gorogkatolikus.hu\/wp-content\/gallery\/2017.-H%C3%BAsv%C3%A9t\/thumbs\/thumbs_1.jpg\"\n               data-image-id=\"546\"\n               data-title=\"1\"\n               data-description=\"\"\n               data-image-slug=\"1\"\n               class=\"ngg-fancybox\" rel=\"1587\">\n                <img\n                    title=\"1\"\n                    alt=\"1\"\n                    src=\"http:\/\/csapokert.gorogkatolikus.hu\/wp-content\/gallery\/2017.-H%C3%BAsv%C3%A9t\/thumbs\/thumbs_1.jpg\"\n                    width=\"120\"\n                    height=\"90\"\n                    style=\"max-width:100%;\"\n                \/>\n            <\/a>\n        <\/div>\n\t\t\t\t\t\t\t<\/div> \n\t\t\t\n        \n\t\t\t\t<div id=\"ngg-image-1\" class=\"ngg-gallery-thumbnail-box\" >\n\t\t\t\t        <div class=\"ngg-gallery-thumbnail\">\n            <a href=\"http:\/\/csapokert.gorogkatolikus.hu\/wp-content\/gallery\/2017.-H%C3%BAsv%C3%A9t\/4.jpg\"\n               title=\"\"\n               data-src=\"http:\/\/csapokert.gorogkatolikus.hu\/wp-content\/gallery\/2017.-H%C3%BAsv%C3%A9t\/4.jpg\"\n               data-thumbnail=\"http:\/\/csapokert.gorogkatolikus.hu\/wp-content\/gallery\/2017.-H%C3%BAsv%C3%A9t\/thumbs\/thumbs_4.jpg\"\n               data-image-id=\"549\"\n               data-title=\"4\"\n               data-description=\"\"\n               data-image-slug=\"4\"\n               class=\"ngg-fancybox\" rel=\"1587\">\n                <img\n                    title=\"4\"\n                    alt=\"4\"\n                    src=\"http:\/\/csapokert.gorogkatolikus.hu\/wp-content\/gallery\/2017.-H%C3%BAsv%C3%A9t\/thumbs\/thumbs_4.jpg\"\n                    width=\"120\"\n                    height=\"90\"\n                    style=\"max-width:100%;\"\n                \/>\n            <\/a>\n        <\/div>\n\t\t\t\t\t\t\t<\/div> \n\t\t\t\n        \n\t\t\t\t<div id=\"ngg-image-2\" class=\"ngg-gallery-thumbnail-box\" >\n\t\t\t\t        <div class=\"ngg-gallery-thumbnail\">\n            <a href=\"http:\/\/csapokert.gorogkatolikus.hu\/wp-content\/gallery\/2017.-H%C3%BAsv%C3%A9t\/3.jpg\"\n               title=\"\"\n               data-src=\"http:\/\/csapokert.gorogkatolikus.hu\/wp-content\/gallery\/2017.-H%C3%BAsv%C3%A9t\/3.jpg\"\n               data-thumbnail=\"http:\/\/csapokert.gorogkatolikus.hu\/wp-content\/gallery\/2017.-H%C3%BAsv%C3%A9t\/thumbs\/thumbs_3.jpg\"\n               data-image-id=\"548\"\n               data-title=\"3\"\n               data-description=\"\"\n               data-image-slug=\"3\"\n               class=\"ngg-fancybox\" rel=\"1587\">\n                <img\n                    title=\"3\"\n                    alt=\"3\"\n                    src=\"http:\/\/csapokert.gorogkatolikus.hu\/wp-content\/gallery\/2017.-H%C3%BAsv%C3%A9t\/thumbs\/thumbs_3.jpg\"\n                    width=\"120\"\n                    height=\"90\"\n                    style=\"max-width:100%;\"\n                \/>\n            <\/a>\n        <\/div>\n\t\t\t\t\t\t\t<\/div> \n\t\t\t\n        \n\t\t\t\t<div id=\"ngg-image-3\" class=\"ngg-gallery-thumbnail-box\" >\n\t\t\t\t        <div class=\"ngg-gallery-thumbnail\">\n            <a href=\"http:\/\/csapokert.gorogkatolikus.hu\/wp-content\/gallery\/2017.-H%C3%BAsv%C3%A9t\/5.jpg\"\n               title=\"\"\n               data-src=\"http:\/\/csapokert.gorogkatolikus.hu\/wp-content\/gallery\/2017.-H%C3%BAsv%C3%A9t\/5.jpg\"\n               data-thumbnail=\"http:\/\/csapokert.gorogkatolikus.hu\/wp-content\/gallery\/2017.-H%C3%BAsv%C3%A9t\/thumbs\/thumbs_5.jpg\"\n               data-image-id=\"550\"\n               data-title=\"5\"\n               data-description=\"\"\n               data-image-slug=\"5-1\"\n               class=\"ngg-fancybox\" rel=\"1587\">\n                <img\n                    title=\"5\"\n                    alt=\"5\"\n                    src=\"http:\/\/csapokert.gorogkatolikus.hu\/wp-content\/gallery\/2017.-H%C3%BAsv%C3%A9t\/thumbs\/thumbs_5.jpg\"\n                    width=\"120\"\n                    height=\"90\"\n                    style=\"max-width:100%;\"\n                \/>\n            <\/a>\n        <\/div>\n\t\t\t\t\t\t\t<\/div> \n\t\t\t\n        \n\t\t\t\t<div id=\"ngg-image-4\" class=\"ngg-gallery-thumbnail-box\" >\n\t\t\t\t        <div class=\"ngg-gallery-thumbnail\">\n            <a href=\"http:\/\/csapokert.gorogkatolikus.hu\/wp-content\/gallery\/2017.-H%C3%BAsv%C3%A9t\/6.jpg\"\n               title=\"\"\n               data-src=\"http:\/\/csapokert.gorogkatolikus.hu\/wp-content\/gallery\/2017.-H%C3%BAsv%C3%A9t\/6.jpg\"\n               data-thumbnail=\"http:\/\/csapokert.gorogkatolikus.hu\/wp-content\/gallery\/2017.-H%C3%BAsv%C3%A9t\/thumbs\/thumbs_6.jpg\"\n               data-image-id=\"551\"\n               data-title=\"6\"\n               data-description=\"\"\n               data-image-slug=\"6\"\n               class=\"ngg-fancybox\" rel=\"1587\">\n                <img\n                    title=\"6\"\n                    alt=\"6\"\n                    src=\"http:\/\/csapokert.gorogkatolikus.hu\/wp-content\/gallery\/2017.-H%C3%BAsv%C3%A9t\/thumbs\/thumbs_6.jpg\"\n                    width=\"120\"\n                    height=\"90\"\n                    style=\"max-width:100%;\"\n                \/>\n            <\/a>\n        <\/div>\n\t\t\t\t\t\t\t<\/div> \n\t\t\t\n        \n\t\t\t\t<div id=\"ngg-image-5\" class=\"ngg-gallery-thumbnail-box\" >\n\t\t\t\t        <div class=\"ngg-gallery-thumbnail\">\n            <a href=\"http:\/\/csapokert.gorogkatolikus.hu\/wp-content\/gallery\/2017.-H%C3%BAsv%C3%A9t\/7.jpg\"\n               title=\"\"\n               data-src=\"http:\/\/csapokert.gorogkatolikus.hu\/wp-content\/gallery\/2017.-H%C3%BAsv%C3%A9t\/7.jpg\"\n               data-thumbnail=\"http:\/\/csapokert.gorogkatolikus.hu\/wp-content\/gallery\/2017.-H%C3%BAsv%C3%A9t\/thumbs\/thumbs_7.jpg\"\n               data-image-id=\"552\"\n               data-title=\"7\"\n               data-description=\"\"\n               data-image-slug=\"7\"\n               class=\"ngg-fancybox\" rel=\"1587\">\n                <img\n                    title=\"7\"\n                    alt=\"7\"\n                    src=\"http:\/\/csapokert.gorogkatolikus.hu\/wp-content\/gallery\/2017.-H%C3%BAsv%C3%A9t\/thumbs\/thumbs_7.jpg\"\n                    width=\"120\"\n                    height=\"90\"\n                    style=\"max-width:100%;\"\n                \/>\n            <\/a>\n        <\/div>\n\t\t\t\t\t\t\t<\/div> \n\t\t\t\n        \n\t\t\t\t<div id=\"ngg-image-6\" class=\"ngg-gallery-thumbnail-box\" >\n\t\t\t\t        <div class=\"ngg-gallery-thumbnail\">\n            <a href=\"http:\/\/csapokert.gorogkatolikus.hu\/wp-content\/gallery\/2017.-H%C3%BAsv%C3%A9t\/8.jpg\"\n               title=\"\"\n               data-src=\"http:\/\/csapokert.gorogkatolikus.hu\/wp-content\/gallery\/2017.-H%C3%BAsv%C3%A9t\/8.jpg\"\n               data-thumbnail=\"http:\/\/csapokert.gorogkatolikus.hu\/wp-content\/gallery\/2017.-H%C3%BAsv%C3%A9t\/thumbs\/thumbs_8.jpg\"\n               data-image-id=\"553\"\n               data-title=\"8\"\n               data-description=\"\"\n               data-image-slug=\"8\"\n               class=\"ngg-fancybox\" rel=\"1587\">\n                <img\n                    title=\"8\"\n                    alt=\"8\"\n                    src=\"http:\/\/csapokert.gorogkatolikus.hu\/wp-content\/gallery\/2017.-H%C3%BAsv%C3%A9t\/thumbs\/thumbs_8.jpg\"\n                    width=\"120\"\n                    height=\"90\"\n                    style=\"max-width:100%;\"\n                \/>\n            <\/a>\n        <\/div>\n\t\t\t\t\t\t\t<\/div> \n\t\t\t\n        \n\t\t\t\t<div id=\"ngg-image-7\" class=\"ngg-gallery-thumbnail-box\" >\n\t\t\t\t        <div class=\"ngg-gallery-thumbnail\">\n            <a href=\"http:\/\/csapokert.gorogkatolikus.hu\/wp-content\/gallery\/2017.-H%C3%BAsv%C3%A9t\/9.jpg\"\n               title=\"\"\n               data-src=\"http:\/\/csapokert.gorogkatolikus.hu\/wp-content\/gallery\/2017.-H%C3%BAsv%C3%A9t\/9.jpg\"\n               data-thumbnail=\"http:\/\/csapokert.gorogkatolikus.hu\/wp-content\/gallery\/2017.-H%C3%BAsv%C3%A9t\/thumbs\/thumbs_9.jpg\"\n               data-image-id=\"554\"\n               data-title=\"9\"\n               data-description=\"\"\n               data-image-slug=\"9\"\n               class=\"ngg-fancybox\" rel=\"1587\">\n                <img\n                    title=\"9\"\n                    alt=\"9\"\n                    src=\"http:\/\/csapokert.gorogkatolikus.hu\/wp-content\/gallery\/2017.-H%C3%BAsv%C3%A9t\/thumbs\/thumbs_9.jpg\"\n                    width=\"120\"\n                    height=\"90\"\n                    style=\"max-width:100%;\"\n                \/>\n            <\/a>\n        <\/div>\n\t\t\t\t\t\t\t<\/div> \n\t\t\t\n        \n\t\t\t\t<div id=\"ngg-image-8\" class=\"ngg-gallery-thumbnail-box\" >\n\t\t\t\t        <div class=\"ngg-gallery-thumbnail\">\n            <a href=\"http:\/\/csapokert.gorogkatolikus.hu\/wp-content\/gallery\/2017.-H%C3%BAsv%C3%A9t\/92.jpg\"\n               title=\"\"\n               data-src=\"http:\/\/csapokert.gorogkatolikus.hu\/wp-content\/gallery\/2017.-H%C3%BAsv%C3%A9t\/92.jpg\"\n               data-thumbnail=\"http:\/\/csapokert.gorogkatolikus.hu\/wp-content\/gallery\/2017.-H%C3%BAsv%C3%A9t\/thumbs\/thumbs_92.jpg\"\n               data-image-id=\"555\"\n               data-title=\"92\"\n               data-description=\"\"\n               data-image-slug=\"92\"\n               class=\"ngg-fancybox\" rel=\"1587\">\n                <img\n                    title=\"92\"\n                    alt=\"92\"\n                    src=\"http:\/\/csapokert.gorogkatolikus.hu\/wp-content\/gallery\/2017.-H%C3%BAsv%C3%A9t\/thumbs\/thumbs_92.jpg\"\n                    width=\"120\"\n                    height=\"90\"\n                    style=\"max-width:100%;\"\n                \/>\n            <\/a>\n        <\/div>\n\t\t\t\t\t\t\t<\/div> \n\t\t\t\n        \n\t\t\t\t<div id=\"ngg-image-9\" class=\"ngg-gallery-thumbnail-box\" >\n\t\t\t\t        <div class=\"ngg-gallery-thumbnail\">\n            <a href=\"http:\/\/csapokert.gorogkatolikus.hu\/wp-content\/gallery\/2017.-H%C3%BAsv%C3%A9t\/93.jpg\"\n               title=\"\"\n               data-src=\"http:\/\/csapokert.gorogkatolikus.hu\/wp-content\/gallery\/2017.-H%C3%BAsv%C3%A9t\/93.jpg\"\n               data-thumbnail=\"http:\/\/csapokert.gorogkatolikus.hu\/wp-content\/gallery\/2017.-H%C3%BAsv%C3%A9t\/thumbs\/thumbs_93.jpg\"\n               data-image-id=\"556\"\n               data-title=\"93\"\n               data-description=\"\"\n               data-image-slug=\"93\"\n               class=\"ngg-fancybox\" rel=\"1587\">\n                <img\n                    title=\"93\"\n                    alt=\"93\"\n                    src=\"http:\/\/csapokert.gorogkatolikus.hu\/wp-content\/gallery\/2017.-H%C3%BAsv%C3%A9t\/thumbs\/thumbs_93.jpg\"\n                    width=\"120\"\n                    height=\"90\"\n                    style=\"max-width:100%;\"\n                \/>\n            <\/a>\n        <\/div>\n\t\t\t\t\t\t\t<\/div> \n\t\t\t\n        \n\t\t\t\t<div id=\"ngg-image-10\" class=\"ngg-gallery-thumbnail-box\" >\n\t\t\t\t        <div class=\"ngg-gallery-thumbnail\">\n            <a href=\"http:\/\/csapokert.gorogkatolikus.hu\/wp-content\/gallery\/2017.-H%C3%BAsv%C3%A9t\/94.jpg\"\n               title=\"\"\n               data-src=\"http:\/\/csapokert.gorogkatolikus.hu\/wp-content\/gallery\/2017.-H%C3%BAsv%C3%A9t\/94.jpg\"\n               data-thumbnail=\"http:\/\/csapokert.gorogkatolikus.hu\/wp-content\/gallery\/2017.-H%C3%BAsv%C3%A9t\/thumbs\/thumbs_94.jpg\"\n               data-image-id=\"557\"\n               data-title=\"94\"\n               data-description=\"\"\n               data-image-slug=\"94\"\n               class=\"ngg-fancybox\" rel=\"1587\">\n                <img\n                    title=\"94\"\n                    alt=\"94\"\n                    src=\"http:\/\/csapokert.gorogkatolikus.hu\/wp-content\/gallery\/2017.-H%C3%BAsv%C3%A9t\/thumbs\/thumbs_94.jpg\"\n                    width=\"120\"\n                    height=\"90\"\n                    style=\"max-width:100%;\"\n                \/>\n            <\/a>\n        <\/div>\n\t\t\t\t\t\t\t<\/div> \n\t\t\t\n        \n\t\t\t\t<div id=\"ngg-image-11\" class=\"ngg-gallery-thumbnail-box\" >\n\t\t\t\t        <div class=\"ngg-gallery-thumbnail\">\n            <a href=\"http:\/\/csapokert.gorogkatolikus.hu\/wp-content\/gallery\/2017.-H%C3%BAsv%C3%A9t\/95.jpg\"\n               title=\"\"\n               data-src=\"http:\/\/csapokert.gorogkatolikus.hu\/wp-content\/gallery\/2017.-H%C3%BAsv%C3%A9t\/95.jpg\"\n               data-thumbnail=\"http:\/\/csapokert.gorogkatolikus.hu\/wp-content\/gallery\/2017.-H%C3%BAsv%C3%A9t\/thumbs\/thumbs_95.jpg\"\n               data-image-id=\"558\"\n               data-title=\"95\"\n               data-description=\"\"\n               data-image-slug=\"95\"\n               class=\"ngg-fancybox\" rel=\"1587\">\n                <img\n                    title=\"95\"\n                    alt=\"95\"\n                    src=\"http:\/\/csapokert.gorogkatolikus.hu\/wp-content\/gallery\/2017.-H%C3%BAsv%C3%A9t\/thumbs\/thumbs_95.jpg\"\n                    width=\"120\"\n                    height=\"90\"\n                    style=\"max-width:100%;\"\n                \/>\n            <\/a>\n        <\/div>\n\t\t\t\t\t\t\t<\/div> \n\t\t\t\n        \n\t\t\t\t<div id=\"ngg-image-12\" class=\"ngg-gallery-thumbnail-box\" >\n\t\t\t\t        <div class=\"ngg-gallery-thumbnail\">\n            <a href=\"http:\/\/csapokert.gorogkatolikus.hu\/wp-content\/gallery\/2017.-H%C3%BAsv%C3%A9t\/97.jpg\"\n               title=\"\"\n               data-src=\"http:\/\/csapokert.gorogkatolikus.hu\/wp-content\/gallery\/2017.-H%C3%BAsv%C3%A9t\/97.jpg\"\n               data-thumbnail=\"http:\/\/csapokert.gorogkatolikus.hu\/wp-content\/gallery\/2017.-H%C3%BAsv%C3%A9t\/thumbs\/thumbs_97.jpg\"\n               data-image-id=\"559\"\n               data-title=\"97\"\n               data-description=\"\"\n               data-image-slug=\"97\"\n               class=\"ngg-fancybox\" rel=\"1587\">\n                <img\n                    title=\"97\"\n                    alt=\"97\"\n                    src=\"http:\/\/csapokert.gorogkatolikus.hu\/wp-content\/gallery\/2017.-H%C3%BAsv%C3%A9t\/thumbs\/thumbs_97.jpg\"\n                    width=\"120\"\n                    height=\"90\"\n                    style=\"max-width:100%;\"\n                \/>\n            <\/a>\n        <\/div>\n\t\t\t\t\t\t\t<\/div> \n\t\t\t\n        \n\t\t\t\t<div id=\"ngg-image-13\" class=\"ngg-gallery-thumbnail-box\" >\n\t\t\t\t        <div class=\"ngg-gallery-thumbnail\">\n            <a href=\"http:\/\/csapokert.gorogkatolikus.hu\/wp-content\/gallery\/2017.-H%C3%BAsv%C3%A9t\/98.jpg\"\n               title=\"\"\n               data-src=\"http:\/\/csapokert.gorogkatolikus.hu\/wp-content\/gallery\/2017.-H%C3%BAsv%C3%A9t\/98.jpg\"\n               data-thumbnail=\"http:\/\/csapokert.gorogkatolikus.hu\/wp-content\/gallery\/2017.-H%C3%BAsv%C3%A9t\/thumbs\/thumbs_98.jpg\"\n               data-image-id=\"560\"\n               data-title=\"98\"\n               data-description=\"\"\n               data-image-slug=\"98\"\n               class=\"ngg-fancybox\" rel=\"1587\">\n                <img\n                    title=\"98\"\n                    alt=\"98\"\n                    src=\"http:\/\/csapokert.gorogkatolikus.hu\/wp-content\/gallery\/2017.-H%C3%BAsv%C3%A9t\/thumbs\/thumbs_98.jpg\"\n                    width=\"120\"\n                    height=\"90\"\n                    style=\"max-width:100%;\"\n                \/>\n            <\/a>\n        <\/div>\n\t\t\t\t\t\t\t<\/div> \n\t\t\t\n        \n\t\t\t\t<div id=\"ngg-image-14\" class=\"ngg-gallery-thumbnail-box\" >\n\t\t\t\t        <div class=\"ngg-gallery-thumbnail\">\n            <a href=\"http:\/\/csapokert.gorogkatolikus.hu\/wp-content\/gallery\/2017.-H%C3%BAsv%C3%A9t\/99.jpg\"\n               title=\"\"\n               data-src=\"http:\/\/csapokert.gorogkatolikus.hu\/wp-content\/gallery\/2017.-H%C3%BAsv%C3%A9t\/99.jpg\"\n               data-thumbnail=\"http:\/\/csapokert.gorogkatolikus.hu\/wp-content\/gallery\/2017.-H%C3%BAsv%C3%A9t\/thumbs\/thumbs_99.jpg\"\n               data-image-id=\"561\"\n               data-title=\"99\"\n               data-description=\"\"\n               data-image-slug=\"99\"\n               class=\"ngg-fancybox\" rel=\"1587\">\n                <img\n                    title=\"99\"\n                    alt=\"99\"\n                    src=\"http:\/\/csapokert.gorogkatolikus.hu\/wp-content\/gallery\/2017.-H%C3%BAsv%C3%A9t\/thumbs\/thumbs_99.jpg\"\n                    width=\"120\"\n                    height=\"90\"\n                    style=\"max-width:100%;\"\n                \/>\n            <\/a>\n        <\/div>\n\t\t\t\t\t\t\t<\/div> \n\t\t\t\n        \n\t\t\t\t<div id=\"ngg-image-15\" class=\"ngg-gallery-thumbnail-box\" >\n\t\t\t\t        <div class=\"ngg-gallery-thumbnail\">\n            <a href=\"http:\/\/csapokert.gorogkatolikus.hu\/wp-content\/gallery\/2017.-H%C3%BAsv%C3%A9t\/991.jpg\"\n               title=\"\"\n               data-src=\"http:\/\/csapokert.gorogkatolikus.hu\/wp-content\/gallery\/2017.-H%C3%BAsv%C3%A9t\/991.jpg\"\n               data-thumbnail=\"http:\/\/csapokert.gorogkatolikus.hu\/wp-content\/gallery\/2017.-H%C3%BAsv%C3%A9t\/thumbs\/thumbs_991.jpg\"\n               data-image-id=\"562\"\n               data-title=\"991\"\n               data-description=\"\"\n               data-image-slug=\"991\"\n               class=\"ngg-fancybox\" rel=\"1587\">\n                <img\n                    title=\"991\"\n                    alt=\"991\"\n                    src=\"http:\/\/csapokert.gorogkatolikus.hu\/wp-content\/gallery\/2017.-H%C3%BAsv%C3%A9t\/thumbs\/thumbs_991.jpg\"\n                    width=\"120\"\n                    height=\"90\"\n                    style=\"max-width:100%;\"\n                \/>\n            <\/a>\n        <\/div>\n\t\t\t\t\t\t\t<\/div> \n\t\t\t\n        \n\t\t\t\t<div id=\"ngg-image-16\" class=\"ngg-gallery-thumbnail-box\" >\n\t\t\t\t        <div class=\"ngg-gallery-thumbnail\">\n            <a href=\"http:\/\/csapokert.gorogkatolikus.hu\/wp-content\/gallery\/2017.-H%C3%BAsv%C3%A9t\/992.jpg\"\n               title=\"\"\n               data-src=\"http:\/\/csapokert.gorogkatolikus.hu\/wp-content\/gallery\/2017.-H%C3%BAsv%C3%A9t\/992.jpg\"\n               data-thumbnail=\"http:\/\/csapokert.gorogkatolikus.hu\/wp-content\/gallery\/2017.-H%C3%BAsv%C3%A9t\/thumbs\/thumbs_992.jpg\"\n               data-image-id=\"563\"\n               data-title=\"992\"\n               data-description=\"\"\n               data-image-slug=\"992\"\n               class=\"ngg-fancybox\" rel=\"1587\">\n                <img\n                    title=\"992\"\n                    alt=\"992\"\n                    src=\"http:\/\/csapokert.gorogkatolikus.hu\/wp-content\/gallery\/2017.-H%C3%BAsv%C3%A9t\/thumbs\/thumbs_992.jpg\"\n                    width=\"120\"\n                    height=\"90\"\n                    style=\"max-width:100%;\"\n                \/>\n            <\/a>\n        <\/div>\n\t\t\t\t\t\t\t<\/div> \n\t\t\t\n        \n\t\t\t\t<div id=\"ngg-image-17\" class=\"ngg-gallery-thumbnail-box\" >\n\t\t\t\t        <div class=\"ngg-gallery-thumbnail\">\n            <a href=\"http:\/\/csapokert.gorogkatolikus.hu\/wp-content\/gallery\/2017.-H%C3%BAsv%C3%A9t\/993.jpg\"\n               title=\"\"\n               data-src=\"http:\/\/csapokert.gorogkatolikus.hu\/wp-content\/gallery\/2017.-H%C3%BAsv%C3%A9t\/993.jpg\"\n               data-thumbnail=\"http:\/\/csapokert.gorogkatolikus.hu\/wp-content\/gallery\/2017.-H%C3%BAsv%C3%A9t\/thumbs\/thumbs_993.jpg\"\n               data-image-id=\"564\"\n               data-title=\"993\"\n               data-description=\"\"\n               data-image-slug=\"993\"\n               class=\"ngg-fancybox\" rel=\"1587\">\n                <img\n                    title=\"993\"\n                    alt=\"993\"\n                    src=\"http:\/\/csapokert.gorogkatolikus.hu\/wp-content\/gallery\/2017.-H%C3%BAsv%C3%A9t\/thumbs\/thumbs_993.jpg\"\n                    width=\"120\"\n                    height=\"90\"\n                    style=\"max-width:100%;\"\n                \/>\n            <\/a>\n        <\/div>\n\t\t\t\t\t\t\t<\/div> \n\t\t\t\n        \n\t\t\t\t<div id=\"ngg-image-18\" class=\"ngg-gallery-thumbnail-box\" >\n\t\t\t\t        <div class=\"ngg-gallery-thumbnail\">\n            <a href=\"http:\/\/csapokert.gorogkatolikus.hu\/wp-content\/gallery\/2017.-H%C3%BAsv%C3%A9t\/994.jpg\"\n               title=\"\"\n               data-src=\"http:\/\/csapokert.gorogkatolikus.hu\/wp-content\/gallery\/2017.-H%C3%BAsv%C3%A9t\/994.jpg\"\n               data-thumbnail=\"http:\/\/csapokert.gorogkatolikus.hu\/wp-content\/gallery\/2017.-H%C3%BAsv%C3%A9t\/thumbs\/thumbs_994.jpg\"\n               data-image-id=\"565\"\n               data-title=\"994\"\n               data-description=\"\"\n               data-image-slug=\"994\"\n               class=\"ngg-fancybox\" rel=\"1587\">\n                <img\n                    title=\"994\"\n                    alt=\"994\"\n                    src=\"http:\/\/csapokert.gorogkatolikus.hu\/wp-content\/gallery\/2017.-H%C3%BAsv%C3%A9t\/thumbs\/thumbs_994.jpg\"\n                    width=\"120\"\n                    height=\"90\"\n                    style=\"max-width:100%;\"\n                \/>\n            <\/a>\n        <\/div>\n\t\t\t\t\t\t\t<\/div> \n\t\t\t\n        \n\t\t\t\t<div id=\"ngg-image-19\" class=\"ngg-gallery-thumbnail-box\" >\n\t\t\t\t        <div class=\"ngg-gallery-thumbnail\">\n            <a href=\"http:\/\/csapokert.gorogkatolikus.hu\/wp-content\/gallery\/2017.-H%C3%BAsv%C3%A9t\/996.jpg\"\n               title=\"\"\n               data-src=\"http:\/\/csapokert.gorogkatolikus.hu\/wp-content\/gallery\/2017.-H%C3%BAsv%C3%A9t\/996.jpg\"\n               data-thumbnail=\"http:\/\/csapokert.gorogkatolikus.hu\/wp-content\/gallery\/2017.-H%C3%BAsv%C3%A9t\/thumbs\/thumbs_996.jpg\"\n               data-image-id=\"566\"\n               data-title=\"996\"\n               data-description=\"\"\n               data-image-slug=\"996\"\n               class=\"ngg-fancybox\" rel=\"1587\">\n                <img\n                    title=\"996\"\n                    alt=\"996\"\n                    src=\"http:\/\/csapokert.gorogkatolikus.hu\/wp-content\/gallery\/2017.-H%C3%BAsv%C3%A9t\/thumbs\/thumbs_996.jpg\"\n                    width=\"120\"\n                    height=\"90\"\n                    style=\"max-width:100%;\"\n                \/>\n            <\/a>\n        <\/div>\n\t\t\t\t\t\t\t<\/div> \n\t\t\t\n        \n\t\t\n\t\t<!-- Pagination -->\n\t<div class='ngg-navigation'><span class='current'>1<\/span>\n<a class='page-numbers' data-pageid='2' href='http:\/\/csapokert.gorogkatolikus.hu\/index.php\/nggallery\/page\/2?p=1363'>2<\/a>\n<a class='page-numbers' data-pageid='3' href='http:\/\/csapokert.gorogkatolikus.hu\/index.php\/nggallery\/page\/3?p=1363'>3<\/a>\n<a class='prev' href='http:\/\/csapokert.gorogkatolikus.hu\/index.php\/nggallery\/page\/2?p=1363' data-pageid=2>&#9658;<\/a><\/div>\t<\/div>\n<\/p>\n<p>&nbsp;<\/p>\n<p>&nbsp;<\/p>\n<p>&nbsp;<\/p>\n<p>&nbsp;<\/p>\n<p>&nbsp;<\/p>\n<p>&nbsp;<\/p>\n","protected":false},"excerpt":{"rendered":"<p>&nbsp; Egyh\u00e1zk\u00f6zs\u00e9g\u00fcnk az \u00e9venk\u00e9nti szok\u00e1sos felt\u00e1mad\u00e1si szertart\u00e1st 2017. \u00e1prilis 16-\u00e1n vas\u00e1rnap 5 \u00f3r\u00e1ra hirdette meg. El\u0151z\u0151leg a templomot vir\u00e1gokkal d\u00edsz\u00edtett\u00fck, hogy m\u00e9lt\u00f3 legyen erre az alkalomra. A h\u00edvek \u00e9rkez\u00e9se el\u0151tt a templom udvar\u00e1n gyerty\u00e1kat gy\u00fajtottunk a megfelel\u0151 hangulat megteremt\u00e9s\u00e9hez. A gy\u00fclekezet tagjai \u00edgy a m\u00e9g s\u00f6t\u00e9t templomba \u00e9rkeztek. A szertart\u00e1s kezdet\u00e9n dr Szarka Gergely parochus [&hellip;]<\/p>\n","protected":false},"author":3,"featured_media":0,"comment_status":"closed","ping_status":"closed","sticky":false,"template":"","format":"standard","meta":{"ngg_post_thumbnail":0},"categories":[1],"tags":[],"_links":{"self":[{"href":"http:\/\/csapokert.gorogkatolikus.hu\/index.php?rest_route=\/wp\/v2\/posts\/1363"}],"collection":[{"href":"http:\/\/csapokert.gorogkatolikus.hu\/index.php?rest_route=\/wp\/v2\/posts"}],"about":[{"href":"http:\/\/csapokert.gorogkatolikus.hu\/index.php?rest_route=\/wp\/v2\/types\/post"}],"author":[{"embeddable":true,"href":"http:\/\/csapokert.gorogkatolikus.hu\/index.php?rest_route=\/wp\/v2\/users\/3"}],"replies":[{"embeddable":true,"href":"http:\/\/csapokert.gorogkatolikus.hu\/index.php?rest_route=%2Fwp%2Fv2%2Fcomments&post=1363"}],"version-history":[{"count":14,"href":"http:\/\/csapokert.gorogkatolikus.hu\/index.php?rest_route=\/wp\/v2\/posts\/1363\/revisions"}],"predecessor-version":[{"id":1482,"href":"http:\/\/csapokert.gorogkatolikus.hu\/index.php?rest_route=\/wp\/v2\/posts\/1363\/revisions\/1482"}],"wp:attachment":[{"href":"http:\/\/csapokert.gorogkatolikus.hu\/index.php?rest_route=%2Fwp%2Fv2%2Fmedia&parent=1363"}],"wp:term":[{"taxonomy":"category","embeddable":true,"href":"http:\/\/csapokert.gorogkatolikus.hu\/index.php?rest_route=%2Fwp%2Fv2%2Fcategories&post=1363"},{"taxonomy":"post_tag","embeddable":true,"href":"http:\/\/csapokert.gorogkatolikus.hu\/index.php?rest_route=%2Fwp%2Fv2%2Ftags&post=1363"}],"curies":[{"name":"wp","href":"https:\/\/api.w.org\/{rel}","templated":true}]}}