{"id":1592,"date":"2017-05-24T18:27:31","date_gmt":"2017-05-24T18:27:31","guid":{"rendered":"http:\/\/csapokert.gorogkatolikus.hu\/?p=1592"},"modified":"2017-05-24T18:27:31","modified_gmt":"2017-05-24T18:27:31","slug":"elsoaldozas-2017-05-28-csak-11-tol-lesz-szt-liturgia","status":"publish","type":"post","link":"http:\/\/csapokert.gorogkatolikus.hu\/?p=1592","title":{"rendered":"Els\u0151\u00e1ldoz\u00e1s 2017.05.28 , csak 11-t\u0151l lesz Szt. Liturgia!"},"content":{"rendered":"<p><a href=\"http:\/\/csapokert.gorogkatolikus.hu\/wp-content\/uploads\/2017\/05\/Els\u0151\u00e1ldoz\u00f3k-fot\u00f3i-20171.jpg\"><img decoding=\"async\" loading=\"lazy\" class=\"alignleft size-medium wp-image-1593\" src=\"http:\/\/csapokert.gorogkatolikus.hu\/wp-content\/uploads\/2017\/05\/Els\u0151\u00e1ldoz\u00f3k-fot\u00f3i-20171-300x225.jpg\" alt=\"\" width=\"300\" height=\"225\" srcset=\"http:\/\/csapokert.gorogkatolikus.hu\/wp-content\/uploads\/2017\/05\/Els\u0151\u00e1ldoz\u00f3k-fot\u00f3i-20171-300x225.jpg 300w, http:\/\/csapokert.gorogkatolikus.hu\/wp-content\/uploads\/2017\/05\/Els\u0151\u00e1ldoz\u00f3k-fot\u00f3i-20171-768x576.jpg 768w, http:\/\/csapokert.gorogkatolikus.hu\/wp-content\/uploads\/2017\/05\/Els\u0151\u00e1ldoz\u00f3k-fot\u00f3i-20171-1024x768.jpg 1024w, http:\/\/csapokert.gorogkatolikus.hu\/wp-content\/uploads\/2017\/05\/Els\u0151\u00e1ldoz\u00f3k-fot\u00f3i-20171-634x476.jpg 634w, http:\/\/csapokert.gorogkatolikus.hu\/wp-content\/uploads\/2017\/05\/Els\u0151\u00e1ldoz\u00f3k-fot\u00f3i-20171-924x693.jpg 924w, http:\/\/csapokert.gorogkatolikus.hu\/wp-content\/uploads\/2017\/05\/Els\u0151\u00e1ldoz\u00f3k-fot\u00f3i-20171.jpg 2048w\" sizes=\"(max-width: 300px) 100vw, 300px\" \/><\/a><\/p>\n<p>&nbsp;<\/p>\n","protected":false},"excerpt":{"rendered":"<p>&nbsp;<\/p>\n","protected":false},"author":3,"featured_media":0,"comment_status":"closed","ping_status":"closed","sticky":false,"template":"","format":"standard","meta":{"ngg_post_thumbnail":0},"categories":[1],"tags":[],"_links":{"self":[{"href":"http:\/\/csapokert.gorogkatolikus.hu\/index.php?rest_route=\/wp\/v2\/posts\/1592"}],"collection":[{"href":"http:\/\/csapokert.gorogkatolikus.hu\/index.php?rest_route=\/wp\/v2\/posts"}],"about":[{"href":"http:\/\/csapokert.gorogkatolikus.hu\/index.php?rest_route=\/wp\/v2\/types\/post"}],"author":[{"embeddable":true,"href":"http:\/\/csapokert.gorogkatolikus.hu\/index.php?rest_route=\/wp\/v2\/users\/3"}],"replies":[{"embeddable":true,"href":"http:\/\/csapokert.gorogkatolikus.hu\/index.php?rest_route=%2Fwp%2Fv2%2Fcomments&post=1592"}],"version-history":[{"count":1,"href":"http:\/\/csapokert.gorogkatolikus.hu\/index.php?rest_route=\/wp\/v2\/posts\/1592\/revisions"}],"predecessor-version":[{"id":1594,"href":"http:\/\/csapokert.gorogkatolikus.hu\/index.php?rest_route=\/wp\/v2\/posts\/1592\/revisions\/1594"}],"wp:attachment":[{"href":"http:\/\/csapokert.gorogkatolikus.hu\/index.php?rest_route=%2Fwp%2Fv2%2Fmedia&parent=1592"}],"wp:term":[{"taxonomy":"category","embeddable":true,"href":"http:\/\/csapokert.gorogkatolikus.hu\/index.php?rest_route=%2Fwp%2Fv2%2Fcategories&post=1592"},{"taxonomy":"post_tag","embeddable":true,"href":"http:\/\/csapokert.gorogkatolikus.hu\/index.php?rest_route=%2Fwp%2Fv2%2Ftags&post=1592"}],"curies":[{"name":"wp","href":"https:\/\/api.w.org\/{rel}","templated":true}]}}