{"id":1596,"date":"2017-06-09T19:03:26","date_gmt":"2017-06-09T19:03:26","guid":{"rendered":"http:\/\/csapokert.gorogkatolikus.hu\/?p=1596"},"modified":"2017-06-09T19:03:26","modified_gmt":"2017-06-09T19:03:26","slug":"dimbes-dombos-gorogkatolikus-csaladi-nap","status":"publish","type":"post","link":"http:\/\/csapokert.gorogkatolikus.hu\/?p=1596","title":{"rendered":"Dimbes-Dombos G\u00f6r\u00f6gkatolikus Csal\u00e1di Nap"},"content":{"rendered":"<pre>A Dimbes-Dombos csal\u00e1di napot 2017. j\u00fanius 10-\u00e9n, szombaton rendezz\u00fck meg, a programok 10.00 \u00f3r\u00e1t\u00f3l kezd\u0151dnek.\r\n\r\n A helysz\u00edn: Debrecen-Erd\u0151spuszta, H\u00e1rmashegyalja.\r\n\r\n<strong>A program:<\/strong>\r\n\r\n10.00 \u00f3ra: megnyit\u00f3\r\n\r\n10.15 \u00f3ra: ima\r\n\r\n11.00 \u00f3ra: V\u00e1s\u00e1ri forgatag a Vojtina B\u00e1bsz\u00ednh\u00e1z el\u0151ad\u00e1s\u00e1ban\r\n\r\nEzzel p\u00e1rhuzamosan a feln\u0151ttek el\u0151dad\u00e1sokat hallgathatnak:\r\n\r\n- Gajdos Vikt\u00f3ria \u00e9s K\u00e1rp\u00e1tin\u00e9 K\u00f6ncz\u00f6l T\u00edmea, ment\u00e1lhigi\u00e9n\u00e9s szakemberek: L\u00e9lekmeleg\u00edt\u0151 - besz\u00e9lget\u00e9s n\u0151knek, asszonyoknak \u00e9s feln\u0151tt l\u00e1nyoknak\r\n\r\n- Erdei S\u00e1ndor, tr\u00e9ner: \u201eSz\u00edver\u0151s\u00edt\u0151\u201d a F\u00e9rfi k\u00fcldet\u00e9s\u00e9hez\r\n\r\n- Solt\u00e9sz Ian, tr\u00e9ner: Seg\u00edts Magadon, az Isten is megseg\u00edt \u2013 avagy mit tehet az ember, hogy fejl\u0151dj\u00f6n a szem\u00e9lyis\u00e9ge, hogy motiv\u00e1ltabb \u00e9s kiegyens\u00falyozottabb legyen?\r\n\r\n12.00 \u00f3ra: lovas\u00edj\u00e1sz bemutat\u00f3 a Kassai Lovas\u00edj\u00e1sz Iskola j\u00f3volt\u00e1b\u00f3l, bemutatkozik a Bodn\u00e1r t\u00f6rzs\r\n\r\n14.00 \u00f3ra: fell\u00e9p a Csicseri \u00e9s Bors\u00f3\r\n\r\n15.00 \u00f3ra: a Hajd\u00fa N\u00e9pt\u00e1ncegy\u00fcttes bemutat\u00f3ja\u00a0\r\n\r\n15.30 \u00f3ra: Paraklisz\r\n\r\nK\u00f6zben folyamatosan ingyenes program:\r\n\r\n- ugr\u00e1l\u00f3v\u00e1r\r\n\r\n- arcfest\u00e9s\r\n\r\n- k\u00e9zm\u0171ves foglalkoz\u00e1sok\r\n\r\n- f\u0151z\u0151verseny\r\n\r\n- rend\u0151rs\u00e9gi \u00e9s lovas\u00edj\u00e1sz bemutat\u00f3\r\n\r\n- lovaskocsik\u00e1z\u00e1s\r\n\r\nA program az EFOP 1.2.1-15-2016-0418-as sz\u00e1m\u00fa p\u00e1ly\u00e1zat keret\u00e9ben val\u00f3sul meg\r\n\r\n<\/pre>\n","protected":false},"excerpt":{"rendered":"<p>A Dimbes-Dombos csal\u00e1di napot 2017. j\u00fanius 10-\u00e9n, szombaton rendezz\u00fck meg, a programok 10.00 \u00f3r\u00e1t\u00f3l kezd\u0151dnek. A helysz\u00edn: Debrecen-Erd\u0151spuszta, H\u00e1rmashegyalja. A program: 10.00 \u00f3ra: megnyit\u00f3 10.15 \u00f3ra: ima 11.00 \u00f3ra: V\u00e1s\u00e1ri forgatag a Vojtina B\u00e1bsz\u00ednh\u00e1z el\u0151ad\u00e1s\u00e1ban Ezzel p\u00e1rhuzamosan a feln\u0151ttek el\u0151dad\u00e1sokat hallgathatnak: &#8211; Gajdos Vikt\u00f3ria \u00e9s K\u00e1rp\u00e1tin\u00e9 K\u00f6ncz\u00f6l T\u00edmea, ment\u00e1lhigi\u00e9n\u00e9s szakemberek: L\u00e9lekmeleg\u00edt\u0151 &#8211; besz\u00e9lget\u00e9s n\u0151knek, asszonyoknak [&hellip;]<\/p>\n","protected":false},"author":3,"featured_media":0,"comment_status":"closed","ping_status":"closed","sticky":false,"template":"","format":"standard","meta":{"ngg_post_thumbnail":0},"categories":[1],"tags":[],"_links":{"self":[{"href":"http:\/\/csapokert.gorogkatolikus.hu\/index.php?rest_route=\/wp\/v2\/posts\/1596"}],"collection":[{"href":"http:\/\/csapokert.gorogkatolikus.hu\/index.php?rest_route=\/wp\/v2\/posts"}],"about":[{"href":"http:\/\/csapokert.gorogkatolikus.hu\/index.php?rest_route=\/wp\/v2\/types\/post"}],"author":[{"embeddable":true,"href":"http:\/\/csapokert.gorogkatolikus.hu\/index.php?rest_route=\/wp\/v2\/users\/3"}],"replies":[{"embeddable":true,"href":"http:\/\/csapokert.gorogkatolikus.hu\/index.php?rest_route=%2Fwp%2Fv2%2Fcomments&post=1596"}],"version-history":[{"count":2,"href":"http:\/\/csapokert.gorogkatolikus.hu\/index.php?rest_route=\/wp\/v2\/posts\/1596\/revisions"}],"predecessor-version":[{"id":1598,"href":"http:\/\/csapokert.gorogkatolikus.hu\/index.php?rest_route=\/wp\/v2\/posts\/1596\/revisions\/1598"}],"wp:attachment":[{"href":"http:\/\/csapokert.gorogkatolikus.hu\/index.php?rest_route=%2Fwp%2Fv2%2Fmedia&parent=1596"}],"wp:term":[{"taxonomy":"category","embeddable":true,"href":"http:\/\/csapokert.gorogkatolikus.hu\/index.php?rest_route=%2Fwp%2Fv2%2Fcategories&post=1596"},{"taxonomy":"post_tag","embeddable":true,"href":"http:\/\/csapokert.gorogkatolikus.hu\/index.php?rest_route=%2Fwp%2Fv2%2Ftags&post=1596"}],"curies":[{"name":"wp","href":"https:\/\/api.w.org\/{rel}","templated":true}]}}