{"id":1929,"date":"2017-06-18T20:46:22","date_gmt":"2017-06-18T20:46:22","guid":{"rendered":"http:\/\/csapokert.gorogkatolikus.hu\/?p=1929"},"modified":"2019-09-02T09:56:08","modified_gmt":"2019-09-02T09:56:08","slug":"2017-06-25-templombucsu","status":"publish","type":"post","link":"http:\/\/csapokert.gorogkatolikus.hu\/?p=1929","title":{"rendered":"2017.06.25 Templomb\u00facs\u00fa"},"content":{"rendered":"<p>A program az EFOP-1.2.1-15-2016-000418 nyertes p\u00e1ly\u00e1zat finansz\u00edroz\u00e1s\u00e1ban val\u00f3sult meg.<\/p>\n<p>Egyh\u00e1zk\u00f6zs\u00e9g\u00fcnk 2017. m\u00e1jus 25-\u00e9n tartotta a Szent P\u00e9ter \u00e9s P\u00e1l napi templomb\u00facs\u00fat. Erre az alkalomra sz\u00e9p sz\u00e1mmal j\u00f6ttek el a h\u00edvek m\u00e9g a t\u00e1volabbi r\u00e9gi\u00f3kb\u00f3l is.<\/p>\n<p>Az \u00fcnnepi sz\u00f3nok F\u0151tisztelend\u0151 De\u00e1k Csaba volt.<\/p>\n<p>A Szent Liturgia v\u00e9g\u00e9n a h\u00edvek k\u00f6rmenetet tartottak a templom kertj\u00e9ben, melyen n\u00e9gy evang\u00e9liumi szakaszt olvastak fel, majd \u00e1ld\u00e1sokkal, \u00e9ltet\u00e9sekkel, olajkenettel \u00e9s k\u00f6z\u00f6s agap\u00e9vel \u00e9rt v\u00e9get az \u00fcnnepi szertart\u00e1s.<\/p>\n<p><a href=\"http:\/\/csapokert.gorogkatolikus.hu\/wp-content\/uploads\/2017\/06\/IMG_7781.jpg\"><img decoding=\"async\" loading=\"lazy\" class=\"alignleft wp-image-2011\" src=\"http:\/\/csapokert.gorogkatolikus.hu\/wp-content\/uploads\/2017\/06\/IMG_7781.jpg\" alt=\"\" width=\"308\" height=\"205\" \/><\/a> <a href=\"http:\/\/csapokert.gorogkatolikus.hu\/wp-content\/uploads\/2017\/06\/IMG_7798.jpg\"><img decoding=\"async\" loading=\"lazy\" class=\"alignleft wp-image-2012\" src=\"http:\/\/csapokert.gorogkatolikus.hu\/wp-content\/uploads\/2017\/06\/IMG_7798.jpg\" alt=\"\" width=\"311\" height=\"207\" \/><\/a> <!--more--><\/p>\n<p>&nbsp;<\/p>\n<p><img decoding=\"async\" loading=\"lazy\" class=\"wp-image-2014 alignleft\" src=\"http:\/\/csapokert.gorogkatolikus.hu\/wp-content\/uploads\/2017\/06\/IMG_7849.jpg\" alt=\"\" width=\"300\" height=\"200\" \/><\/p>\n<p><img decoding=\"async\" loading=\"lazy\" class=\"alignleft size-medium wp-image-2018\" src=\"http:\/\/csapokert.gorogkatolikus.hu\/wp-content\/uploads\/2017\/06\/IMG_7952.jpg\" alt=\"\" width=\"300\" height=\"200\" \/><\/p>\n<p><img decoding=\"async\" loading=\"lazy\" class=\"alignleft size-medium wp-image-2021\" style=\"color: #181b60;\" src=\"http:\/\/csapokert.gorogkatolikus.hu\/wp-content\/uploads\/2017\/06\/IMG_8027.jpg\" alt=\"\" width=\"300\" height=\"200\" \/><\/p>\n<p><img decoding=\"async\" loading=\"lazy\" class=\"alignleft size-medium wp-image-2020\" src=\"http:\/\/csapokert.gorogkatolikus.hu\/wp-content\/uploads\/2017\/06\/IMG_7992.jpg\" alt=\"\" width=\"300\" height=\"200\" \/><\/p>\n<p><img decoding=\"async\" loading=\"lazy\" class=\"alignleft size-medium wp-image-2019\" src=\"http:\/\/csapokert.gorogkatolikus.hu\/wp-content\/uploads\/2017\/06\/IMG_7971.jpg\" alt=\"\" width=\"300\" height=\"200\" \/><\/p>\n<p>&nbsp;<\/p>\n<p>&nbsp;<\/p>\n<p>&nbsp;<\/p>\n<p>&nbsp;<\/p>\n<p><a href=\"http:\/\/csapokert.gorogkatolikus.hu\/wp-content\/uploads\/2017\/06\/IMG_7867.jpg\"><img decoding=\"async\" loading=\"lazy\" class=\"alignleft size-medium wp-image-2016\" src=\"http:\/\/csapokert.gorogkatolikus.hu\/wp-content\/uploads\/2017\/06\/IMG_7867.jpg\" alt=\"\" width=\"300\" height=\"200\" \/><\/a><\/p>\n<p>&nbsp;<\/p>\n<p><img decoding=\"async\" loading=\"lazy\" class=\"alignleft size-medium wp-image-2017\" src=\"http:\/\/csapokert.gorogkatolikus.hu\/wp-content\/uploads\/2017\/06\/IMG_7881.jpg\" alt=\"\" width=\"300\" height=\"200\" \/><\/p>\n<p><img decoding=\"async\" loading=\"lazy\" class=\"alignleft wp-image-2013\" src=\"http:\/\/csapokert.gorogkatolikus.hu\/wp-content\/uploads\/2017\/06\/IMG_7828.jpg\" alt=\"\" width=\"299\" height=\"199\" \/><\/p>\n<p><img decoding=\"async\" loading=\"lazy\" class=\"alignleft wp-image-2015\" src=\"http:\/\/csapokert.gorogkatolikus.hu\/wp-content\/uploads\/2017\/06\/IMG_7858.jpg\" alt=\"\" width=\"296\" height=\"197\" \/><\/p>\n","protected":false},"excerpt":{"rendered":"<p>A program az EFOP-1.2.1-15-2016-000418 nyertes p\u00e1ly\u00e1zat finansz\u00edroz\u00e1s\u00e1ban val\u00f3sult meg. Egyh\u00e1zk\u00f6zs\u00e9g\u00fcnk 2017. m\u00e1jus 25-\u00e9n tartotta a Szent P\u00e9ter \u00e9s P\u00e1l napi templomb\u00facs\u00fat. Erre az alkalomra sz\u00e9p sz\u00e1mmal j\u00f6ttek el a h\u00edvek m\u00e9g a t\u00e1volabbi r\u00e9gi\u00f3kb\u00f3l is. Az \u00fcnnepi sz\u00f3nok F\u0151tisztelend\u0151 De\u00e1k Csaba volt. A Szent Liturgia v\u00e9g\u00e9n a h\u00edvek k\u00f6rmenetet tartottak a templom kertj\u00e9ben, melyen n\u00e9gy [&hellip;]<\/p>\n","protected":false},"author":3,"featured_media":0,"comment_status":"closed","ping_status":"closed","sticky":false,"template":"","format":"standard","meta":{"ngg_post_thumbnail":0},"categories":[1],"tags":[],"_links":{"self":[{"href":"http:\/\/csapokert.gorogkatolikus.hu\/index.php?rest_route=\/wp\/v2\/posts\/1929"}],"collection":[{"href":"http:\/\/csapokert.gorogkatolikus.hu\/index.php?rest_route=\/wp\/v2\/posts"}],"about":[{"href":"http:\/\/csapokert.gorogkatolikus.hu\/index.php?rest_route=\/wp\/v2\/types\/post"}],"author":[{"embeddable":true,"href":"http:\/\/csapokert.gorogkatolikus.hu\/index.php?rest_route=\/wp\/v2\/users\/3"}],"replies":[{"embeddable":true,"href":"http:\/\/csapokert.gorogkatolikus.hu\/index.php?rest_route=%2Fwp%2Fv2%2Fcomments&post=1929"}],"version-history":[{"count":22,"href":"http:\/\/csapokert.gorogkatolikus.hu\/index.php?rest_route=\/wp\/v2\/posts\/1929\/revisions"}],"predecessor-version":[{"id":4498,"href":"http:\/\/csapokert.gorogkatolikus.hu\/index.php?rest_route=\/wp\/v2\/posts\/1929\/revisions\/4498"}],"wp:attachment":[{"href":"http:\/\/csapokert.gorogkatolikus.hu\/index.php?rest_route=%2Fwp%2Fv2%2Fmedia&parent=1929"}],"wp:term":[{"taxonomy":"category","embeddable":true,"href":"http:\/\/csapokert.gorogkatolikus.hu\/index.php?rest_route=%2Fwp%2Fv2%2Fcategories&post=1929"},{"taxonomy":"post_tag","embeddable":true,"href":"http:\/\/csapokert.gorogkatolikus.hu\/index.php?rest_route=%2Fwp%2Fv2%2Ftags&post=1929"}],"curies":[{"name":"wp","href":"https:\/\/api.w.org\/{rel}","templated":true}]}}