{"id":2346,"date":"2017-10-24T10:11:50","date_gmt":"2017-10-24T10:11:50","guid":{"rendered":"http:\/\/csapokert.gorogkatolikus.hu\/?p=2346"},"modified":"2019-09-02T09:55:12","modified_gmt":"2019-09-02T09:55:12","slug":"nagyvaradi-kirandulas-efop","status":"publish","type":"post","link":"http:\/\/csapokert.gorogkatolikus.hu\/?p=2346","title":{"rendered":"Nagyv\u00e1radi kir\u00e1ndul\u00e1s"},"content":{"rendered":"<p>A program az EFOP-1.2.1-15-2016-000418 nyertes p\u00e1ly\u00e1zat finansz\u00edroz\u00e1s\u00e1ban val\u00f3sult meg.<\/p>\n<p>&nbsp;<\/p>\n<p><img decoding=\"async\" loading=\"lazy\" class=\"alignleft wp-image-2353\" src=\"http:\/\/csapokert.gorogkatolikus.hu\/wp-content\/uploads\/2017\/10\/DSCN1955-1-300x225.jpg\" alt=\"\" width=\"251\" height=\"188\" srcset=\"http:\/\/csapokert.gorogkatolikus.hu\/wp-content\/uploads\/2017\/10\/DSCN1955-1-300x225.jpg 300w, http:\/\/csapokert.gorogkatolikus.hu\/wp-content\/uploads\/2017\/10\/DSCN1955-1-768x576.jpg 768w, http:\/\/csapokert.gorogkatolikus.hu\/wp-content\/uploads\/2017\/10\/DSCN1955-1-1024x768.jpg 1024w, http:\/\/csapokert.gorogkatolikus.hu\/wp-content\/uploads\/2017\/10\/DSCN1955-1-634x476.jpg 634w, http:\/\/csapokert.gorogkatolikus.hu\/wp-content\/uploads\/2017\/10\/DSCN1955-1-924x693.jpg 924w\" sizes=\"(max-width: 251px) 100vw, 251px\" \/><\/p>\n<p>A Debrecen-Csap\u00f3kerti G\u00f6r\u00f6gkatolikus Egyh\u00e1zk\u00f6zs\u00e9g okt\u00f3ber idus\u00e1n kir\u00e1ndul\u00e1st szervezett a Szent L\u00e1szl\u00f3-\u00e9v tisztelet\u00e9re, melynek \u00fati c\u00e9lja Nagyv\u00e1rad volt.<br \/>\nOkt\u00f3ber 13-\u00e1n este Dr. Szarka J\u00e1nos egyh\u00e1zt\u00f6rt\u00e9n\u00e9sz el\u0151ad\u00e1st tartott a csap\u00f3kerti par\u00f3kia k\u00f6z\u00f6ss\u00e9gi h\u00e1z\u00e1ban \u201eA g\u00f6r\u00f6g r\u00edtus\u00fa kereszt\u00e9nys\u00e9g fellelhet\u0151 nyomai az \u00c1rp\u00e1d-h\u00e1z idej\u00e9n, k\u00fcl\u00f6n\u00f6s tekintettel Szent L\u00e1szl\u00f3 kir\u00e1lyra\u201d c\u00edmmel a Szent L\u00e1szl\u00f3-zar\u00e1ndoklathoz kapcsol\u00f3d\u00f3an.<\/p>\n<p><!--more--><\/p>\n<p>\u201eP\u00e1risban j\u00e1rt az \u0150sz\u201d<br \/>\nA sz\u00ednvonalas \u00e9s tartalmas el\u0151ad\u00e1st k\u00f6vet\u0151en m\u00e1snap reggel \u00fatnak indultak az egyh\u00e1zk\u00f6zs\u00e9gi tagok Szarka Gergely par\u00f3kus atya vezet\u00e9s\u00e9vel. \u00datk\u00f6zben Szent L\u00e1szl\u00f3 lovagkir\u00e1ly \u00e9lete ker\u00fclt r\u00e9szletes bemutat\u00e1sra, majd a k\u00f6z\u00f6s Paraklisz-im\u00e1ds\u00e1g sem maradhatott el, ami \u00e1ld\u00e1soss\u00e1 tette a zar\u00e1ndokok napj\u00e1t.<br \/>\nSzikr\u00e1z\u00f3 naps\u00fct\u00e9sben lehetett megcsod\u00e1lni a K\u00f6r\u00f6s-parti P\u00e1rizs nemr\u00e9giben fel\u00faj\u00edtott f\u0151ter\u00e9t \u00e9s a hozz\u00e1tartoz\u00f3 szecesszi\u00f3s m\u0171eml\u00e9keket, valamint az Ady Endre \u00e1ltal alap\u00edtott Holnap irodalmi t\u00e1rsas\u00e1g meghat\u00e1roz\u00f3 alakjait (Ady Endre, Dutka \u00c1kos, Juh\u00e1sz Gyula, Em\u0151d Tam\u00e1s) \u00e1br\u00e1zol\u00f3 szoborcsoportot, melyeket a bihari r\u00f3mai katolikus pl\u00e9b\u00e1nos, Szab\u00f3 Ervin atya mutatott be r\u00e9szletesen. K\u00fcl\u00f6n eml\u00edt\u00e9st \u00e9rdemel a r\u00f3mai katolikus p\u00fcsp\u00f6ki palota k\u00f6zvetlen szomsz\u00e9ds\u00e1g\u00e1ban tal\u00e1lhat\u00f3 Pet\u0151fi S\u00e1ndor-park, mely a magyar nemzeti \u00f6ntudatot igencsak er\u0151s\u00edtheti.<br \/>\nEgy r\u00f6vid belv\u00e1rosi s\u00e9ta \u00e9s eb\u00e9d ut\u00e1n a testv\u00e9rek ell\u00e1togattak a dics\u0151 m\u00falt\u00fa, Szent L\u00e1szl\u00f3 kir\u00e1lyunk \u00e1ltal \u00e9p\u00edttetett nagyv\u00e1radi v\u00e1rhoz, melynek fel\u00faj\u00edtott k\u0151t\u00e1r\u00e1ban barangoltak hosszasan.<br \/>\nA kellemes d\u00e9lut\u00e1ni id\u0151t\u00f6lt\u00e9s ut\u00e1n a r\u00f3mai katolikus p\u00fcsp\u00f6ki sz\u00e9kesegyh\u00e1zban tartottak k\u00f6z\u00f6s vecserny\u00e9t a debreceni g\u00f6r\u00f6gkatolikus testv\u00e9rpar\u00f3ki\u00e1k tagjai. Ezt a felejthetetlen szertart\u00e1st Kocsis F\u00fcl\u00f6p \u00e9rsek-metropolita atya vezette, de r\u00e9szt vett rajta B\u00f6cskei L\u00e1szl\u00f3 nagyv\u00e1radi r\u00f3mai katolikus \u00e9s Virgil Bercea g\u00f6r\u00f6gkatolikus megy\u00e9sp\u00fcsp\u00f6k is.<br \/>\nAz esem\u00e9ny f\u0151 c\u00e9lja az volt, hogy k\u00f6z\u00e9ppontba \u00e1ll\u00edtsa a lovagkir\u00e1ly alakj\u00e1t, aki lelk\u00fclet\u00e9ben is kiemelked\u0151 volt, hiszen kereszt\u00e9ny egys\u00e9gben gondolkodott, amikor \u00f6sszekapcsolta \u00e9letm\u0171v\u00e9vel a k\u00f6z\u00e9p-eur\u00f3pai nemzeteket. Szent L\u00e1szl\u00f3 sz\u00e1m\u00e1ra a nemzet fogalma is hangs\u00falyos volt, Magyarorsz\u00e1g az \u0151 uralkod\u00e1sa alatt er\u0151s\u00edtette meg poz\u00edci\u00f3j\u00e1t \u00e9s szerep\u00e9t a t\u00e9rs\u00e9gben.<br \/>\nA k\u00f6z\u00f6s im\u00e1ds\u00e1g ut\u00e1n h\u00e1latelt sz\u00edvvel indultunk haza. Azt hiszem mindannyiunk \u00e9rz\u00e9seit fogalmazom meg, amikor a zar\u00e1ndoklatot kiv\u00e9teles kegyelmekben gazdag, a testv\u00e9ri k\u00f6z\u00f6ss\u00e9get er\u0151s\u00edt\u0151 egy\u00fcttl\u00e9tk\u00e9nt \u00e9rt\u00e9kelj\u00fck, amely nem utols\u00f3 sorban egy eml\u00e9kezetes \u00e9s \u201ekult\u00far\u00e9hs\u00e9get\u201d is megel\u00e9g\u00edt\u0151 kir\u00e1ndul\u00e1s is volt. Ezennel szeretn\u00e9m a h\u00edvek nev\u00e9ben k\u00f6sz\u00f6net\u00fcnket is kinyilv\u00e1n\u00edtani a szervez\u0151knek.<\/p>\n<p>Borza Vajk<br \/>\nhitoktat\u00f3<\/p>\n<p>&nbsp;<\/p>\n<p>&nbsp;<\/p>\n<p><a href=\"http:\/\/csapokert.gorogkatolikus.hu\/wp-content\/uploads\/2017\/10\/DSCN1949.jpg\"><img decoding=\"async\" loading=\"lazy\" class=\"alignleft size-medium wp-image-2352\" src=\"http:\/\/csapokert.gorogkatolikus.hu\/wp-content\/uploads\/2017\/10\/DSCN1949-300x225.jpg\" alt=\"\" width=\"300\" height=\"225\" srcset=\"http:\/\/csapokert.gorogkatolikus.hu\/wp-content\/uploads\/2017\/10\/DSCN1949-300x225.jpg 300w, http:\/\/csapokert.gorogkatolikus.hu\/wp-content\/uploads\/2017\/10\/DSCN1949-768x576.jpg 768w, http:\/\/csapokert.gorogkatolikus.hu\/wp-content\/uploads\/2017\/10\/DSCN1949-1024x768.jpg 1024w, http:\/\/csapokert.gorogkatolikus.hu\/wp-content\/uploads\/2017\/10\/DSCN1949-634x476.jpg 634w, http:\/\/csapokert.gorogkatolikus.hu\/wp-content\/uploads\/2017\/10\/DSCN1949-924x693.jpg 924w\" sizes=\"(max-width: 300px) 100vw, 300px\" \/><\/a><\/p>\n<p>&nbsp;<\/p>\n<p><a href=\"http:\/\/csapokert.gorogkatolikus.hu\/wp-content\/uploads\/2017\/10\/DSCN1961.jpg\"><img decoding=\"async\" loading=\"lazy\" class=\"alignleft size-medium wp-image-2354\" src=\"http:\/\/csapokert.gorogkatolikus.hu\/wp-content\/uploads\/2017\/10\/DSCN1961-225x300.jpg\" alt=\"\" width=\"225\" height=\"300\" srcset=\"http:\/\/csapokert.gorogkatolikus.hu\/wp-content\/uploads\/2017\/10\/DSCN1961-225x300.jpg 225w, http:\/\/csapokert.gorogkatolikus.hu\/wp-content\/uploads\/2017\/10\/DSCN1961-768x1024.jpg 768w, http:\/\/csapokert.gorogkatolikus.hu\/wp-content\/uploads\/2017\/10\/DSCN1961-634x845.jpg 634w, http:\/\/csapokert.gorogkatolikus.hu\/wp-content\/uploads\/2017\/10\/DSCN1961-924x1232.jpg 924w\" sizes=\"(max-width: 225px) 100vw, 225px\" \/><\/a><\/p>\n<p><a href=\"http:\/\/csapokert.gorogkatolikus.hu\/wp-content\/uploads\/2017\/10\/DSCN1975.jpg\"><img decoding=\"async\" loading=\"lazy\" class=\"alignleft size-medium wp-image-2355\" src=\"http:\/\/csapokert.gorogkatolikus.hu\/wp-content\/uploads\/2017\/10\/DSCN1975-225x300.jpg\" alt=\"\" width=\"225\" height=\"300\" srcset=\"http:\/\/csapokert.gorogkatolikus.hu\/wp-content\/uploads\/2017\/10\/DSCN1975-225x300.jpg 225w, http:\/\/csapokert.gorogkatolikus.hu\/wp-content\/uploads\/2017\/10\/DSCN1975-768x1024.jpg 768w, http:\/\/csapokert.gorogkatolikus.hu\/wp-content\/uploads\/2017\/10\/DSCN1975-634x845.jpg 634w, http:\/\/csapokert.gorogkatolikus.hu\/wp-content\/uploads\/2017\/10\/DSCN1975-924x1232.jpg 924w\" sizes=\"(max-width: 225px) 100vw, 225px\" \/><\/a><\/p>\n<p><a href=\"http:\/\/csapokert.gorogkatolikus.hu\/wp-content\/uploads\/2017\/10\/DSCN1978.jpg\"><img decoding=\"async\" loading=\"lazy\" class=\"alignleft size-medium wp-image-2356\" src=\"http:\/\/csapokert.gorogkatolikus.hu\/wp-content\/uploads\/2017\/10\/DSCN1978-300x225.jpg\" alt=\"\" width=\"300\" height=\"225\" srcset=\"http:\/\/csapokert.gorogkatolikus.hu\/wp-content\/uploads\/2017\/10\/DSCN1978-300x225.jpg 300w, http:\/\/csapokert.gorogkatolikus.hu\/wp-content\/uploads\/2017\/10\/DSCN1978-768x576.jpg 768w, http:\/\/csapokert.gorogkatolikus.hu\/wp-content\/uploads\/2017\/10\/DSCN1978-1024x768.jpg 1024w, http:\/\/csapokert.gorogkatolikus.hu\/wp-content\/uploads\/2017\/10\/DSCN1978-634x476.jpg 634w, http:\/\/csapokert.gorogkatolikus.hu\/wp-content\/uploads\/2017\/10\/DSCN1978-924x693.jpg 924w\" sizes=\"(max-width: 300px) 100vw, 300px\" \/><\/a><\/p>\n<p><a href=\"http:\/\/csapokert.gorogkatolikus.hu\/wp-content\/uploads\/2017\/10\/DSCN1947.jpg\"><img decoding=\"async\" loading=\"lazy\" class=\"alignleft size-medium wp-image-2351\" src=\"http:\/\/csapokert.gorogkatolikus.hu\/wp-content\/uploads\/2017\/10\/DSCN1947-300x225.jpg\" alt=\"\" width=\"300\" height=\"225\" srcset=\"http:\/\/csapokert.gorogkatolikus.hu\/wp-content\/uploads\/2017\/10\/DSCN1947-300x225.jpg 300w, http:\/\/csapokert.gorogkatolikus.hu\/wp-content\/uploads\/2017\/10\/DSCN1947-768x576.jpg 768w, http:\/\/csapokert.gorogkatolikus.hu\/wp-content\/uploads\/2017\/10\/DSCN1947-1024x768.jpg 1024w, http:\/\/csapokert.gorogkatolikus.hu\/wp-content\/uploads\/2017\/10\/DSCN1947-634x476.jpg 634w, http:\/\/csapokert.gorogkatolikus.hu\/wp-content\/uploads\/2017\/10\/DSCN1947-924x693.jpg 924w\" sizes=\"(max-width: 300px) 100vw, 300px\" \/><\/a><\/p>\n<p><a href=\"http:\/\/csapokert.gorogkatolikus.hu\/wp-content\/uploads\/2017\/10\/DSCN1943.jpg\"><img decoding=\"async\" loading=\"lazy\" class=\"alignleft size-medium wp-image-2350\" src=\"http:\/\/csapokert.gorogkatolikus.hu\/wp-content\/uploads\/2017\/10\/DSCN1943-300x225.jpg\" alt=\"\" width=\"300\" height=\"225\" srcset=\"http:\/\/csapokert.gorogkatolikus.hu\/wp-content\/uploads\/2017\/10\/DSCN1943-300x225.jpg 300w, http:\/\/csapokert.gorogkatolikus.hu\/wp-content\/uploads\/2017\/10\/DSCN1943-768x576.jpg 768w, http:\/\/csapokert.gorogkatolikus.hu\/wp-content\/uploads\/2017\/10\/DSCN1943-1024x768.jpg 1024w, http:\/\/csapokert.gorogkatolikus.hu\/wp-content\/uploads\/2017\/10\/DSCN1943-634x476.jpg 634w, http:\/\/csapokert.gorogkatolikus.hu\/wp-content\/uploads\/2017\/10\/DSCN1943-924x693.jpg 924w\" sizes=\"(max-width: 300px) 100vw, 300px\" \/><\/a><\/p>\n<p><a href=\"http:\/\/csapokert.gorogkatolikus.hu\/wp-content\/uploads\/2017\/10\/DSCN1956.jpg\"><img decoding=\"async\" loading=\"lazy\" class=\"alignleft size-medium wp-image-2318\" src=\"http:\/\/csapokert.gorogkatolikus.hu\/wp-content\/uploads\/2017\/10\/DSCN1956-225x300.jpg\" alt=\"\" width=\"225\" height=\"300\" srcset=\"http:\/\/csapokert.gorogkatolikus.hu\/wp-content\/uploads\/2017\/10\/DSCN1956-225x300.jpg 225w, http:\/\/csapokert.gorogkatolikus.hu\/wp-content\/uploads\/2017\/10\/DSCN1956-768x1024.jpg 768w, http:\/\/csapokert.gorogkatolikus.hu\/wp-content\/uploads\/2017\/10\/DSCN1956-634x845.jpg 634w, http:\/\/csapokert.gorogkatolikus.hu\/wp-content\/uploads\/2017\/10\/DSCN1956-924x1232.jpg 924w\" sizes=\"(max-width: 225px) 100vw, 225px\" \/><\/a><\/p>\n<p><a href=\"http:\/\/csapokert.gorogkatolikus.hu\/wp-content\/uploads\/2017\/10\/DSCN1955.jpg\"><img decoding=\"async\" loading=\"lazy\" class=\"alignleft size-medium wp-image-2317\" src=\"http:\/\/csapokert.gorogkatolikus.hu\/wp-content\/uploads\/2017\/10\/DSCN1955-300x225.jpg\" alt=\"\" width=\"300\" height=\"225\" srcset=\"http:\/\/csapokert.gorogkatolikus.hu\/wp-content\/uploads\/2017\/10\/DSCN1955-300x225.jpg 300w, http:\/\/csapokert.gorogkatolikus.hu\/wp-content\/uploads\/2017\/10\/DSCN1955-768x576.jpg 768w, http:\/\/csapokert.gorogkatolikus.hu\/wp-content\/uploads\/2017\/10\/DSCN1955-1024x768.jpg 1024w, http:\/\/csapokert.gorogkatolikus.hu\/wp-content\/uploads\/2017\/10\/DSCN1955-634x476.jpg 634w, http:\/\/csapokert.gorogkatolikus.hu\/wp-content\/uploads\/2017\/10\/DSCN1955-924x693.jpg 924w\" sizes=\"(max-width: 300px) 100vw, 300px\" \/><\/a><\/p>\n<p><a href=\"http:\/\/csapokert.gorogkatolikus.hu\/wp-content\/uploads\/2017\/10\/DSCN1952.jpg\"><img decoding=\"async\" loading=\"lazy\" class=\"alignleft size-medium wp-image-2316\" src=\"http:\/\/csapokert.gorogkatolikus.hu\/wp-content\/uploads\/2017\/10\/DSCN1952-300x225.jpg\" alt=\"\" width=\"300\" height=\"225\" srcset=\"http:\/\/csapokert.gorogkatolikus.hu\/wp-content\/uploads\/2017\/10\/DSCN1952-300x225.jpg 300w, http:\/\/csapokert.gorogkatolikus.hu\/wp-content\/uploads\/2017\/10\/DSCN1952-768x576.jpg 768w, http:\/\/csapokert.gorogkatolikus.hu\/wp-content\/uploads\/2017\/10\/DSCN1952-1024x768.jpg 1024w, http:\/\/csapokert.gorogkatolikus.hu\/wp-content\/uploads\/2017\/10\/DSCN1952-634x476.jpg 634w, http:\/\/csapokert.gorogkatolikus.hu\/wp-content\/uploads\/2017\/10\/DSCN1952-924x693.jpg 924w\" sizes=\"(max-width: 300px) 100vw, 300px\" \/><\/a><\/p>\n<p><a href=\"http:\/\/csapokert.gorogkatolikus.hu\/wp-content\/uploads\/2017\/10\/DSCN1945.jpg\"><img decoding=\"async\" loading=\"lazy\" class=\"alignleft size-medium wp-image-2315\" src=\"http:\/\/csapokert.gorogkatolikus.hu\/wp-content\/uploads\/2017\/10\/DSCN1945-300x225.jpg\" alt=\"\" width=\"300\" height=\"225\" srcset=\"http:\/\/csapokert.gorogkatolikus.hu\/wp-content\/uploads\/2017\/10\/DSCN1945-300x225.jpg 300w, http:\/\/csapokert.gorogkatolikus.hu\/wp-content\/uploads\/2017\/10\/DSCN1945-768x576.jpg 768w, http:\/\/csapokert.gorogkatolikus.hu\/wp-content\/uploads\/2017\/10\/DSCN1945-1024x768.jpg 1024w, http:\/\/csapokert.gorogkatolikus.hu\/wp-content\/uploads\/2017\/10\/DSCN1945-634x476.jpg 634w, http:\/\/csapokert.gorogkatolikus.hu\/wp-content\/uploads\/2017\/10\/DSCN1945-924x693.jpg 924w\" sizes=\"(max-width: 300px) 100vw, 300px\" \/><\/a><\/p>\n<p><a href=\"http:\/\/csapokert.gorogkatolikus.hu\/wp-content\/uploads\/2017\/10\/DSCN1942.jpg\"><img decoding=\"async\" loading=\"lazy\" class=\"alignleft size-medium wp-image-2314\" src=\"http:\/\/csapokert.gorogkatolikus.hu\/wp-content\/uploads\/2017\/10\/DSCN1942-300x225.jpg\" alt=\"\" width=\"300\" height=\"225\" srcset=\"http:\/\/csapokert.gorogkatolikus.hu\/wp-content\/uploads\/2017\/10\/DSCN1942-300x225.jpg 300w, http:\/\/csapokert.gorogkatolikus.hu\/wp-content\/uploads\/2017\/10\/DSCN1942-768x576.jpg 768w, http:\/\/csapokert.gorogkatolikus.hu\/wp-content\/uploads\/2017\/10\/DSCN1942-1024x768.jpg 1024w, http:\/\/csapokert.gorogkatolikus.hu\/wp-content\/uploads\/2017\/10\/DSCN1942-634x476.jpg 634w, http:\/\/csapokert.gorogkatolikus.hu\/wp-content\/uploads\/2017\/10\/DSCN1942-924x693.jpg 924w\" sizes=\"(max-width: 300px) 100vw, 300px\" \/><\/a><\/p>\n","protected":false},"excerpt":{"rendered":"<p>A program az EFOP-1.2.1-15-2016-000418 nyertes p\u00e1ly\u00e1zat finansz\u00edroz\u00e1s\u00e1ban val\u00f3sult meg. &nbsp; A Debrecen-Csap\u00f3kerti G\u00f6r\u00f6gkatolikus Egyh\u00e1zk\u00f6zs\u00e9g okt\u00f3ber idus\u00e1n kir\u00e1ndul\u00e1st szervezett a Szent L\u00e1szl\u00f3-\u00e9v tisztelet\u00e9re, melynek \u00fati c\u00e9lja Nagyv\u00e1rad volt. Okt\u00f3ber 13-\u00e1n este Dr. Szarka J\u00e1nos egyh\u00e1zt\u00f6rt\u00e9n\u00e9sz el\u0151ad\u00e1st tartott a csap\u00f3kerti par\u00f3kia k\u00f6z\u00f6ss\u00e9gi h\u00e1z\u00e1ban \u201eA g\u00f6r\u00f6g r\u00edtus\u00fa kereszt\u00e9nys\u00e9g fellelhet\u0151 nyomai az \u00c1rp\u00e1d-h\u00e1z idej\u00e9n, k\u00fcl\u00f6n\u00f6s tekintettel Szent L\u00e1szl\u00f3 kir\u00e1lyra\u201d [&hellip;]<\/p>\n","protected":false},"author":3,"featured_media":0,"comment_status":"closed","ping_status":"closed","sticky":false,"template":"","format":"standard","meta":{"ngg_post_thumbnail":0},"categories":[1],"tags":[],"_links":{"self":[{"href":"http:\/\/csapokert.gorogkatolikus.hu\/index.php?rest_route=\/wp\/v2\/posts\/2346"}],"collection":[{"href":"http:\/\/csapokert.gorogkatolikus.hu\/index.php?rest_route=\/wp\/v2\/posts"}],"about":[{"href":"http:\/\/csapokert.gorogkatolikus.hu\/index.php?rest_route=\/wp\/v2\/types\/post"}],"author":[{"embeddable":true,"href":"http:\/\/csapokert.gorogkatolikus.hu\/index.php?rest_route=\/wp\/v2\/users\/3"}],"replies":[{"embeddable":true,"href":"http:\/\/csapokert.gorogkatolikus.hu\/index.php?rest_route=%2Fwp%2Fv2%2Fcomments&post=2346"}],"version-history":[{"count":9,"href":"http:\/\/csapokert.gorogkatolikus.hu\/index.php?rest_route=\/wp\/v2\/posts\/2346\/revisions"}],"predecessor-version":[{"id":4497,"href":"http:\/\/csapokert.gorogkatolikus.hu\/index.php?rest_route=\/wp\/v2\/posts\/2346\/revisions\/4497"}],"wp:attachment":[{"href":"http:\/\/csapokert.gorogkatolikus.hu\/index.php?rest_route=%2Fwp%2Fv2%2Fmedia&parent=2346"}],"wp:term":[{"taxonomy":"category","embeddable":true,"href":"http:\/\/csapokert.gorogkatolikus.hu\/index.php?rest_route=%2Fwp%2Fv2%2Fcategories&post=2346"},{"taxonomy":"post_tag","embeddable":true,"href":"http:\/\/csapokert.gorogkatolikus.hu\/index.php?rest_route=%2Fwp%2Fv2%2Ftags&post=2346"}],"curies":[{"name":"wp","href":"https:\/\/api.w.org\/{rel}","templated":true}]}}