{"id":2547,"date":"2017-12-23T22:44:13","date_gmt":"2017-12-23T22:44:13","guid":{"rendered":"http:\/\/csapokert.gorogkatolikus.hu\/?p=2547"},"modified":"2017-12-23T22:45:14","modified_gmt":"2017-12-23T22:45:14","slug":"krisztus-szuletik-dicsoitsetek","status":"publish","type":"post","link":"http:\/\/csapokert.gorogkatolikus.hu\/?p=2547","title":{"rendered":"Krisztus sz\u00fcletik!- Dics\u0151\u00edts\u00e9tek!"},"content":{"rendered":"<p>\u00dcnnepi szertart\u00e1srend<\/p>\n<table width=\"238\">\n<tbody>\n<tr>\n<td width=\"238\">Dec. 24. Vas\u00e1rnap- Szenteste<\/td>\n<\/tr>\n<tr>\n<td>09:30 Szent Liturgia, P\u00e1sztorj\u00e1t\u00e9k<\/td>\n<\/tr>\n<tr>\n<td>23. 15 kar\u00e1csonyi zsolozsma<\/td>\n<\/tr>\n<tr>\n<td>24. 00 kar\u00e1csonyi \u00e9jf\u00e9li Szent Liturgia<\/td>\n<\/tr>\n<tr>\n<td><\/td>\n<\/tr>\n<tr>\n<td>Dec. 25., 26., 27\u00a0 Kar\u00e1csony<\/td>\n<\/tr>\n<tr>\n<td>8. 30 Utrenye<\/td>\n<\/tr>\n<tr>\n<td>9. 30 Szent Liturgia<\/td>\n<\/tr>\n<tr>\n<td><\/td>\n<\/tr>\n<tr>\n<td><\/td>\n<\/tr>\n<tr>\n<td>Dec.31. vas\u00e1rnap<\/td>\n<\/tr>\n<tr>\n<td>9.30 Szent Liturgia \u00e9v v\u00e9gi h\u00e1laad\u00e1s<\/td>\n<\/tr>\n<tr>\n<td><\/td>\n<\/tr>\n<tr>\n<td>2018. JANU\u00c1R 1. h\u00e9tf\u0151 \u00daj\u00e9v<\/td>\n<\/tr>\n<tr>\n<td>9. 30 Szent Liturgia<\/td>\n<\/tr>\n<\/tbody>\n<\/table>\n<div class=\"text_exposed_show\"><\/div>\n","protected":false},"excerpt":{"rendered":"<p>\u00dcnnepi szertart\u00e1srend Dec. 24. Vas\u00e1rnap- Szenteste 09:30 Szent Liturgia, P\u00e1sztorj\u00e1t\u00e9k 23. 15 kar\u00e1csonyi zsolozsma 24. 00 kar\u00e1csonyi \u00e9jf\u00e9li Szent Liturgia Dec. 25., 26., 27\u00a0 Kar\u00e1csony 8. 30 Utrenye 9. 30 Szent Liturgia Dec.31. vas\u00e1rnap 9.30 Szent Liturgia \u00e9v v\u00e9gi h\u00e1laad\u00e1s 2018. JANU\u00c1R 1. h\u00e9tf\u0151 \u00daj\u00e9v 9. 30 Szent Liturgia<\/p>\n","protected":false},"author":3,"featured_media":0,"comment_status":"closed","ping_status":"closed","sticky":false,"template":"","format":"standard","meta":{"ngg_post_thumbnail":0},"categories":[1],"tags":[],"_links":{"self":[{"href":"http:\/\/csapokert.gorogkatolikus.hu\/index.php?rest_route=\/wp\/v2\/posts\/2547"}],"collection":[{"href":"http:\/\/csapokert.gorogkatolikus.hu\/index.php?rest_route=\/wp\/v2\/posts"}],"about":[{"href":"http:\/\/csapokert.gorogkatolikus.hu\/index.php?rest_route=\/wp\/v2\/types\/post"}],"author":[{"embeddable":true,"href":"http:\/\/csapokert.gorogkatolikus.hu\/index.php?rest_route=\/wp\/v2\/users\/3"}],"replies":[{"embeddable":true,"href":"http:\/\/csapokert.gorogkatolikus.hu\/index.php?rest_route=%2Fwp%2Fv2%2Fcomments&post=2547"}],"version-history":[{"count":3,"href":"http:\/\/csapokert.gorogkatolikus.hu\/index.php?rest_route=\/wp\/v2\/posts\/2547\/revisions"}],"predecessor-version":[{"id":2550,"href":"http:\/\/csapokert.gorogkatolikus.hu\/index.php?rest_route=\/wp\/v2\/posts\/2547\/revisions\/2550"}],"wp:attachment":[{"href":"http:\/\/csapokert.gorogkatolikus.hu\/index.php?rest_route=%2Fwp%2Fv2%2Fmedia&parent=2547"}],"wp:term":[{"taxonomy":"category","embeddable":true,"href":"http:\/\/csapokert.gorogkatolikus.hu\/index.php?rest_route=%2Fwp%2Fv2%2Fcategories&post=2547"},{"taxonomy":"post_tag","embeddable":true,"href":"http:\/\/csapokert.gorogkatolikus.hu\/index.php?rest_route=%2Fwp%2Fv2%2Ftags&post=2547"}],"curies":[{"name":"wp","href":"https:\/\/api.w.org\/{rel}","templated":true}]}}