{"id":2911,"date":"2018-03-27T12:49:06","date_gmt":"2018-03-27T12:49:06","guid":{"rendered":"http:\/\/csapokert.gorogkatolikus.hu\/?p=2911"},"modified":"2018-03-27T12:49:06","modified_gmt":"2018-03-27T12:49:06","slug":"unnepi-szertartasrend-2018-husvetjan-debrecen-csapokertben-es-hajdusamsonban","status":"publish","type":"post","link":"http:\/\/csapokert.gorogkatolikus.hu\/?p=2911","title":{"rendered":"\u00dcNNEPI SZERTART\u00c1SREND 2018 H\u00daSV\u00c9TJ\u00c1N DEBRECEN-CSAP\u00d3KERTBEN \u00c9S HAJD\u00daS\u00c1MSONBAN"},"content":{"rendered":"<table width=\"640\">\n<tbody>\n<tr>\n<td width=\"307\">m\u00e1rcius 26. <strong>Nagyh\u00e9tf\u0151<\/strong><\/td>\n<td width=\"333\">17.<sup>00<\/sup> El\u0151szenteltek liturgi\u00e1ja<\/td>\n<\/tr>\n<tr>\n<td width=\"307\">m\u00e1rcius 27.<strong> Nagykedd<\/strong><\/td>\n<td width=\"333\">17.<sup>00<\/sup> El\u0151szenteltek liturgi\u00e1ja<\/td>\n<\/tr>\n<tr>\n<td width=\"307\">m\u00e1rcius 28. <strong>Nagyszerda<\/strong><\/td>\n<td width=\"333\">17.<sup>00<\/sup> El\u0151szenteltek liturgi\u00e1ja<\/td>\n<\/tr>\n<tr>\n<td width=\"307\">m\u00e1rcius 29.<strong> Nagycs\u00fct\u00f6rt\u00f6k<\/strong><\/td>\n<td width=\"333\"><em>Nagy Szt Bazil liturgia l\u00e1bmos\u00e1s szertart\u00e1sa (Attila t\u00e9r, f\u0151sz\u00e9kesegyh\u00e1z)<\/em><\/p>\n<p>17.<sup>00<\/sup> K\u00ednszenved\u00e9si evang\u00e9liumok<\/td>\n<\/tr>\n<tr>\n<td width=\"307\">m\u00e1rcius 30.<strong> Nagyp\u00e9ntek<\/strong><\/td>\n<td width=\"333\">8.<sup>00 <\/sup>\u00a0kir\u00e1lyi ima\u00f3r\u00e1k<\/p>\n<p>16.<sup>00<\/sup> <strong>Hajd\u00fas\u00e1mson<\/strong> S\u00edrbat\u00e9teli vecsernye<\/p>\n<p>18.<sup>00<\/sup> S\u00edrbat\u00e9teli vecsernye<\/p>\n<p>ut\u00e1na<strong> Virraszt\u00e1s<\/strong><\/td>\n<\/tr>\n<tr>\n<td width=\"307\">m\u00e1rcius 31.<strong> Nagyszombat<\/strong><\/td>\n<td width=\"333\">8.<sup>00<\/sup> Vecsernye, Nagy Szt Bazil liturgia<\/p>\n<p>17.<sup>00<\/sup> <strong>Hajd\u00fas\u00e1mson<\/strong> Felt\u00e1mad\u00e1si szertart\u00e1s<\/td>\n<\/tr>\n<tr>\n<td width=\"307\">\u00e1prilis 1.<strong> H\u00fasv\u00e9tvas\u00e1rnap<\/strong><\/p>\n<p><strong>\u00a0<\/strong><\/p>\n<p><strong><em><u>\u00a0<\/u><\/em><\/strong><\/td>\n<td width=\"333\">5.<sup>00<\/sup> Felt\u00e1mad\u00e1si szertart\u00e1s, p\u00e1szkaszentel\u00e9s<\/p>\n<p>9.<sup>30<\/sup> \u00dcnnepi Szt. Liturgia, p\u00e1szkaszentel\u00e9s<\/p>\n<p>11.<sup>00<\/sup> <strong>Hajd\u00fas\u00e1mson<\/strong> Szt Liturgia, p\u00e1szkaszt.<\/p>\n<p>17.<sup>00<\/sup> Vecsernye<\/td>\n<\/tr>\n<tr>\n<td width=\"307\">\u00e1prilis 2.<strong> H\u00fasv\u00e9th\u00e9tf\u0151<\/strong><\/td>\n<td width=\"333\">8.<sup>45<\/sup> Utrenye<\/p>\n<p>9.<sup>30<\/sup> Szent Liturgia<\/p>\n<p>11.<sup>00<\/sup> <strong>Hajd\u00fas\u00e1mson<\/strong> Szent Liturgia<\/p>\n<p>17.<sup>00<\/sup> Vecsernye<\/td>\n<\/tr>\n<tr>\n<td width=\"307\">\u00e1prilis 3.<strong> H\u00fasv\u00e9tkedd<\/strong><\/td>\n<td width=\"333\">8.<sup>45<\/sup> Utrenye<\/p>\n<p>9.<sup>30<\/sup> Szent Liturgia<\/td>\n<\/tr>\n<\/tbody>\n<\/table>\n<p>&nbsp;<\/p>\n","protected":false},"excerpt":{"rendered":"<p>m\u00e1rcius 26. Nagyh\u00e9tf\u0151 17.00 El\u0151szenteltek liturgi\u00e1ja m\u00e1rcius 27. Nagykedd 17.00 El\u0151szenteltek liturgi\u00e1ja m\u00e1rcius 28. Nagyszerda 17.00 El\u0151szenteltek liturgi\u00e1ja m\u00e1rcius 29. Nagycs\u00fct\u00f6rt\u00f6k Nagy Szt Bazil liturgia l\u00e1bmos\u00e1s szertart\u00e1sa (Attila t\u00e9r, f\u0151sz\u00e9kesegyh\u00e1z) 17.00 K\u00ednszenved\u00e9si evang\u00e9liumok m\u00e1rcius 30. Nagyp\u00e9ntek 8.00 \u00a0kir\u00e1lyi ima\u00f3r\u00e1k 16.00 Hajd\u00fas\u00e1mson S\u00edrbat\u00e9teli vecsernye 18.00 S\u00edrbat\u00e9teli vecsernye ut\u00e1na Virraszt\u00e1s m\u00e1rcius 31. Nagyszombat 8.00 Vecsernye, Nagy Szt [&hellip;]<\/p>\n","protected":false},"author":3,"featured_media":0,"comment_status":"closed","ping_status":"closed","sticky":false,"template":"","format":"standard","meta":{"ngg_post_thumbnail":0},"categories":[1],"tags":[],"_links":{"self":[{"href":"http:\/\/csapokert.gorogkatolikus.hu\/index.php?rest_route=\/wp\/v2\/posts\/2911"}],"collection":[{"href":"http:\/\/csapokert.gorogkatolikus.hu\/index.php?rest_route=\/wp\/v2\/posts"}],"about":[{"href":"http:\/\/csapokert.gorogkatolikus.hu\/index.php?rest_route=\/wp\/v2\/types\/post"}],"author":[{"embeddable":true,"href":"http:\/\/csapokert.gorogkatolikus.hu\/index.php?rest_route=\/wp\/v2\/users\/3"}],"replies":[{"embeddable":true,"href":"http:\/\/csapokert.gorogkatolikus.hu\/index.php?rest_route=%2Fwp%2Fv2%2Fcomments&post=2911"}],"version-history":[{"count":1,"href":"http:\/\/csapokert.gorogkatolikus.hu\/index.php?rest_route=\/wp\/v2\/posts\/2911\/revisions"}],"predecessor-version":[{"id":2912,"href":"http:\/\/csapokert.gorogkatolikus.hu\/index.php?rest_route=\/wp\/v2\/posts\/2911\/revisions\/2912"}],"wp:attachment":[{"href":"http:\/\/csapokert.gorogkatolikus.hu\/index.php?rest_route=%2Fwp%2Fv2%2Fmedia&parent=2911"}],"wp:term":[{"taxonomy":"category","embeddable":true,"href":"http:\/\/csapokert.gorogkatolikus.hu\/index.php?rest_route=%2Fwp%2Fv2%2Fcategories&post=2911"},{"taxonomy":"post_tag","embeddable":true,"href":"http:\/\/csapokert.gorogkatolikus.hu\/index.php?rest_route=%2Fwp%2Fv2%2Ftags&post=2911"}],"curies":[{"name":"wp","href":"https:\/\/api.w.org\/{rel}","templated":true}]}}