{"id":3580,"date":"2018-12-19T19:53:03","date_gmt":"2018-12-19T19:53:03","guid":{"rendered":"http:\/\/csapokert.gorogkatolikus.hu\/?p=3580"},"modified":"2018-12-19T19:53:03","modified_gmt":"2018-12-19T19:53:03","slug":"unnepi-szertartasrend-3","status":"publish","type":"post","link":"http:\/\/csapokert.gorogkatolikus.hu\/?p=3580","title":{"rendered":"\u00dcnnepi szertart\u00e1srend"},"content":{"rendered":"<table>\n<tbody>\n<tr>\n<td width=\"307\">2018.12.23. vas\u00e1rnap<\/td>\n<td width=\"307\">8. 30 Utrenye<\/td>\n<\/tr>\n<tr>\n<td width=\"307\"><\/td>\n<td width=\"307\">\u00a09. 30 Szent Liturgia<\/td>\n<\/tr>\n<tr>\n<td width=\"307\"><\/td>\n<td width=\"307\">17. 00 Vecsernye<\/td>\n<\/tr>\n<tr>\n<td width=\"307\">2018.12.24. h\u00e9tf\u0151<\/td>\n<td width=\"307\">8. 00 kir\u00e1lyi ima\u00f3r\u00e1k<\/td>\n<\/tr>\n<tr>\n<td width=\"307\">\n<p style=\"text-align: right;\"><em>Szenteste<\/em><\/p>\n<\/td>\n<td width=\"307\">15. 00 \u00e9l\u0151 Betlehem, k\u00e1nt\u00e1l\u00e1s<\/td>\n<\/tr>\n<tr>\n<td width=\"307\"><\/td>\n<td width=\"307\">16. 00 P\u00e1sztorj\u00e1t\u00e9k<\/td>\n<\/tr>\n<tr>\n<td width=\"307\"><\/td>\n<td width=\"307\">23. 00 kar\u00e1csonyi zsolozsma<\/td>\n<\/tr>\n<tr>\n<td width=\"307\"><\/td>\n<td width=\"307\">24. 00 kar\u00e1csonyi \u00e9jf\u00e9li Szent Liturgia<\/td>\n<\/tr>\n<tr>\n<td width=\"307\">2018.12.25. kedd<em>\u00a0 \u00a0 \u00a0 \u00a0 \u00a0 \u00a0 \u00a0 \u00a0 \u00a0 \u00a0 \u00a0 \u00a0 \u00a0 \u00a0 \u00a0 \u00a0 \u00a0 \u00a0 \u00a0 \u00a0 \u00a0 \u00a0 \u00a0 \u00a0 Kar\u00e1csony I.<\/em><\/td>\n<td width=\"307\">8. 30 Utrenye<\/td>\n<\/tr>\n<tr>\n<td width=\"307\"><\/td>\n<td width=\"307\">9. 30 Szent Liturgia<\/td>\n<\/tr>\n<tr>\n<td width=\"307\"><\/td>\n<td width=\"307\">17.00 Vecsernye<\/td>\n<\/tr>\n<tr>\n<td width=\"307\">2018.12.26. szerda\u00a0 \u00a0 \u00a0 \u00a0 \u00a0 \u00a0 \u00a0 \u00a0 \u00a0 \u00a0 \u00a0 \u00a0 \u00a0 \u00a0 \u00a0 \u00a0 \u00a0 \u00a0 \u00a0 \u00a0 \u00a0 \u00a0 \u00a0\u00a0<em>Kar\u00e1csony II.<\/em><\/td>\n<td width=\"307\">8. 30 Utrenye<\/td>\n<\/tr>\n<tr>\n<td width=\"307\"><\/td>\n<td width=\"307\">\u00a09. 30 Szent Liturgia<\/p>\n<p>17.00 Vecsernye<\/td>\n<\/tr>\n<tr>\n<td width=\"307\">2018.12.27. cs\u00fct\u00f6rt\u00f6k\u00a0 \u00a0 \u00a0 \u00a0 \u00a0 \u00a0 \u00a0 \u00a0 \u00a0 \u00a0 \u00a0 \u00a0 \u00a0 \u00a0 \u00a0 \u00a0 \u00a0 \u00a0 \u00a0 \u00a0 \u00a0 \u00a0<em>Kar\u00e1csony III<\/em>.<\/td>\n<td width=\"307\">8. 30 Utrenye<\/td>\n<\/tr>\n<tr>\n<td width=\"307\"><\/td>\n<td width=\"307\">9. 30 Szent Liturgia<\/td>\n<\/tr>\n<tr>\n<td width=\"307\">&nbsp;<\/p>\n<p>HAJD\u00daS\u00c1MSON<\/p>\n<table>\n<tbody>\n<tr>\n<td width=\"143\">23. vas\u00e1rnap<\/td>\n<td width=\"471\"><em>\u00a0\u00a0\u00a0\u00a0\u00a0\u00a0\u00a0\u00a0\u00a0\u00a0 \u00a0\u00a0\u00a0\u00a0\u00a0\u00a0\u00a0\u00a0<\/em>11.00 Szent Liturgia \u00e9s kar\u00e1csonyi m\u0171sor<\/td>\n<\/tr>\n<tr>\n<td width=\"143\">25. kedd<\/td>\n<td width=\"471\"><em>Kar\u00e1csony I<\/em>.\u00a0\u00a0 11. 00 Szent Liturgia, \u00e9s k\u00e1nt\u00e1l\u00e1s<\/td>\n<\/tr>\n<tr>\n<td width=\"143\">26. szerda<\/td>\n<td width=\"471\"><em>Kar\u00e1csony II<\/em>\u00a0\u00a0 11. 00 Szent Liturgia<\/td>\n<\/tr>\n<\/tbody>\n<\/table>\n<p>&nbsp;<\/td>\n<td width=\"307\"><\/td>\n<\/tr>\n<\/tbody>\n<\/table>\n","protected":false},"excerpt":{"rendered":"<p>2018.12.23. vas\u00e1rnap 8. 30 Utrenye \u00a09. 30 Szent Liturgia 17. 00 Vecsernye 2018.12.24. h\u00e9tf\u0151 8. 00 kir\u00e1lyi ima\u00f3r\u00e1k Szenteste 15. 00 \u00e9l\u0151 Betlehem, k\u00e1nt\u00e1l\u00e1s 16. 00 P\u00e1sztorj\u00e1t\u00e9k 23. 00 kar\u00e1csonyi zsolozsma 24. 00 kar\u00e1csonyi \u00e9jf\u00e9li Szent Liturgia 2018.12.25. kedd\u00a0 \u00a0 \u00a0 \u00a0 \u00a0 \u00a0 \u00a0 \u00a0 \u00a0 \u00a0 \u00a0 \u00a0 \u00a0 \u00a0 \u00a0 \u00a0 \u00a0 [&hellip;]<\/p>\n","protected":false},"author":3,"featured_media":0,"comment_status":"closed","ping_status":"closed","sticky":false,"template":"","format":"standard","meta":{"ngg_post_thumbnail":0},"categories":[1],"tags":[],"_links":{"self":[{"href":"http:\/\/csapokert.gorogkatolikus.hu\/index.php?rest_route=\/wp\/v2\/posts\/3580"}],"collection":[{"href":"http:\/\/csapokert.gorogkatolikus.hu\/index.php?rest_route=\/wp\/v2\/posts"}],"about":[{"href":"http:\/\/csapokert.gorogkatolikus.hu\/index.php?rest_route=\/wp\/v2\/types\/post"}],"author":[{"embeddable":true,"href":"http:\/\/csapokert.gorogkatolikus.hu\/index.php?rest_route=\/wp\/v2\/users\/3"}],"replies":[{"embeddable":true,"href":"http:\/\/csapokert.gorogkatolikus.hu\/index.php?rest_route=%2Fwp%2Fv2%2Fcomments&post=3580"}],"version-history":[{"count":4,"href":"http:\/\/csapokert.gorogkatolikus.hu\/index.php?rest_route=\/wp\/v2\/posts\/3580\/revisions"}],"predecessor-version":[{"id":3584,"href":"http:\/\/csapokert.gorogkatolikus.hu\/index.php?rest_route=\/wp\/v2\/posts\/3580\/revisions\/3584"}],"wp:attachment":[{"href":"http:\/\/csapokert.gorogkatolikus.hu\/index.php?rest_route=%2Fwp%2Fv2%2Fmedia&parent=3580"}],"wp:term":[{"taxonomy":"category","embeddable":true,"href":"http:\/\/csapokert.gorogkatolikus.hu\/index.php?rest_route=%2Fwp%2Fv2%2Fcategories&post=3580"},{"taxonomy":"post_tag","embeddable":true,"href":"http:\/\/csapokert.gorogkatolikus.hu\/index.php?rest_route=%2Fwp%2Fv2%2Ftags&post=3580"}],"curies":[{"name":"wp","href":"https:\/\/api.w.org\/{rel}","templated":true}]}}