{"id":364,"date":"2014-02-11T16:20:26","date_gmt":"2014-02-11T16:20:26","guid":{"rendered":"http:\/\/csapokert.gorogkatolikus.hu\/?p=364"},"modified":"2014-02-12T10:39:34","modified_gmt":"2014-02-12T10:39:34","slug":"anyak-napi-unnepseg","status":"publish","type":"post","link":"http:\/\/csapokert.gorogkatolikus.hu\/?p=364","title":{"rendered":"Any\u00e1k napi \u00fcnneps\u00e9g"},"content":{"rendered":"<p style=\"text-align: justify;\"><a href=\"http:\/\/csapokert.gorogkatolikus.hu\/wp-content\/uploads\/2014\/02\/Any\u00e1k-napja.jpg\"><img decoding=\"async\" loading=\"lazy\" class=\"size-medium wp-image-367 alignleft\" alt=\"Any\u00e1k napja\" src=\"http:\/\/csapokert.gorogkatolikus.hu\/wp-content\/uploads\/2014\/02\/Any\u00e1k-napja-300x211.jpg\" width=\"300\" height=\"211\" srcset=\"http:\/\/csapokert.gorogkatolikus.hu\/wp-content\/uploads\/2014\/02\/Any\u00e1k-napja-300x211.jpg 300w, http:\/\/csapokert.gorogkatolikus.hu\/wp-content\/uploads\/2014\/02\/Any\u00e1k-napja-1024x721.jpg 1024w, http:\/\/csapokert.gorogkatolikus.hu\/wp-content\/uploads\/2014\/02\/Any\u00e1k-napja-634x446.jpg 634w, http:\/\/csapokert.gorogkatolikus.hu\/wp-content\/uploads\/2014\/02\/Any\u00e1k-napja-924x651.jpg 924w\" sizes=\"(max-width: 300px) 100vw, 300px\" \/><\/a>M\u00e1jus 5. vas\u00e1rnap a Debrecen-Csap\u00f3kerti Egyh\u00e1zk\u00f6zs\u00e9gben ker\u00fclt sor az \u00e9desany\u00e1k megk\u00f6sz\u00f6nt\u00e9s\u00e9re. E k\u00fcl\u00f6nleges alkalom Utreny\u00e9vel majd Szent Liturgi\u00e1val kezd\u0151d\u00f6tt kifejezve, hogy legjobb sz\u00e1nd\u00e9kaink mindig az Isten jelenl\u00e9t\u00e9nek k\u00f6zel\u00e9ben t\u00f6rt\u00e9nnek. <!--more-->\u00a0Majd legszebb hangon \u00e9s a legmeghittebb mili\u0151t a gyermekek tudnak teremteni, \u00edgy els\u0151sorban \u0151k voltak e jeles alkalom sz\u00f3cs\u00f6vei. <i>\u201eAmikor sz\u00fclettem, nem jeleztek nagyot messi\u00e1s-mutat\u00f3 k\u00fcl\u00f6n\u00f6s csillagok,csak az any\u00e1m tudta, hogy kir\u00e1lyfi vagyok.\u201d<\/i> Az egyik gyermek, ki M\u00e9cs L\u00e1szl\u00f3 gondolatait tolm\u00e1csolta az \u00e9desany\u00e1knak r\u00e1tapintott, arra a k\u00fcl\u00f6nleges kapcsolatra, ami anya \u00e9s gyermek k\u00f6z\u00f6tt van. Az irodalmi m\u0171sor ut\u00e1n, melyet az egyh\u00e1zk\u00f6zs\u00e9g hittanosai mutattak be ism\u00e9t gyerekek voltak az el\u0151t\u00e9rben, a Svetits Gimn\u00e1zium gyermekk\u00f3rusa t\u00f6lt\u00f6tte be a templomot szebbn\u00e9l- szebb \u00e9nekek megsz\u00f3laltat\u00e1s\u00e1val.\u00a0 Egyh\u00e1zk\u00f6zs\u00e9g\u00fcnk sz\u00e1m\u00e1ra mindig is sokat jelentett, hogy kiemelje \u00e9s megtisztelje az olyan csal\u00e1di \u00e9rt\u00e9keket, amilyenek az any\u00e1k is k\u00e9pviselnek korunk t\u00e1rsadalm\u00e1ban. Hit\u00fcnkben \u00e9s \u00e9let\u00fcnkben Sz\u0171z M\u00e1ria \u00e1ll a t\u00f6k\u00e9letes \u00e9desanya mintak\u00e9pek\u00e9nt. Tisztas\u00e1ga \u00e9s nyitotts\u00e1ga Isten akarata fel\u00e9 form\u00e1lhatja\u00a0 igaz\u00e1n j\u00f3v\u00e1 a jelen \u00e9s a j\u0151 \u00e9desany\u00e1it. A m\u0171sorok ut\u00e1n eb\u00e9d k\u00f6vetkezett, ahol j\u00f3 \u00e9rz\u00e9s volt a szem\u00e9lyesebb hangv\u00e9tel\u0171 besz\u00e9lget\u00e9s \u00e9s egy\u00fcttl\u00e9t. Legv\u00e9g\u00fcl Kov\u00e1cs Marina el\u0151ad\u00e1s\u00e1t hallgathattuk meg az \u00e9let csod\u00e1j\u00e1r\u00f3l.<\/p>\n","protected":false},"excerpt":{"rendered":"<p>M\u00e1jus 5. vas\u00e1rnap a Debrecen-Csap\u00f3kerti Egyh\u00e1zk\u00f6zs\u00e9gben ker\u00fclt sor az \u00e9desany\u00e1k megk\u00f6sz\u00f6nt\u00e9s\u00e9re. E k\u00fcl\u00f6nleges alkalom Utreny\u00e9vel majd Szent Liturgi\u00e1val kezd\u0151d\u00f6tt kifejezve, hogy legjobb sz\u00e1nd\u00e9kaink mindig az Isten jelenl\u00e9t\u00e9nek k\u00f6zel\u00e9ben t\u00f6rt\u00e9nnek.<\/p>\n","protected":false},"author":2,"featured_media":0,"comment_status":"closed","ping_status":"closed","sticky":false,"template":"","format":"standard","meta":{"ngg_post_thumbnail":0},"categories":[4],"tags":[],"_links":{"self":[{"href":"http:\/\/csapokert.gorogkatolikus.hu\/index.php?rest_route=\/wp\/v2\/posts\/364"}],"collection":[{"href":"http:\/\/csapokert.gorogkatolikus.hu\/index.php?rest_route=\/wp\/v2\/posts"}],"about":[{"href":"http:\/\/csapokert.gorogkatolikus.hu\/index.php?rest_route=\/wp\/v2\/types\/post"}],"author":[{"embeddable":true,"href":"http:\/\/csapokert.gorogkatolikus.hu\/index.php?rest_route=\/wp\/v2\/users\/2"}],"replies":[{"embeddable":true,"href":"http:\/\/csapokert.gorogkatolikus.hu\/index.php?rest_route=%2Fwp%2Fv2%2Fcomments&post=364"}],"version-history":[{"count":4,"href":"http:\/\/csapokert.gorogkatolikus.hu\/index.php?rest_route=\/wp\/v2\/posts\/364\/revisions"}],"predecessor-version":[{"id":381,"href":"http:\/\/csapokert.gorogkatolikus.hu\/index.php?rest_route=\/wp\/v2\/posts\/364\/revisions\/381"}],"wp:attachment":[{"href":"http:\/\/csapokert.gorogkatolikus.hu\/index.php?rest_route=%2Fwp%2Fv2%2Fmedia&parent=364"}],"wp:term":[{"taxonomy":"category","embeddable":true,"href":"http:\/\/csapokert.gorogkatolikus.hu\/index.php?rest_route=%2Fwp%2Fv2%2Fcategories&post=364"},{"taxonomy":"post_tag","embeddable":true,"href":"http:\/\/csapokert.gorogkatolikus.hu\/index.php?rest_route=%2Fwp%2Fv2%2Ftags&post=364"}],"curies":[{"name":"wp","href":"https:\/\/api.w.org\/{rel}","templated":true}]}}