{"id":369,"date":"2014-02-11T16:33:13","date_gmt":"2014-02-11T16:33:13","guid":{"rendered":"http:\/\/csapokert.gorogkatolikus.hu\/?p=369"},"modified":"2014-02-12T10:19:08","modified_gmt":"2014-02-12T10:19:08","slug":"punkosdi-mulatsag","status":"publish","type":"post","link":"http:\/\/csapokert.gorogkatolikus.hu\/?p=369","title":{"rendered":"P\u00fcnk\u00f6sdi Mulats\u00e1g"},"content":{"rendered":"<p style=\"text-align: justify;\"><a href=\"http:\/\/csapokert.gorogkatolikus.hu\/wp-content\/uploads\/2014\/02\/p\u00fcnk\u00f6sd-2.jpg\"><img decoding=\"async\" loading=\"lazy\" class=\"size-medium wp-image-370 alignleft\" alt=\"p\u00fcnk\u00f6sd 2\" src=\"http:\/\/csapokert.gorogkatolikus.hu\/wp-content\/uploads\/2014\/02\/p\u00fcnk\u00f6sd-2-300x211.jpg\" width=\"300\" height=\"211\" srcset=\"http:\/\/csapokert.gorogkatolikus.hu\/wp-content\/uploads\/2014\/02\/p\u00fcnk\u00f6sd-2-300x211.jpg 300w, http:\/\/csapokert.gorogkatolikus.hu\/wp-content\/uploads\/2014\/02\/p\u00fcnk\u00f6sd-2-1024x721.jpg 1024w, http:\/\/csapokert.gorogkatolikus.hu\/wp-content\/uploads\/2014\/02\/p\u00fcnk\u00f6sd-2-634x446.jpg 634w, http:\/\/csapokert.gorogkatolikus.hu\/wp-content\/uploads\/2014\/02\/p\u00fcnk\u00f6sd-2-924x651.jpg 924w\" sizes=\"(max-width: 300px) 100vw, 300px\" \/><\/a><\/p>\n<p style=\"text-align: justify;\" align=\"center\"><em>\u201e\u2026K\u00fcl\u00f6n\u00f6s esem\u00e9ny \u00e9s csod\u00e1latos l\u00e1tv\u00e1ny\u2026\u201d \u00a0<\/em> \u00a0 \u00a0 \u00a0 \u00a0 \u00a0 \u00a0 \u00a0 \u00a0Ahogy a p\u00fcnk\u00f6sdvas\u00e1rnapi Szent Liturgi\u00e1n im\u00e1dkozzuk, hogy a Magass\u00e1gbeli t\u00fczes nyelveket osztott sz\u00e9t az emberek k\u00f6z\u00f6tt mindenkit egyes\u00fcl\u00e9sre h\u00edvva, kirajzol\u00f3dik ezen \u00fcnnepnek egy fontos \u00fczenete. A Csap\u00f3kerti G\u00f6r\u00f6gkatolikus Egyh\u00e1zk\u00f6zs\u00e9g ezt az \u00fczenetet \u00fagy \u00e9rtelmezte, hogy Szent Liturgia ut\u00e1n \u00fajra egyes\u00fcl\u00e9sre k\u00f6z\u00f6s \u00fcnneples\u00e9sre buzd\u00edtotta h\u00edveit egy P\u00fcnk\u00f6sdi mulats\u00e1g keretein bel\u00fcl.<!--more--> A program Vecserny\u00e9vel kezd\u0151d\u00f6tt d\u00e9lut\u00e1n f\u00e9l n\u00e9gykor, mely ut\u00e1n a sz\u00f3rakoztat\u00f3 programok eg\u00e9sz sora v\u00e1rt az egybegy\u0171lt vend\u00e9gekre. Korra \u00e9s nemre val\u00f3 tekintet n\u00e9lk\u00fcl mindenki tal\u00e1lhatott lehet\u0151s\u00e9get, hol megismerhett\u00fck egym\u00e1st jobban. A program alapeszm\u00e9je a p\u00fcnk\u00f6sdi kir\u00e1lyv\u00e1laszt\u00e1s k\u00f6r\u00fcl forgott, amely a f\u00e9rfiak r\u00e9sz\u00e9r\u0151l egy bar\u00e1ti virtuson m\u00e9rhett\u00e9k \u00f6ssze erej\u00fcket. A r\u00fadtart\u00e1s Arany J\u00e1nos Toldij\u00e1hoz k\u00f6t\u0151dve m\u00e9lt\u00e1n el\u0151k\u00e9pe a r\u00e1termett magyar f\u00e9rfinak. A vet\u00e9lked\u00e9sb\u0151l kider\u00fclt, sok r\u00e1termett f\u00e9rfija van egyh\u00e1zk\u00f6zs\u00e9g\u00fcnknek.\u00a0 De amellett sem mehet\u00fcnk el sz\u00f3 n\u00e9lk\u00fcl, hogy a karizm\u00e1juk nemcsak ebben rejlik. \u00c1ldozatos szolg\u00e1latuk, mellyel egyh\u00e1zk\u00f6zs\u00e9g jav\u00e1t szolg\u00e1lj\u00e1k minden id\u0151ben elismer\u00e9st v\u00e1lt ki bel\u0151l\u00fcnk. K\u00fcl\u00f6nleges kih\u00edv\u00e1st adott meglep\u0151en minden koroszt\u00e1lynak a falm\u00e1sz\u00e1s, melynek eszk\u00f6z\u00e9\u00fcl egy speci\u00e1lis m\u00e1sz\u00f3fal szolg\u00e1lt. A p\u00fcnk\u00f6sdi kir\u00e1lyunk jutalmak\u00e9nt m\u00e9rt\u00e9ktelen\u00fcl fogyaszthatja egyh\u00e1zk\u00f6zs\u00e9g\u00fcnk szeretet\u00e9t, \u00edgy a jutalmaz\u00e1s szok\u00e1s\u00e1b\u00f3l is meg\u0151rizz\u00fcnk valamit. Az er\u0151pr\u00f3b\u00e1k \u00e9s a k\u00f6z\u00f6s vacsora ut\u00e1n \u00e9l\u0151 n\u00e9pzene szolg\u00e1lta a talpal\u00e1val\u00f3t, melyen t\u00e1ncba fog\u00f3dtak kicsik \u00e9s nagyok. A n\u00e9pi j\u00e1t\u00e9kokkal f\u0171szerezett t\u00e1ncos mulats\u00e1g b\u00e1r nem engedte kipihenten hazamenni az embereket, de csordultig \u00f6r\u00f6mmel bizony\u00e1ra igen.\u00a0 De az id\u0151 kellemes elt\u00f6lt\u00e9se v\u00e9gett, volt m\u00e9g kicsiknek trambulin \u00e9s nagyoknak \u00edj\u00e1szat, melyek hasonl\u00f3an p\u00e1rhuzamosan folytak a programokkal. <i>\u201eK\u00fcl\u00f6n\u00f6s esem\u00e9ny \u00e9s csod\u00e1latos l\u00e1tv\u00e1ny: megoszlik a l\u00e1ng, hogy aj\u00e1nd\u00e9kot osszon.\u201d<\/i>A P\u00fcnk\u00f6sd egy szem\u00e9lyes \u00fczenetet is kibonthatott benn\u00fcnk, aki ott volt r\u00e1\u00e9rezhetett: <b>J\u00f3 egy\u00fctt \u00fcnnepelni!<\/b><\/p>\n","protected":false},"excerpt":{"rendered":"<p>\u201e\u2026K\u00fcl\u00f6n\u00f6s esem\u00e9ny \u00e9s csod\u00e1latos l\u00e1tv\u00e1ny\u2026\u201d \u00a0 \u00a0 \u00a0 \u00a0 \u00a0 \u00a0 \u00a0 \u00a0 \u00a0Ahogy a p\u00fcnk\u00f6sdvas\u00e1rnapi Szent Liturgi\u00e1n im\u00e1dkozzuk, hogy a Magass\u00e1gbeli t\u00fczes nyelveket osztott sz\u00e9t az emberek k\u00f6z\u00f6tt mindenkit egyes\u00fcl\u00e9sre h\u00edvva, kirajzol\u00f3dik ezen \u00fcnnepnek egy fontos \u00fczenete. A Csap\u00f3kerti G\u00f6r\u00f6gkatolikus Egyh\u00e1zk\u00f6zs\u00e9g ezt az \u00fczenetet \u00fagy \u00e9rtelmezte, hogy Szent Liturgia ut\u00e1n \u00fajra egyes\u00fcl\u00e9sre k\u00f6z\u00f6s \u00fcnneples\u00e9sre [&hellip;]<\/p>\n","protected":false},"author":2,"featured_media":0,"comment_status":"closed","ping_status":"closed","sticky":false,"template":"","format":"standard","meta":{"ngg_post_thumbnail":0},"categories":[4],"tags":[],"_links":{"self":[{"href":"http:\/\/csapokert.gorogkatolikus.hu\/index.php?rest_route=\/wp\/v2\/posts\/369"}],"collection":[{"href":"http:\/\/csapokert.gorogkatolikus.hu\/index.php?rest_route=\/wp\/v2\/posts"}],"about":[{"href":"http:\/\/csapokert.gorogkatolikus.hu\/index.php?rest_route=\/wp\/v2\/types\/post"}],"author":[{"embeddable":true,"href":"http:\/\/csapokert.gorogkatolikus.hu\/index.php?rest_route=\/wp\/v2\/users\/2"}],"replies":[{"embeddable":true,"href":"http:\/\/csapokert.gorogkatolikus.hu\/index.php?rest_route=%2Fwp%2Fv2%2Fcomments&post=369"}],"version-history":[{"count":4,"href":"http:\/\/csapokert.gorogkatolikus.hu\/index.php?rest_route=\/wp\/v2\/posts\/369\/revisions"}],"predecessor-version":[{"id":379,"href":"http:\/\/csapokert.gorogkatolikus.hu\/index.php?rest_route=\/wp\/v2\/posts\/369\/revisions\/379"}],"wp:attachment":[{"href":"http:\/\/csapokert.gorogkatolikus.hu\/index.php?rest_route=%2Fwp%2Fv2%2Fmedia&parent=369"}],"wp:term":[{"taxonomy":"category","embeddable":true,"href":"http:\/\/csapokert.gorogkatolikus.hu\/index.php?rest_route=%2Fwp%2Fv2%2Fcategories&post=369"},{"taxonomy":"post_tag","embeddable":true,"href":"http:\/\/csapokert.gorogkatolikus.hu\/index.php?rest_route=%2Fwp%2Fv2%2Ftags&post=369"}],"curies":[{"name":"wp","href":"https:\/\/api.w.org\/{rel}","templated":true}]}}