{"id":374,"date":"2014-02-11T16:45:41","date_gmt":"2014-02-11T16:45:41","guid":{"rendered":"http:\/\/csapokert.gorogkatolikus.hu\/?p=374"},"modified":"2014-02-12T10:39:14","modified_gmt":"2014-02-12T10:39:14","slug":"templombucsu","status":"publish","type":"post","link":"http:\/\/csapokert.gorogkatolikus.hu\/?p=374","title":{"rendered":"Templomb\u00facs\u00fa"},"content":{"rendered":"<p style=\"text-align: justify;\"><a style=\"text-decoration: none;\" href=\"http:\/\/csapokert.gorogkatolikus.hu\/wp-content\/uploads\/2014\/02\/DSCF7934.jpg\"><img decoding=\"async\" loading=\"lazy\" class=\"size-medium wp-image-375 alignleft\" alt=\"Templomb\u00facs\u00fa 2013\" src=\"http:\/\/csapokert.gorogkatolikus.hu\/wp-content\/uploads\/2014\/02\/DSCF7934-300x225.jpg\" width=\"300\" height=\"225\" srcset=\"http:\/\/csapokert.gorogkatolikus.hu\/wp-content\/uploads\/2014\/02\/DSCF7934-300x225.jpg 300w, http:\/\/csapokert.gorogkatolikus.hu\/wp-content\/uploads\/2014\/02\/DSCF7934-1024x768.jpg 1024w, http:\/\/csapokert.gorogkatolikus.hu\/wp-content\/uploads\/2014\/02\/DSCF7934-634x475.jpg 634w, http:\/\/csapokert.gorogkatolikus.hu\/wp-content\/uploads\/2014\/02\/DSCF7934-924x693.jpg 924w\" sizes=\"(max-width: 300px) 100vw, 300px\" \/><\/a><\/p>\n<p style=\"text-align: justify;\" align=\"center\"><em>\u201eMagasztald \u00e9n lelkem P\u00e9tert a k\u0151szikl\u00e1t \u00e9s P\u00e1lt, Krisztus egyh\u00e1z\u00e1nak v\u00e1lasztott ed\u00e9ny\u00e9t.\u201d<\/em><\/p>\n<p style=\"text-align: justify;\">Egy templomb\u00facs\u00fa, mindig\u00a0csepegtet valamit az Isten k\u00f6zels\u00e9g\u00e9nek \u00f6r\u00f6kk\u00e9val\u00f3s\u00e1g\u00e1b\u00f3l\u2026\u00c9s most t\u00f6bb jeles alkalom is m\u00f3dot teremtett a k\u00f6z\u00f6s \u00fcnnepl\u00e9sre a Debrecen-csap\u00f3kerti Egyh\u00e1zk\u00f6zs\u00e9gben j\u00fanius 30-\u00e1n. Az apostolfejedelmek \u00fcnnep\u00e9t k\u00f6vet\u0151 napon, a 12 apostolnak eml\u00e9ket \u00e1ll\u00edt\u00f3 vas\u00e1rnapon az \u00e9pp 12 \u00e9ve (Szent P\u00e9ter \u00e9s P\u00e1l tisztelet\u00e9re) felszentelt templom b\u00facs\u00fa\u00fcnnep\u00e9t tartottuk. \u00dcnnepl\u00e9s\u00fcnkben nagyszer\u0171s\u00e9g\u00e9t fokozta, hogy azt egy igazi apostol ut\u00f3d, Kocsis F\u00fcl\u00f6p p\u00fcsp\u00f6k atya vezette, aki nem mellesleg ezen a napon \u00e9rkezett p\u00fcsp\u00f6kk\u00e9 szentel\u00e9s\u00e9nek \u00f6t\u00f6dik \u00e9vfordul\u00f3j\u00e1hoz.<!--more--><\/p>\n<p style=\"text-align: justify;\">Fontos nap ez folyamatosan fejl\u0151d\u0151 egyh\u00e1zk\u00f6zs\u00e9g\u00fcnk \u00e9let\u00e9ben, mikor a megannyi \u00e1ldozatos munka megszentel\u0151dik az\u00e1ltal, hogy nem mindennapi lelki aj\u00e1nd\u00e9kok r\u00e9szeseiv\u00e9 lehett\u00fcnk. Nem kevesebb hatalommal b\u00edrnak jelenkorunk f\u0151papjai, mint P\u00e9ter \u00e9s P\u00e1l <em>Krisztus egyh\u00e1z\u00e1nak v\u00e1lasztott ed\u00e9nyei.<\/em> Ami nem k\u00f6lt\u0151i t\u00falz\u00e1st jelent, hanem Krisztus sz\u00e1nd\u00e9k\u00e1nak re\u00e1lis val\u00f3s\u00e1g\u00e1t, melyben hatalmat adott az apostoloknak<em>. \u201dMi k\u00f6nnyebb? Azt mondani, hogy bocs\u00e1natot nyernek b\u0171neid, vagy azt, hogy kelj f\u00f6l \u00e9s j\u00e1rj?\u201d<\/em> \u2013 k\u00e9rdezi J\u00e9zus a farizeusokt\u00f3l. A b\u0171n korunk legf\u00e9lelmetesebb betegs\u00e9ge, melyb\u0151l gy\u00f3gyul\u00e1st, csak Isten adhat sz\u00e1munkra. Ahogy az egyh\u00e1zk\u00f6zs\u00e9g\u00fcnk tagjai k\u00f6z\u00fcl t\u00f6bben megjegyezt\u00e9k, F\u00fcl\u00f6p p\u00fcsp\u00f6k atya szavai egyszer\u0171, nek\u00fcnk sz\u00f3l\u00f3ak voltak, gondolatainak magvai m\u00e9lyre gy\u00f6kereztek sz\u00edv\u00fcnkben.<\/p>\n<p style=\"text-align: justify;\">A templomkert kellemes z\u00f6ldje ism\u00e9t lehet\u0151s\u00e9get adott nek\u00fcnk, hogy meghitt k\u00f6r\u00fclm\u00e9nyek k\u00f6z\u00f6tt Isten h\u00e1z\u00e1nak k\u00f6zels\u00e9g\u00e9be feledkezve tudjunk \u00fcnnepelni. A gyermekeket ugr\u00e1l\u00f3v\u00e1r sz\u00f3rakoztatta, m\u00edg a feln\u0151ttek a s\u00e1trak \u00e1rny\u00e9k\u00e1ban, j\u00f3\u00edz\u0171 eb\u00e9det fogyasztva z\u00e1rt\u00e1k ezt a napot.<\/p>\n","protected":false},"excerpt":{"rendered":"<p>\u201eMagasztald \u00e9n lelkem P\u00e9tert a k\u0151szikl\u00e1t \u00e9s P\u00e1lt, Krisztus egyh\u00e1z\u00e1nak v\u00e1lasztott ed\u00e9ny\u00e9t.\u201d Egy templomb\u00facs\u00fa, mindig\u00a0csepegtet valamit az Isten k\u00f6zels\u00e9g\u00e9nek \u00f6r\u00f6kk\u00e9val\u00f3s\u00e1g\u00e1b\u00f3l\u2026\u00c9s most t\u00f6bb jeles alkalom is m\u00f3dot teremtett a k\u00f6z\u00f6s \u00fcnnepl\u00e9sre a Debrecen-csap\u00f3kerti Egyh\u00e1zk\u00f6zs\u00e9gben j\u00fanius 30-\u00e1n. Az apostolfejedelmek \u00fcnnep\u00e9t k\u00f6vet\u0151 napon, a 12 apostolnak eml\u00e9ket \u00e1ll\u00edt\u00f3 vas\u00e1rnapon az \u00e9pp 12 \u00e9ve (Szent P\u00e9ter \u00e9s P\u00e1l tisztelet\u00e9re) [&hellip;]<\/p>\n","protected":false},"author":2,"featured_media":0,"comment_status":"closed","ping_status":"closed","sticky":false,"template":"","format":"standard","meta":{"ngg_post_thumbnail":0},"categories":[4],"tags":[],"_links":{"self":[{"href":"http:\/\/csapokert.gorogkatolikus.hu\/index.php?rest_route=\/wp\/v2\/posts\/374"}],"collection":[{"href":"http:\/\/csapokert.gorogkatolikus.hu\/index.php?rest_route=\/wp\/v2\/posts"}],"about":[{"href":"http:\/\/csapokert.gorogkatolikus.hu\/index.php?rest_route=\/wp\/v2\/types\/post"}],"author":[{"embeddable":true,"href":"http:\/\/csapokert.gorogkatolikus.hu\/index.php?rest_route=\/wp\/v2\/users\/2"}],"replies":[{"embeddable":true,"href":"http:\/\/csapokert.gorogkatolikus.hu\/index.php?rest_route=%2Fwp%2Fv2%2Fcomments&post=374"}],"version-history":[{"count":3,"href":"http:\/\/csapokert.gorogkatolikus.hu\/index.php?rest_route=\/wp\/v2\/posts\/374\/revisions"}],"predecessor-version":[{"id":380,"href":"http:\/\/csapokert.gorogkatolikus.hu\/index.php?rest_route=\/wp\/v2\/posts\/374\/revisions\/380"}],"wp:attachment":[{"href":"http:\/\/csapokert.gorogkatolikus.hu\/index.php?rest_route=%2Fwp%2Fv2%2Fmedia&parent=374"}],"wp:term":[{"taxonomy":"category","embeddable":true,"href":"http:\/\/csapokert.gorogkatolikus.hu\/index.php?rest_route=%2Fwp%2Fv2%2Fcategories&post=374"},{"taxonomy":"post_tag","embeddable":true,"href":"http:\/\/csapokert.gorogkatolikus.hu\/index.php?rest_route=%2Fwp%2Fv2%2Ftags&post=374"}],"curies":[{"name":"wp","href":"https:\/\/api.w.org\/{rel}","templated":true}]}}