{"id":3817,"date":"2019-02-02T15:54:52","date_gmt":"2019-02-02T15:54:52","guid":{"rendered":"http:\/\/csapokert.gorogkatolikus.hu\/?p=3817"},"modified":"2019-02-02T15:54:52","modified_gmt":"2019-02-02T15:54:52","slug":"miserend-valtozas-2","status":"publish","type":"post","link":"http:\/\/csapokert.gorogkatolikus.hu\/?p=3817","title":{"rendered":"Miserend-v\u00e1ltoz\u00e1s!"},"content":{"rendered":"<p>Febru\u00e1r 3-\u00e1n vas\u00e1rnap 11-t\u0151l kezd\u0151dik a g\u00f6r\u00f6gkatolikus Szent Liturgia templomunkban<\/p>\n","protected":false},"excerpt":{"rendered":"<p>Febru\u00e1r 3-\u00e1n vas\u00e1rnap 11-t\u0151l kezd\u0151dik a g\u00f6r\u00f6gkatolikus Szent Liturgia templomunkban<\/p>\n","protected":false},"author":3,"featured_media":0,"comment_status":"closed","ping_status":"closed","sticky":false,"template":"","format":"standard","meta":{"ngg_post_thumbnail":0},"categories":[1],"tags":[],"_links":{"self":[{"href":"http:\/\/csapokert.gorogkatolikus.hu\/index.php?rest_route=\/wp\/v2\/posts\/3817"}],"collection":[{"href":"http:\/\/csapokert.gorogkatolikus.hu\/index.php?rest_route=\/wp\/v2\/posts"}],"about":[{"href":"http:\/\/csapokert.gorogkatolikus.hu\/index.php?rest_route=\/wp\/v2\/types\/post"}],"author":[{"embeddable":true,"href":"http:\/\/csapokert.gorogkatolikus.hu\/index.php?rest_route=\/wp\/v2\/users\/3"}],"replies":[{"embeddable":true,"href":"http:\/\/csapokert.gorogkatolikus.hu\/index.php?rest_route=%2Fwp%2Fv2%2Fcomments&post=3817"}],"version-history":[{"count":2,"href":"http:\/\/csapokert.gorogkatolikus.hu\/index.php?rest_route=\/wp\/v2\/posts\/3817\/revisions"}],"predecessor-version":[{"id":3819,"href":"http:\/\/csapokert.gorogkatolikus.hu\/index.php?rest_route=\/wp\/v2\/posts\/3817\/revisions\/3819"}],"wp:attachment":[{"href":"http:\/\/csapokert.gorogkatolikus.hu\/index.php?rest_route=%2Fwp%2Fv2%2Fmedia&parent=3817"}],"wp:term":[{"taxonomy":"category","embeddable":true,"href":"http:\/\/csapokert.gorogkatolikus.hu\/index.php?rest_route=%2Fwp%2Fv2%2Fcategories&post=3817"},{"taxonomy":"post_tag","embeddable":true,"href":"http:\/\/csapokert.gorogkatolikus.hu\/index.php?rest_route=%2Fwp%2Fv2%2Ftags&post=3817"}],"curies":[{"name":"wp","href":"https:\/\/api.w.org\/{rel}","templated":true}]}}