{"id":389,"date":"2014-02-13T08:31:12","date_gmt":"2014-02-13T08:31:12","guid":{"rendered":"http:\/\/csapokert.gorogkatolikus.hu\/?p=389"},"modified":"2014-02-13T08:52:01","modified_gmt":"2014-02-13T08:52:01","slug":"kerekpartura","status":"publish","type":"post","link":"http:\/\/csapokert.gorogkatolikus.hu\/?p=389","title":{"rendered":"Ker\u00e9kp\u00e1rt\u00fara"},"content":{"rendered":"<p style=\"text-align: justify\">Egyh\u00e1zk\u00f6zs\u00e9g\u00fcnk e<img decoding=\"async\" loading=\"lazy\" class=\"size-medium wp-image-390 alignleft\" style=\"font-size: 14px\" alt=\"biciklit\u00fara\" src=\"http:\/\/csapokert.gorogkatolikus.hu\/wp-content\/uploads\/2014\/02\/biciklit\u00fara-300x225.jpg\" width=\"300\" height=\"225\" srcset=\"http:\/\/csapokert.gorogkatolikus.hu\/wp-content\/uploads\/2014\/02\/biciklit\u00fara-300x225.jpg 300w, http:\/\/csapokert.gorogkatolikus.hu\/wp-content\/uploads\/2014\/02\/biciklit\u00fara-1024x768.jpg 1024w, http:\/\/csapokert.gorogkatolikus.hu\/wp-content\/uploads\/2014\/02\/biciklit\u00fara-634x475.jpg 634w, http:\/\/csapokert.gorogkatolikus.hu\/wp-content\/uploads\/2014\/02\/biciklit\u00fara-924x693.jpg 924w\" sizes=\"(max-width: 300px) 100vw, 300px\" \/>sem\u00e9nyt\u00f6rt\u00e9net\u00e9ben egy hi\u00e1nyp\u00f3tl\u00f3nak sz\u00e1m\u00edt\u00f3 program val\u00f3sult meg augusztus 3-\u00e1n, amikor is ker\u00e9kp\u00e1rt\u00far\u00e1n vehettek r\u00e9szt a szabadid\u0151s tev\u00e9kenys\u00e9g ir\u00e1nt \u00e9rdekl\u0151d\u0151k. Az \u00fati c\u00e9l Hajd\u00faszoboszl\u00f3 volt, ami Debrecenb\u0151l aut\u00f3val k\u00e9nyelmes kocsik\u00e1z\u00e1s, k\u00e9t ker\u00e9ken viszont egy remek k\u00f6z\u00f6ss\u00e9gi program. Tudj\u00e1k ezt, azok, kik e napon d\u00e9lel\u0151tt 10 \u00f3ra t\u00e1jban gy\u00fclekeztek, a Csap\u00f3kerti Szent P\u00e9ter \u00e9s P\u00e1l G\u00f6r\u00f6gkatolikus Templom el\u0151tt.\u00a0 Az el\u0151re megtervezett \u00fatvonal els\u0151 szakasz\u00e1t majd 9 km-en a v\u00e1ros \u00e1tszel\u00e9se adta, ami a kev\u00e9sb\u00e9 forgalmasabb utc\u00e1kon t\u00f6rt\u00e9nt, \u00e9lvezve az \u00fatsz\u00e9li ak\u00e1cok ideiglenes h\u0171s\u00e9t. <!--more-->A v\u00e1roshat\u00e1r elhagy\u00e1sa ut\u00e1n ker\u00fcl\u0151 \u00faton Ebes ir\u00e1ny\u00e1ba haladtunk tov\u00e1bb. A Ker\u00e9kp\u00e1roz\u00f3k \u00e9letkora vegyes \u00f6sszet\u00e9tel\u0171 volt, fiatalok \u00e9s id\u0151sek egyar\u00e1nt r\u00e9sztvettek a t\u00far\u00e1n. Szv\u00e1ra Imre egyh\u00e1zk\u00f6zs\u00e9g\u00fcnk k\u00e9pvisel\u0151 tagja seg\u00edtette a csapatott azzal, hogy aut\u00f3s felvezet\u00e9s\u00e9vel szakaszonk\u00e9nt friss v\u00edzzel \u00e9s biztat\u00e1ssal l\u00e1tott el minket. Hajd\u00faszov\u00e1t \u00e9rint\u00e9se ut\u00e1n a r\u00e9sztvev\u0151k fej\u00e9ben m\u00e1r a k\u00f6vetkez\u0151 esem\u00e9ny j\u00e1rt, egym\u00e1st s\u00fcrgetve igyekezt\u00fcnk csatlakozni a m\u00e1r Hajd\u00faszoboszl\u00f3ban strandol\u00f3khoz. Meg\u00e9rkezve m\u00e9gis el\u00e9gedetten tekintett\u00fcnk vissza a megtett \u00fatra, \u00e9s a k\u00f6z\u00f6sen eltelt \u00f3r\u00e1kra. Hajd\u00faszoboszl\u00f3 maga volt az \u00fajj\u00e1sz\u00fclet\u00e9s, mintha egy m\u00e1sik vil\u00e1gba cs\u00f6ppent\u00fcnk volna a forr\u00f3 aszfaltkilom\u00e9terek ut\u00e1n.\u00a0 16 \u00f3r\u00e1t\u00f3l a helyi Istensz\u00fcl\u0151 oltalm\u00e1ra szentelt G\u00f6r\u00f6gkatolikus templomba l\u00e1togattunk el, ahol felemelt sz\u00edvvel tekinthett\u00fcnk vissza a kellemesen eltelt napra. Aminek m\u00e9g nem volt v\u00e9ge, hisz egy nem messze l\u00e9v\u0151 igen impoz\u00e1ns \u00e9tteremben, a Hotel Ambr\u00f3zi\u00e1ban k\u00f6lthett\u00fcnk el egy k\u00f6z\u00f6s vacsor\u00e1t.<\/p>\n","protected":false},"excerpt":{"rendered":"<p>Egyh\u00e1zk\u00f6zs\u00e9g\u00fcnk esem\u00e9nyt\u00f6rt\u00e9net\u00e9ben egy hi\u00e1nyp\u00f3tl\u00f3nak sz\u00e1m\u00edt\u00f3 program val\u00f3sult meg augusztus 3-\u00e1n, amikor is ker\u00e9kp\u00e1rt\u00far\u00e1n vehettek r\u00e9szt a szabadid\u0151s tev\u00e9kenys\u00e9g ir\u00e1nt \u00e9rdekl\u0151d\u0151k. Az \u00fati c\u00e9l Hajd\u00faszoboszl\u00f3 volt, ami Debrecenb\u0151l aut\u00f3val k\u00e9nyelmes kocsik\u00e1z\u00e1s, k\u00e9t ker\u00e9ken viszont egy remek k\u00f6z\u00f6ss\u00e9gi program. Tudj\u00e1k ezt, azok, kik e napon d\u00e9lel\u0151tt 10 \u00f3ra t\u00e1jban gy\u00fclekeztek, a Csap\u00f3kerti Szent P\u00e9ter \u00e9s P\u00e1l G\u00f6r\u00f6gkatolikus [&hellip;]<\/p>\n","protected":false},"author":2,"featured_media":0,"comment_status":"closed","ping_status":"closed","sticky":false,"template":"","format":"standard","meta":{"ngg_post_thumbnail":0},"categories":[4],"tags":[],"_links":{"self":[{"href":"http:\/\/csapokert.gorogkatolikus.hu\/index.php?rest_route=\/wp\/v2\/posts\/389"}],"collection":[{"href":"http:\/\/csapokert.gorogkatolikus.hu\/index.php?rest_route=\/wp\/v2\/posts"}],"about":[{"href":"http:\/\/csapokert.gorogkatolikus.hu\/index.php?rest_route=\/wp\/v2\/types\/post"}],"author":[{"embeddable":true,"href":"http:\/\/csapokert.gorogkatolikus.hu\/index.php?rest_route=\/wp\/v2\/users\/2"}],"replies":[{"embeddable":true,"href":"http:\/\/csapokert.gorogkatolikus.hu\/index.php?rest_route=%2Fwp%2Fv2%2Fcomments&post=389"}],"version-history":[{"count":2,"href":"http:\/\/csapokert.gorogkatolikus.hu\/index.php?rest_route=\/wp\/v2\/posts\/389\/revisions"}],"predecessor-version":[{"id":404,"href":"http:\/\/csapokert.gorogkatolikus.hu\/index.php?rest_route=\/wp\/v2\/posts\/389\/revisions\/404"}],"wp:attachment":[{"href":"http:\/\/csapokert.gorogkatolikus.hu\/index.php?rest_route=%2Fwp%2Fv2%2Fmedia&parent=389"}],"wp:term":[{"taxonomy":"category","embeddable":true,"href":"http:\/\/csapokert.gorogkatolikus.hu\/index.php?rest_route=%2Fwp%2Fv2%2Fcategories&post=389"},{"taxonomy":"post_tag","embeddable":true,"href":"http:\/\/csapokert.gorogkatolikus.hu\/index.php?rest_route=%2Fwp%2Fv2%2Ftags&post=389"}],"curies":[{"name":"wp","href":"https:\/\/api.w.org\/{rel}","templated":true}]}}