{"id":3893,"date":"2019-02-06T08:40:33","date_gmt":"2019-02-06T08:40:33","guid":{"rendered":"http:\/\/csapokert.gorogkatolikus.hu\/?p=3893"},"modified":"2019-09-02T09:48:36","modified_gmt":"2019-09-02T09:48:36","slug":"hazassag-hete-2019-02-11-1700-liturgia-1800-eloadas-a-parokian","status":"publish","type":"post","link":"http:\/\/csapokert.gorogkatolikus.hu\/?p=3893","title":{"rendered":"H\u00e1zass\u00e1g Hete &#8211; 2019.02.11 17:00 liturgia, 18:00 el\u0151ad\u00e1s a par\u00f3ki\u00e1n"},"content":{"rendered":"<p>A program az EFOP-1.2.1-15-2016-000418 nyertes p\u00e1ly\u00e1zat finansz\u00edroz\u00e1s\u00e1ban val\u00f3sult meg.<a href=\"http:\/\/csapokert.gorogkatolikus.hu\/wp-content\/uploads\/2019\/02\/hirek_t_fohir_2485.png\"><img decoding=\"async\" loading=\"lazy\" class=\"alignleft wp-image-3894\" src=\"http:\/\/csapokert.gorogkatolikus.hu\/wp-content\/uploads\/2019\/02\/hirek_t_fohir_2485-300x300.png\" alt=\"\" width=\"400\" height=\"400\" srcset=\"http:\/\/csapokert.gorogkatolikus.hu\/wp-content\/uploads\/2019\/02\/hirek_t_fohir_2485-300x300.png 300w, http:\/\/csapokert.gorogkatolikus.hu\/wp-content\/uploads\/2019\/02\/hirek_t_fohir_2485-150x150.png 150w, http:\/\/csapokert.gorogkatolikus.hu\/wp-content\/uploads\/2019\/02\/hirek_t_fohir_2485.png 440w\" sizes=\"(max-width: 400px) 100vw, 400px\" \/><\/a> <a href=\"http:\/\/csapokert.gorogkatolikus.hu\/wp-content\/uploads\/2019\/02\/hirek_2485_1.jpg\"><img decoding=\"async\" loading=\"lazy\" class=\"alignleft wp-image-3895\" src=\"http:\/\/csapokert.gorogkatolikus.hu\/wp-content\/uploads\/2019\/02\/hirek_2485_1-722x1024.jpg\" alt=\"\" width=\"400\" height=\"567\" srcset=\"http:\/\/csapokert.gorogkatolikus.hu\/wp-content\/uploads\/2019\/02\/hirek_2485_1-722x1024.jpg 722w, http:\/\/csapokert.gorogkatolikus.hu\/wp-content\/uploads\/2019\/02\/hirek_2485_1-212x300.jpg 212w, http:\/\/csapokert.gorogkatolikus.hu\/wp-content\/uploads\/2019\/02\/hirek_2485_1-768x1089.jpg 768w, http:\/\/csapokert.gorogkatolikus.hu\/wp-content\/uploads\/2019\/02\/hirek_2485_1-634x899.jpg 634w, http:\/\/csapokert.gorogkatolikus.hu\/wp-content\/uploads\/2019\/02\/hirek_2485_1-924x1311.jpg 924w, http:\/\/csapokert.gorogkatolikus.hu\/wp-content\/uploads\/2019\/02\/hirek_2485_1.jpg 1128w\" sizes=\"(max-width: 400px) 100vw, 400px\" \/><\/a><\/p>\n","protected":false},"excerpt":{"rendered":"<p>A program az EFOP-1.2.1-15-2016-000418 nyertes p\u00e1ly\u00e1zat finansz\u00edroz\u00e1s\u00e1ban val\u00f3sult meg.<\/p>\n","protected":false},"author":3,"featured_media":0,"comment_status":"closed","ping_status":"closed","sticky":false,"template":"","format":"standard","meta":{"ngg_post_thumbnail":0},"categories":[1],"tags":[],"_links":{"self":[{"href":"http:\/\/csapokert.gorogkatolikus.hu\/index.php?rest_route=\/wp\/v2\/posts\/3893"}],"collection":[{"href":"http:\/\/csapokert.gorogkatolikus.hu\/index.php?rest_route=\/wp\/v2\/posts"}],"about":[{"href":"http:\/\/csapokert.gorogkatolikus.hu\/index.php?rest_route=\/wp\/v2\/types\/post"}],"author":[{"embeddable":true,"href":"http:\/\/csapokert.gorogkatolikus.hu\/index.php?rest_route=\/wp\/v2\/users\/3"}],"replies":[{"embeddable":true,"href":"http:\/\/csapokert.gorogkatolikus.hu\/index.php?rest_route=%2Fwp%2Fv2%2Fcomments&post=3893"}],"version-history":[{"count":4,"href":"http:\/\/csapokert.gorogkatolikus.hu\/index.php?rest_route=\/wp\/v2\/posts\/3893\/revisions"}],"predecessor-version":[{"id":4478,"href":"http:\/\/csapokert.gorogkatolikus.hu\/index.php?rest_route=\/wp\/v2\/posts\/3893\/revisions\/4478"}],"wp:attachment":[{"href":"http:\/\/csapokert.gorogkatolikus.hu\/index.php?rest_route=%2Fwp%2Fv2%2Fmedia&parent=3893"}],"wp:term":[{"taxonomy":"category","embeddable":true,"href":"http:\/\/csapokert.gorogkatolikus.hu\/index.php?rest_route=%2Fwp%2Fv2%2Fcategories&post=3893"},{"taxonomy":"post_tag","embeddable":true,"href":"http:\/\/csapokert.gorogkatolikus.hu\/index.php?rest_route=%2Fwp%2Fv2%2Ftags&post=3893"}],"curies":[{"name":"wp","href":"https:\/\/api.w.org\/{rel}","templated":true}]}}