{"id":393,"date":"2014-02-13T08:37:49","date_gmt":"2014-02-13T08:37:49","guid":{"rendered":"http:\/\/csapokert.gorogkatolikus.hu\/?p=393"},"modified":"2014-02-13T08:51:27","modified_gmt":"2014-02-13T08:51:27","slug":"egyhazkozsegi-bal","status":"publish","type":"post","link":"http:\/\/csapokert.gorogkatolikus.hu\/?p=393","title":{"rendered":"Egyh\u00e1zk\u00f6zs\u00e9gi B\u00e1l"},"content":{"rendered":"<p style=\"text-align: justify\"><a style=\"text-decoration: none\" href=\"http:\/\/csapokert.gorogkatolikus.hu\/wp-content\/uploads\/2014\/02\/DSCF8609.jpg\"><img decoding=\"async\" loading=\"lazy\" class=\"size-medium wp-image-394 alignleft\" alt=\"DSCF8609\" src=\"http:\/\/csapokert.gorogkatolikus.hu\/wp-content\/uploads\/2014\/02\/DSCF8609-300x225.jpg\" width=\"300\" height=\"225\" srcset=\"http:\/\/csapokert.gorogkatolikus.hu\/wp-content\/uploads\/2014\/02\/DSCF8609-300x225.jpg 300w, http:\/\/csapokert.gorogkatolikus.hu\/wp-content\/uploads\/2014\/02\/DSCF8609-1024x768.jpg 1024w, http:\/\/csapokert.gorogkatolikus.hu\/wp-content\/uploads\/2014\/02\/DSCF8609-634x475.jpg 634w, http:\/\/csapokert.gorogkatolikus.hu\/wp-content\/uploads\/2014\/02\/DSCF8609-924x693.jpg 924w\" sizes=\"(max-width: 300px) 100vw, 300px\" \/><\/a>Egyh\u00e1zk\u00f6zs\u00e9g\u00fcnk november 13-i programja, az Egyh\u00e1zk\u00f6zs\u00e9gi B\u00e1l \u00faj sz\u00ednt hozott a k\u00f6z\u00f6ss\u00e9g \u00e9let\u00e9be. A Svetits Gimn\u00e1zium tornaterme, mely otthont adott az esem\u00e9nynek, teljesen elvesztette tornaterem jeleg\u00e9t, miut\u00e1n m\u00e9csesekkel, gy\u00f6ny\u00f6r\u0171 ter\u00edt\u00e9kkel lett alkalomhoz ill\u0151v\u00e9 var\u00e1zsolva. M\u00e1r r\u00f6viddel a 18 \u00f3rai kapunyit\u00e1s ut\u00e1n zs\u00fafol\u00e1sig telt teremben Dr. Szarka Gergely par\u00f3kus nyitotta meg k\u00f6sz\u00f6nt\u0151j\u00e9vel az est\u00e9t. Az \u00fcnnep trop\u00e1rj\u00e1nak k\u00f6z\u00f6s el\u00e9nekl\u00e9se ut\u00e1n vette kezdet\u00e9t a b\u00e1l. <!--more-->A nyit\u00f3t\u00e1nc k\u00f6vet\u0151en azonnal megtelt a t\u00e1nct\u00e9r, melyhez a Retro Cafe zenekar szolg\u00e1ltatta a talpal\u00e1val\u00f3t. Dics\u00e9ret\u00fckre legyen mondva, hogy sz\u00e9les palett\u00e1jukon sokf\u00e9le zenei st\u00edlust sz\u00f3laltattak meg, kezdve a nosztalgia sl\u00e1gerekt\u0151l a latinos t\u00e1ncdalokig.\u00a0\u00a0 A vend\u00e9gek sz\u00e1m\u00e1ra a vacsora este 8.kor ker\u00fclt ter\u00edt\u00e9kre, amit j\u00f3\u00edz\u0171en fogyasztva alkalmat adott\u00a0a besz\u00e9lget\u00e9sre- A sz\u00f3rakoz\u00e1st sz\u00ednes programok f\u0171szerezt\u00e9k, hol kicsik \u00e9s nagyok egyar\u00e1nt kiszolg\u00e1lva \u00e9rezhett\u00e9k magukat. Hegyaljai S\u00e1ndor b\u0171v\u00e9sz l\u00e1tv\u00e1nyos zen\u00e9s produkci\u00f3j\u00e1val var\u00e1zsolta el a k\u00f6z\u00f6ns\u00e9get. Azt este emelkedetts\u00e9g\u00e9nek a tet\u0151fok\u00e1t Mercs Ang\u00e9la \u00e9s Dr. Bakos Kis G\u00e1bor operett \u00e9nekein\u00e9l \u00e9rte el. Olyan h\u00edres operett dalokb\u00f3l kaphattunk \u00edzel\u00edt\u0151t, mint pl a Cs\u00e1rd\u00e1skir\u00e1lyn\u0151. \u00c9jf\u00e9l ut\u00e1n \u00e9rt\u00e9kes tombola nyerem\u00e9nyek ker\u00fcltek kisorsol\u00e1sra, majd folytat\u00f3dott a t\u00e1nc eg\u00e9szen hajnalig f\u00e1radhatatlanul<\/p>\n<p style=\"text-align: justify\">Az egyh\u00e1zk\u00f6zs\u00e9g tagjainak \u00e9rdem\u00e9t szolg\u00e1lja az is, amelynek seg\u00edts\u00e9g\u00e9vel siker\u00fclt lebonyol\u00edtani est\u00e9t. Hagyom\u00e1nyteremt\u0151 c\u00e9llal szervez\u0151d\u00f6tt az els\u0151 Egyh\u00e1zk\u00f6zs\u00e9gi B\u00e1l, legyen hasonl\u00f3an j\u00f3 a k\u00f6vetkez\u0151 \u00e9vben is!<\/p>\n","protected":false},"excerpt":{"rendered":"<p>Egyh\u00e1zk\u00f6zs\u00e9g\u00fcnk november 13-i programja, az Egyh\u00e1zk\u00f6zs\u00e9gi B\u00e1l \u00faj sz\u00ednt hozott a k\u00f6z\u00f6ss\u00e9g \u00e9let\u00e9be. A Svetits Gimn\u00e1zium tornaterme, mely otthont adott az esem\u00e9nynek, teljesen elvesztette tornaterem jeleg\u00e9t, miut\u00e1n m\u00e9csesekkel, gy\u00f6ny\u00f6r\u0171 ter\u00edt\u00e9kkel lett alkalomhoz ill\u0151v\u00e9 var\u00e1zsolva. M\u00e1r r\u00f6viddel a 18 \u00f3rai kapunyit\u00e1s ut\u00e1n zs\u00fafol\u00e1sig telt teremben Dr. Szarka Gergely par\u00f3kus nyitotta meg k\u00f6sz\u00f6nt\u0151j\u00e9vel az est\u00e9t. Az \u00fcnnep [&hellip;]<\/p>\n","protected":false},"author":2,"featured_media":0,"comment_status":"closed","ping_status":"closed","sticky":false,"template":"","format":"standard","meta":{"ngg_post_thumbnail":0},"categories":[4],"tags":[],"_links":{"self":[{"href":"http:\/\/csapokert.gorogkatolikus.hu\/index.php?rest_route=\/wp\/v2\/posts\/393"}],"collection":[{"href":"http:\/\/csapokert.gorogkatolikus.hu\/index.php?rest_route=\/wp\/v2\/posts"}],"about":[{"href":"http:\/\/csapokert.gorogkatolikus.hu\/index.php?rest_route=\/wp\/v2\/types\/post"}],"author":[{"embeddable":true,"href":"http:\/\/csapokert.gorogkatolikus.hu\/index.php?rest_route=\/wp\/v2\/users\/2"}],"replies":[{"embeddable":true,"href":"http:\/\/csapokert.gorogkatolikus.hu\/index.php?rest_route=%2Fwp%2Fv2%2Fcomments&post=393"}],"version-history":[{"count":2,"href":"http:\/\/csapokert.gorogkatolikus.hu\/index.php?rest_route=\/wp\/v2\/posts\/393\/revisions"}],"predecessor-version":[{"id":403,"href":"http:\/\/csapokert.gorogkatolikus.hu\/index.php?rest_route=\/wp\/v2\/posts\/393\/revisions\/403"}],"wp:attachment":[{"href":"http:\/\/csapokert.gorogkatolikus.hu\/index.php?rest_route=%2Fwp%2Fv2%2Fmedia&parent=393"}],"wp:term":[{"taxonomy":"category","embeddable":true,"href":"http:\/\/csapokert.gorogkatolikus.hu\/index.php?rest_route=%2Fwp%2Fv2%2Fcategories&post=393"},{"taxonomy":"post_tag","embeddable":true,"href":"http:\/\/csapokert.gorogkatolikus.hu\/index.php?rest_route=%2Fwp%2Fv2%2Ftags&post=393"}],"curies":[{"name":"wp","href":"https:\/\/api.w.org\/{rel}","templated":true}]}}