{"id":396,"date":"2014-02-13T08:43:48","date_gmt":"2014-02-13T08:43:48","guid":{"rendered":"http:\/\/csapokert.gorogkatolikus.hu\/?p=396"},"modified":"2014-02-13T08:50:42","modified_gmt":"2014-02-13T08:50:42","slug":"krisztus-szuletik","status":"publish","type":"post","link":"http:\/\/csapokert.gorogkatolikus.hu\/?p=396","title":{"rendered":"Krisztus sz\u00fcletik!"},"content":{"rendered":"<p style=\"text-align: justify\"><a href=\"http:\/\/csapokert.gorogkatolikus.hu\/wp-content\/uploads\/2014\/02\/DSCF8827.jpg\"><img decoding=\"async\" loading=\"lazy\" class=\"size-medium wp-image-397 alignleft\" alt=\"DSCF8827\" src=\"http:\/\/csapokert.gorogkatolikus.hu\/wp-content\/uploads\/2014\/02\/DSCF8827-300x225.jpg\" width=\"300\" height=\"225\" srcset=\"http:\/\/csapokert.gorogkatolikus.hu\/wp-content\/uploads\/2014\/02\/DSCF8827-300x225.jpg 300w, http:\/\/csapokert.gorogkatolikus.hu\/wp-content\/uploads\/2014\/02\/DSCF8827-1024x768.jpg 1024w, http:\/\/csapokert.gorogkatolikus.hu\/wp-content\/uploads\/2014\/02\/DSCF8827-634x475.jpg 634w, http:\/\/csapokert.gorogkatolikus.hu\/wp-content\/uploads\/2014\/02\/DSCF8827-924x693.jpg 924w\" sizes=\"(max-width: 300px) 100vw, 300px\" \/><\/a>Lehet, hogy vannak helyek, ahol a december 24-i szenteste csak \u00fagy betoppan, de nem \u00edgy a Csap\u00f3kerti G\u00f6r\u00f6gkatolikus Egyh\u00e1zk\u00f6zs\u00e9gben. Hosszas el\u0151k\u00e9sz\u00fcletek \u00e9s szervez\u00e9si feladatok el\u0151zt\u00e9k meg a kar\u00e1csonyi programjainkat. Nem a h\u00f3, vagy az aj\u00e1nd\u00e9kok teszik meghitt\u00e9 a szentest\u00e9t, hanem az egy\u00fctt \u00fcnnepel\u0151 sz\u00edvek, melyeket J\u00e9zus sz\u00fclet\u00e9se meleg\u00edt fel. <!--more-->Az adventi id\u0151szak a p\u00e1sztorj\u00e1t\u00e9kra val\u00f3 pr\u00f3b\u00e1kkal \u00e9s \u00e9nekek tanul\u00e1s\u00e1val telt, hogy a v\u00e1rt est\u00e9re a legszebb m\u0171sorral kedveskedhess\u00fcnk a templomunkba l\u00e1togat\u00f3knak. Az \u00fcnnepi Szent Liturgia ut\u00e1n vette kezdet\u00e9t az egyh\u00e1zk\u00f6zs\u00e9g hittanosainak m\u0171sora, a minden \u00e9vben v\u00e1rt kar\u00e1csonyi p\u00e1sztorj\u00e1t\u00e9k. \u00d3vod\u00e1st\u00f3l a gimnazista kor\u00fa gyerekekig, kiket nem hagyott hidegen ez \u00e9vben sem a J\u00e9zus sz\u00fclet\u00e9se, sz\u00f3laltatt\u00e1k meg az emberis\u00e9g legszebb \u00e9s legfontosabb t\u00f6rt\u00e9net\u00e9t, hogy megsz\u00fcletett az Isten fia. A gyerekek tan\u00edtanak meg minket arra, hogy igaz\u00e1n akkor v\u00e1lunk \u00f6nmagunkk\u00e1, ha h\u00e9tk\u00f6znapi ruh\u00e1nkb\u00f3l egyszer\u0171 p\u00e1sztor ruh\u00e1ba, vagy feh\u00e9r angyal ruh\u00e1ba \u00f6lt\u00f6z\u00fcnk. J\u00e9zus sz\u00fclet\u00e9s\u00e9nek t\u00f6rt\u00e9nete minden \u00e9vben frissen hat a sz\u00edv\u00fcnkben, mert lelk\u00fcnk m\u00e9ly\u00e9n nagyon v\u00e1gyunk, hogy \u00e9let\u00fcnkbe t\u00f6bb szeretetet hozzon.\u00a0 A p\u00e1sztorj\u00e1t\u00e9k ut\u00e1n a k\u00f6z\u00f6s k\u00e1nt\u00e1l\u00e1sban a vend\u00e9gek is r\u00e9szes\u00e9v\u00e9 v\u00e1lhattak annak, hogy J\u00e9zus sz\u00fclet\u00e9s\u00e9t dics\u0151\u00edts\u00e9k. Kinn az udvaron a fel\u00e1ll\u00edtott \u00c9l\u0151 Betlehem k\u00f6r\u00fcl, melyet igazi \u00e1llatok leheltek be egy m\u00e1sik m\u00e1r kihal\u00f3ban l\u00e9v\u0151 l\u00e1tv\u00e1nyoss\u00e1g fogadta az embereket: a betlehemez\u00e9s.<\/p>\n<p style=\"text-align: justify\">\u201eSzabad-e bej\u00f6nni ide Betlehemmel?\u201d \u2013k\u00e9rdezi a p\u00e1sztor, \u00e9s amennyiben egybehangz\u00f3 bebocs\u00e1t\u00e1sra tal\u00e1l, megkezd\u0151dik a betlehemes j\u00e1t\u00e9k. Illatos bejgli , a meleg tea, a forralt bor meleg\u00edtette test\u00fcnk mellett forr\u00f3 sz\u00edvvel k\u00f6sz\u00f6nt\u00f6tt\u00fck egym\u00e1st: <b>Krisztus sz\u00fcletik! Dics\u0151\u00edts\u00e9tek!<\/b><\/p>\n","protected":false},"excerpt":{"rendered":"<p>Lehet, hogy vannak helyek, ahol a december 24-i szenteste csak \u00fagy betoppan, de nem \u00edgy a Csap\u00f3kerti G\u00f6r\u00f6gkatolikus Egyh\u00e1zk\u00f6zs\u00e9gben. Hosszas el\u0151k\u00e9sz\u00fcletek \u00e9s szervez\u00e9si feladatok el\u0151zt\u00e9k meg a kar\u00e1csonyi programjainkat. Nem a h\u00f3, vagy az aj\u00e1nd\u00e9kok teszik meghitt\u00e9 a szentest\u00e9t, hanem az egy\u00fctt \u00fcnnepel\u0151 sz\u00edvek, melyeket J\u00e9zus sz\u00fclet\u00e9se meleg\u00edt fel.<\/p>\n","protected":false},"author":2,"featured_media":0,"comment_status":"closed","ping_status":"closed","sticky":false,"template":"","format":"standard","meta":{"ngg_post_thumbnail":0},"categories":[4],"tags":[],"_links":{"self":[{"href":"http:\/\/csapokert.gorogkatolikus.hu\/index.php?rest_route=\/wp\/v2\/posts\/396"}],"collection":[{"href":"http:\/\/csapokert.gorogkatolikus.hu\/index.php?rest_route=\/wp\/v2\/posts"}],"about":[{"href":"http:\/\/csapokert.gorogkatolikus.hu\/index.php?rest_route=\/wp\/v2\/types\/post"}],"author":[{"embeddable":true,"href":"http:\/\/csapokert.gorogkatolikus.hu\/index.php?rest_route=\/wp\/v2\/users\/2"}],"replies":[{"embeddable":true,"href":"http:\/\/csapokert.gorogkatolikus.hu\/index.php?rest_route=%2Fwp%2Fv2%2Fcomments&post=396"}],"version-history":[{"count":4,"href":"http:\/\/csapokert.gorogkatolikus.hu\/index.php?rest_route=\/wp\/v2\/posts\/396\/revisions"}],"predecessor-version":[{"id":402,"href":"http:\/\/csapokert.gorogkatolikus.hu\/index.php?rest_route=\/wp\/v2\/posts\/396\/revisions\/402"}],"wp:attachment":[{"href":"http:\/\/csapokert.gorogkatolikus.hu\/index.php?rest_route=%2Fwp%2Fv2%2Fmedia&parent=396"}],"wp:term":[{"taxonomy":"category","embeddable":true,"href":"http:\/\/csapokert.gorogkatolikus.hu\/index.php?rest_route=%2Fwp%2Fv2%2Fcategories&post=396"},{"taxonomy":"post_tag","embeddable":true,"href":"http:\/\/csapokert.gorogkatolikus.hu\/index.php?rest_route=%2Fwp%2Fv2%2Ftags&post=396"}],"curies":[{"name":"wp","href":"https:\/\/api.w.org\/{rel}","templated":true}]}}