{"id":401,"date":"2014-02-13T08:53:44","date_gmt":"2014-02-13T08:53:44","guid":{"rendered":"http:\/\/csapokert.gorogkatolikus.hu\/?p=401"},"modified":"2014-02-13T08:53:44","modified_gmt":"2014-02-13T08:53:44","slug":"idosek-napja","status":"publish","type":"post","link":"http:\/\/csapokert.gorogkatolikus.hu\/?p=401","title":{"rendered":"Id\u0151sek napja"},"content":{"rendered":"<p>Febru\u00e1r 2-\u00e1n, mikor az \u00dar tal\u00e1lkoz\u00e1s\u00e1t az \u00f6reg Simeonnal \u00fcnnepelt\u00fck, ennek aprop\u00f3j\u00e1n az id\u0151sek ker\u00fcltek figyelm\u00fcnk k\u00f6z\u00e9ppontj\u00e1ba. Minden \u00e9rt\u00e9k ak\u00e1r elfogy\u00f3, ak\u00e1r m\u00e9g vir\u00e1gz\u00f3 annak a koroszt\u00e1lynak k\u00f6sz\u00f6nhetj\u00fck, akik m\u00e1r a b\u00e9k\u00e9sebb, meg\u0151sz\u00fclt korba ker\u00fcltek. Az \u00e9rt\u00e9kek \u00e1tad\u00e1sa miatt, fontos \u00e9reztetni annak folytonoss\u00e1g\u00e1t is: kaptuk, \u00e9s tov\u00e1bb adjuk. Kereszt\u00e9ny \u00e9letfelfog\u00e1sban az id\u0151sek soha nem perif\u00e9ri\u00e1n helyezkedtek el, hanem k\u00f6zponti szerepben, mint a hit \u00e1tad\u00f3i, az im\u00e1ds\u00e1g tan\u00edt\u00f3i.\u00a0 Ezen a vas\u00e1rnapon \u0151ket k\u00f6sz\u00f6nt\u00f6tt\u00fck. <!--more-->A Szent Liturgia ut\u00e1n a hittanos gyerekek verses m\u0171sora k\u00f6vetkezett. K\u00f6z\u00f6tt\u00fck volt a m\u00e1r h\u00edress\u00e9 v\u00e1lt \u00d3becsey Istv\u00e1n: <i>Szeress\u00e9tek az \u00f6regeket<\/i> c\u00edm\u0171 verse is. R\u00f6gt\u00f6n ezt k\u00f6vet\u0151en pedig egy id\u0151seknek sz\u00e1nt, k\u00fcl\u00f6n erre az alkalomra k\u00e9sz\u00edtett vide\u00f3 \u00f6ssze\u00e1ll\u00edt\u00e1s vet\u00edtett\u00fcnk, melyben olyan h\u00edres m\u0171v\u00e9szek tolm\u00e1csolt\u00e1k az id\u0151s kor sz\u00e9ps\u00e9geir\u0151l sz\u00f3l\u00f3 gondolatokat, \u00e9rz\u00e9seket, mind dalban \u00e9s versben, mint Sinkovits Imre, Cs\u00e1k\u00e1nyi L\u00e1szl\u00f3, Teleki Kamil. Mert ahogy a dal is mondja: <i>Bizony, bizony! Egy sz\u00e9p napon kopog az \u0151sz az ablakon. \/ S egy reggel m\u00e1r a hajadon csillog a d\u00e9r. \/ M\u00e9g zeng a dal, m\u00e9g itt a ny\u00e1r, de langyos m\u00e1r a napsug\u00e1r. \/ \u00c9s odak\u00fcnn egy r\u00e9gi dalt d\u00fadol a sz\u00e9l.<\/i> Ilyen \u00e9s hasonl\u00f3 \u00e9rz\u00e9sek k\u00f6zepette siker\u00fclt \u00f6regek \u00e9s fiataloknak ezen a napon most k\u00f6zelebb ker\u00fclni\u00fck egym\u00e1shoz.<\/p>\n<p style=\"text-align: justify\">Ezt k\u00f6vet\u0151en a debreceni Ortodox Egyh\u00e1zk\u00f6zs\u00e9g \u00e9nekkara aj\u00e1nd\u00e9kozott meg ismert \u00e9s k\u00fcl\u00f6nleges keleti dallamokkal. A m\u0171sorok ut\u00e1n az id\u0151seket \u00e9s a vend\u00e9geket eb\u00e9d v\u00e1rta a k\u00f6z\u00f6ss\u00e9gi h\u00e1zban, besz\u00e9lget\u00e9ssel, k\u00f6z\u00f6s falatoz\u00e1ssal m\u00e9ly\u00edtett\u00fck el ezt az igaz\u00e1n meghitt alkalmat.<\/p>\n","protected":false},"excerpt":{"rendered":"<p>Febru\u00e1r 2-\u00e1n, mikor az \u00dar tal\u00e1lkoz\u00e1s\u00e1t az \u00f6reg Simeonnal \u00fcnnepelt\u00fck, ennek aprop\u00f3j\u00e1n az id\u0151sek ker\u00fcltek figyelm\u00fcnk k\u00f6z\u00e9ppontj\u00e1ba. Minden \u00e9rt\u00e9k ak\u00e1r elfogy\u00f3, ak\u00e1r m\u00e9g vir\u00e1gz\u00f3 annak a koroszt\u00e1lynak k\u00f6sz\u00f6nhetj\u00fck, akik m\u00e1r a b\u00e9k\u00e9sebb, meg\u0151sz\u00fclt korba ker\u00fcltek. Az \u00e9rt\u00e9kek \u00e1tad\u00e1sa miatt, fontos \u00e9reztetni annak folytonoss\u00e1g\u00e1t is: kaptuk, \u00e9s tov\u00e1bb adjuk. Kereszt\u00e9ny \u00e9letfelfog\u00e1sban az id\u0151sek soha nem perif\u00e9ri\u00e1n [&hellip;]<\/p>\n","protected":false},"author":2,"featured_media":0,"comment_status":"closed","ping_status":"closed","sticky":false,"template":"","format":"standard","meta":{"ngg_post_thumbnail":0},"categories":[4],"tags":[],"_links":{"self":[{"href":"http:\/\/csapokert.gorogkatolikus.hu\/index.php?rest_route=\/wp\/v2\/posts\/401"}],"collection":[{"href":"http:\/\/csapokert.gorogkatolikus.hu\/index.php?rest_route=\/wp\/v2\/posts"}],"about":[{"href":"http:\/\/csapokert.gorogkatolikus.hu\/index.php?rest_route=\/wp\/v2\/types\/post"}],"author":[{"embeddable":true,"href":"http:\/\/csapokert.gorogkatolikus.hu\/index.php?rest_route=\/wp\/v2\/users\/2"}],"replies":[{"embeddable":true,"href":"http:\/\/csapokert.gorogkatolikus.hu\/index.php?rest_route=%2Fwp%2Fv2%2Fcomments&post=401"}],"version-history":[{"count":2,"href":"http:\/\/csapokert.gorogkatolikus.hu\/index.php?rest_route=\/wp\/v2\/posts\/401\/revisions"}],"predecessor-version":[{"id":406,"href":"http:\/\/csapokert.gorogkatolikus.hu\/index.php?rest_route=\/wp\/v2\/posts\/401\/revisions\/406"}],"wp:attachment":[{"href":"http:\/\/csapokert.gorogkatolikus.hu\/index.php?rest_route=%2Fwp%2Fv2%2Fmedia&parent=401"}],"wp:term":[{"taxonomy":"category","embeddable":true,"href":"http:\/\/csapokert.gorogkatolikus.hu\/index.php?rest_route=%2Fwp%2Fv2%2Fcategories&post=401"},{"taxonomy":"post_tag","embeddable":true,"href":"http:\/\/csapokert.gorogkatolikus.hu\/index.php?rest_route=%2Fwp%2Fv2%2Ftags&post=401"}],"curies":[{"name":"wp","href":"https:\/\/api.w.org\/{rel}","templated":true}]}}