{"id":4018,"date":"2019-04-08T10:56:16","date_gmt":"2019-04-08T10:56:16","guid":{"rendered":"http:\/\/csapokert.gorogkatolikus.hu\/?p=4018"},"modified":"2019-04-10T09:13:46","modified_gmt":"2019-04-10T09:13:46","slug":"nagybojti-lelkigyakorlat","status":"publish","type":"post","link":"http:\/\/csapokert.gorogkatolikus.hu\/?p=4018","title":{"rendered":"Nagyb\u00f6jti lelkigyakorlat"},"content":{"rendered":"<pre>\u00c1prilis 12-13-\u00e1n\u00a0 Ft. Gajdos Attila tartja templomunkban a nagyb\u00f6jti lelkigyakorlatot.\r\n\r\nKezd\u00e9s:\r\n\r\n\u00c1prilis 12. 17:00 \u00f3ra\r\n\r\n\u00c1prilis 13. 17:00 vecsernye, 17:45 Szt. Liturgia, a liturgi\u00e1k alatt folyamatos gy\u00f3n\u00e1si lehet\u0151s\u00e9g lesz.\r\n\r\nA liturgi\u00e1k alatt gyermekfel\u00fcgyeletet biztos\u00edtunk.<\/pre>\n<p>&nbsp;<\/p>\n","protected":false},"excerpt":{"rendered":"<p>\u00c1prilis 12-13-\u00e1n\u00a0 Ft. Gajdos Attila tartja templomunkban a nagyb\u00f6jti lelkigyakorlatot. Kezd\u00e9s: \u00c1prilis 12. 17:00 \u00f3ra \u00c1prilis 13. 17:00 vecsernye, 17:45 Szt. Liturgia, a liturgi\u00e1k alatt folyamatos gy\u00f3n\u00e1si lehet\u0151s\u00e9g lesz. A liturgi\u00e1k alatt gyermekfel\u00fcgyeletet biztos\u00edtunk. &nbsp;<\/p>\n","protected":false},"author":3,"featured_media":0,"comment_status":"closed","ping_status":"closed","sticky":false,"template":"","format":"standard","meta":{"ngg_post_thumbnail":0},"categories":[1],"tags":[],"_links":{"self":[{"href":"http:\/\/csapokert.gorogkatolikus.hu\/index.php?rest_route=\/wp\/v2\/posts\/4018"}],"collection":[{"href":"http:\/\/csapokert.gorogkatolikus.hu\/index.php?rest_route=\/wp\/v2\/posts"}],"about":[{"href":"http:\/\/csapokert.gorogkatolikus.hu\/index.php?rest_route=\/wp\/v2\/types\/post"}],"author":[{"embeddable":true,"href":"http:\/\/csapokert.gorogkatolikus.hu\/index.php?rest_route=\/wp\/v2\/users\/3"}],"replies":[{"embeddable":true,"href":"http:\/\/csapokert.gorogkatolikus.hu\/index.php?rest_route=%2Fwp%2Fv2%2Fcomments&post=4018"}],"version-history":[{"count":5,"href":"http:\/\/csapokert.gorogkatolikus.hu\/index.php?rest_route=\/wp\/v2\/posts\/4018\/revisions"}],"predecessor-version":[{"id":4024,"href":"http:\/\/csapokert.gorogkatolikus.hu\/index.php?rest_route=\/wp\/v2\/posts\/4018\/revisions\/4024"}],"wp:attachment":[{"href":"http:\/\/csapokert.gorogkatolikus.hu\/index.php?rest_route=%2Fwp%2Fv2%2Fmedia&parent=4018"}],"wp:term":[{"taxonomy":"category","embeddable":true,"href":"http:\/\/csapokert.gorogkatolikus.hu\/index.php?rest_route=%2Fwp%2Fv2%2Fcategories&post=4018"},{"taxonomy":"post_tag","embeddable":true,"href":"http:\/\/csapokert.gorogkatolikus.hu\/index.php?rest_route=%2Fwp%2Fv2%2Ftags&post=4018"}],"curies":[{"name":"wp","href":"https:\/\/api.w.org\/{rel}","templated":true}]}}