{"id":4096,"date":"2019-04-16T06:10:32","date_gmt":"2019-04-16T06:10:32","guid":{"rendered":"http:\/\/csapokert.gorogkatolikus.hu\/?p=4096"},"modified":"2019-04-16T06:10:32","modified_gmt":"2019-04-16T06:10:32","slug":"husveti-szertartasrend","status":"publish","type":"post","link":"http:\/\/csapokert.gorogkatolikus.hu\/?p=4096","title":{"rendered":"H\u00fasv\u00e9ti szertart\u00e1srend"},"content":{"rendered":"<p><a href=\"http:\/\/csapokert.gorogkatolikus.hu\/wp-content\/uploads\/2019\/04\/h\u00fasv\u00e9ti-\u00fajs\u00e1g-2019j\u00f3_page-0001.jpg\"><img decoding=\"async\" loading=\"lazy\" class=\"alignleft size-large wp-image-4097\" src=\"http:\/\/csapokert.gorogkatolikus.hu\/wp-content\/uploads\/2019\/04\/h\u00fasv\u00e9ti-\u00fajs\u00e1g-2019j\u00f3_page-0001-725x1024.jpg\" alt=\"\" width=\"640\" height=\"904\" srcset=\"http:\/\/csapokert.gorogkatolikus.hu\/wp-content\/uploads\/2019\/04\/h\u00fasv\u00e9ti-\u00fajs\u00e1g-2019j\u00f3_page-0001-725x1024.jpg 725w, http:\/\/csapokert.gorogkatolikus.hu\/wp-content\/uploads\/2019\/04\/h\u00fasv\u00e9ti-\u00fajs\u00e1g-2019j\u00f3_page-0001-212x300.jpg 212w, http:\/\/csapokert.gorogkatolikus.hu\/wp-content\/uploads\/2019\/04\/h\u00fasv\u00e9ti-\u00fajs\u00e1g-2019j\u00f3_page-0001-768x1085.jpg 768w, http:\/\/csapokert.gorogkatolikus.hu\/wp-content\/uploads\/2019\/04\/h\u00fasv\u00e9ti-\u00fajs\u00e1g-2019j\u00f3_page-0001-634x896.jpg 634w, http:\/\/csapokert.gorogkatolikus.hu\/wp-content\/uploads\/2019\/04\/h\u00fasv\u00e9ti-\u00fajs\u00e1g-2019j\u00f3_page-0001-924x1306.jpg 924w, http:\/\/csapokert.gorogkatolikus.hu\/wp-content\/uploads\/2019\/04\/h\u00fasv\u00e9ti-\u00fajs\u00e1g-2019j\u00f3_page-0001.jpg 1241w\" sizes=\"(max-width: 640px) 100vw, 640px\" \/><\/a><\/p>\n","protected":false},"excerpt":{"rendered":"","protected":false},"author":3,"featured_media":0,"comment_status":"closed","ping_status":"closed","sticky":false,"template":"","format":"standard","meta":{"ngg_post_thumbnail":0},"categories":[1],"tags":[],"_links":{"self":[{"href":"http:\/\/csapokert.gorogkatolikus.hu\/index.php?rest_route=\/wp\/v2\/posts\/4096"}],"collection":[{"href":"http:\/\/csapokert.gorogkatolikus.hu\/index.php?rest_route=\/wp\/v2\/posts"}],"about":[{"href":"http:\/\/csapokert.gorogkatolikus.hu\/index.php?rest_route=\/wp\/v2\/types\/post"}],"author":[{"embeddable":true,"href":"http:\/\/csapokert.gorogkatolikus.hu\/index.php?rest_route=\/wp\/v2\/users\/3"}],"replies":[{"embeddable":true,"href":"http:\/\/csapokert.gorogkatolikus.hu\/index.php?rest_route=%2Fwp%2Fv2%2Fcomments&post=4096"}],"version-history":[{"count":2,"href":"http:\/\/csapokert.gorogkatolikus.hu\/index.php?rest_route=\/wp\/v2\/posts\/4096\/revisions"}],"predecessor-version":[{"id":4099,"href":"http:\/\/csapokert.gorogkatolikus.hu\/index.php?rest_route=\/wp\/v2\/posts\/4096\/revisions\/4099"}],"wp:attachment":[{"href":"http:\/\/csapokert.gorogkatolikus.hu\/index.php?rest_route=%2Fwp%2Fv2%2Fmedia&parent=4096"}],"wp:term":[{"taxonomy":"category","embeddable":true,"href":"http:\/\/csapokert.gorogkatolikus.hu\/index.php?rest_route=%2Fwp%2Fv2%2Fcategories&post=4096"},{"taxonomy":"post_tag","embeddable":true,"href":"http:\/\/csapokert.gorogkatolikus.hu\/index.php?rest_route=%2Fwp%2Fv2%2Ftags&post=4096"}],"curies":[{"name":"wp","href":"https:\/\/api.w.org\/{rel}","templated":true}]}}