{"id":413,"date":"2014-04-17T08:32:14","date_gmt":"2014-04-17T08:32:14","guid":{"rendered":"http:\/\/csapokert.gorogkatolikus.hu\/?p=413"},"modified":"2014-04-17T08:48:40","modified_gmt":"2014-04-17T08:48:40","slug":"baba-mama-klub-debrecenben","status":"publish","type":"post","link":"http:\/\/csapokert.gorogkatolikus.hu\/?p=413","title":{"rendered":"Baba \u2013 Mama Klub  Debrecenben"},"content":{"rendered":"<p><a style=\"text-decoration: none\" href=\"http:\/\/csapokert.gorogkatolikus.hu\/wp-content\/uploads\/2014\/04\/1551483_1436902573193184_1290598853_n.jpg\"><img decoding=\"async\" loading=\"lazy\" class=\"size-medium wp-image-414 alignleft\" alt=\"1551483_1436902573193184_1290598853_n\" src=\"http:\/\/csapokert.gorogkatolikus.hu\/wp-content\/uploads\/2014\/04\/1551483_1436902573193184_1290598853_n-300x225.jpg\" width=\"300\" height=\"225\" srcset=\"http:\/\/csapokert.gorogkatolikus.hu\/wp-content\/uploads\/2014\/04\/1551483_1436902573193184_1290598853_n-300x225.jpg 300w, http:\/\/csapokert.gorogkatolikus.hu\/wp-content\/uploads\/2014\/04\/1551483_1436902573193184_1290598853_n-634x475.jpg 634w, http:\/\/csapokert.gorogkatolikus.hu\/wp-content\/uploads\/2014\/04\/1551483_1436902573193184_1290598853_n-924x693.jpg 924w, http:\/\/csapokert.gorogkatolikus.hu\/wp-content\/uploads\/2014\/04\/1551483_1436902573193184_1290598853_n.jpg 960w\" sizes=\"(max-width: 300px) 100vw, 300px\" \/><\/a><\/p>\n<p style=\"text-align: justify\">Debrecenben megnyitotta kapuit a Baba \u2013 Mama Klub, ahol j\u00e1t\u00e9kos \u00e9s k\u00f6tetlen foglalkoz\u00e1sok v\u00e1rt\u00e1k az \u00e9rdekl\u0151d\u0151ket.\u00a0Az anyuk\u00e1kkal k\u00f6z\u00f6sen feleleven\u00edtett\u00fcnk mond\u00f3k\u00e1kat, dalokat, ismerkedt\u00fcnk az \u00f6lbeli j\u00e1t\u00e9kokkal, teny\u00e9r \u2013 arcsimogat\u00f3kkal, h\u00f6c\u00f6gtet\u0151kkel, hangszerekkel. A gyerekek mozg\u00e1sig\u00e9nye kiel\u00e9g\u00edthetetlen, ez\u00e9rt a j\u00e1t\u00e9kos, zen\u00e9s foglalkoz\u00e1saink ut\u00e1n, szerepet kapott a mozg\u00e1sfejleszt\u00e9s, a j\u00e1t\u00e9kos torna.<\/p>\n<p style=\"text-align: justify\"><!--more--><\/p>\n<p style=\"text-align: justify\">Rendhagy\u00f3 alkalmaink sor\u00e1n, Betlehemi j\u00e1szol mellett a Kar\u00e1csonyi t\u00f6rt\u00e9netet dramatiz\u00e1ltuk.<\/p>\n<p style=\"text-align: justify\">Farsangoztunk anyuk\u00e1kkal, apuk\u00e1kkal \u00e9s term\u00e9szetesen a gyerekekkel, meglepet\u00e9sk\u00e9nt elj\u00f6tt hozz\u00e1nk egy lufi hajtogat\u00f3 boh\u00f3c a mulats\u00e1g arcfest\u00e9ssel z\u00e1rult.<\/p>\n<p style=\"text-align: justify\">Vend\u00e9g\u00fcnk volt M\u00e1jer Tam\u00e1s F\u00f6lsz\u00e1llot a p\u00e1va tehets\u00e9gkutat\u00f3 m\u0171sor\u00e1nak d\u00f6nt\u0151se \u00e9s a Hajd\u00fa T\u00e1ncegy\u00fcttes kiv\u00e1l\u00f3 tagja Csendom Erika.<\/p>\n<p style=\"text-align: justify\">Elj\u00f6ttek hozz\u00e1nk a Kist\u00fccs\u00f6k citerazenekar tagjai \u00e9s csoportvezet\u0151j\u00fck Schmidt Bea.<\/p>\n<p style=\"text-align: justify\">Megismerkedt\u00fcnk a heged\u0171vel, Gabi n\u00e9ni seg\u00edts\u00e9g\u00e9vel, kipr\u00f3b\u00e1lhattuk, hallgathattuk.<\/p>\n<p style=\"text-align: justify\">K\u00e9zm\u0171veskedt\u00fcnk, hajtogattunk, rajzoltunk, fejleszt\u0151 j\u00e1t\u00e9kokkal j\u00e1tszottunk, ismerkedt\u00fcnk.<\/p>\n<p style=\"text-align: justify\">Ell\u00e1togattunk a Szent Efr\u00e9m \u00d3voda csoportjaiba, kar\u00e1csonykor v\u00e1rtuk, mikor csenget az angyalka.<\/p>\n<p style=\"text-align: justify\">Vid\u00e1m V\u00e1n<\/p>\n<p style=\"text-align: justify\">dorok zen\u00e9s el\u0151ad\u00e1s\u00e1ba betekint\u00e9st nyerhett\u00fcnk.<\/p>\n<p style=\"text-align: justify\">T\u00f6bb alkalommal megsz\u00f3laltattuk a furuly\u00e1t, k\u00f6z\u00f6sen \u00e9nekelt\u00fcnk.<\/p>\n<p style=\"text-align: justify\">A foglalkoz\u00e1saink sor\u00e1n filcmes\u00e9t elb\u00e1boztunk, elmaradhatatlan kell\u00e9k volt a sz\u00ednes ejt\u0151erny\u0151, labd\u00e1k valamint a bubor\u00e9kf\u00faj\u00f3, hinta.<\/p>\n<p style=\"text-align: justify\">Besz\u00e9lget\u00e9seink sor\u00e1n k\u00fcl\u00f6nb\u00f6z\u0151 gyerme<\/p>\n<p style=\"text-align: justify\">knevel\u00e9si k\u00e9rd\u00e9seket elemezt\u00fcnk, pl.: eg\u00e9szs\u00e9ges t\u00e1pl\u00e1lkoz\u00e1s, szobatisztas\u00e1g, besz\u00e9d, j\u00e1r\u00e1s, \u00f3vodav\u00e1laszt\u00e1s stb.<\/p>\n<p style=\"text-align: justify\"><span style=\"text-decoration: underline\">C\u00e9lunk:<\/span> az anyuk\u00e1kkal k\u00f6z\u00f6sen felid\u00e9zni a dalokat, mond\u00f3k\u00e1kat, hogy a kicsik j\u00e1t\u00e9kos form\u00e1ban \u00e9nekeljenek, d\u00fadoljanak vel\u00fcnk.<\/p>\n<p style=\"text-align: justify\">Egy \u00e9ves kor ut\u00e1n a gyerekeknek egyr<\/p>\n<p style=\"text-align: justify\">e fontosabb, hogy hasonl\u00f3 kor\u00fa t\u00e1rsaikkal egy\u00fctt elt\u00f6lthessenek egy kis id\u0151t. Az anyuk\u00e1k ismerkedhetnek, tapasztalatot cser\u00e9lhetnek egym\u00e1ssal, k\u00f6zben a<\/p>\n<p style=\"text-align: justify\">\u00a0kicsik \u00e9szrev\u00e9tlen\u00fcl megtanulj\u00e1k az egym\u00e1sra val\u00f3 odafigyel\u00e9st, figyelmet. Vannak olyan gyerekek akik pillanatokon bel\u00fcl felold\u00f3dnak, sz\u00edvesen \u00e9s \u00f6r\u00f6mmel j\u00e1tszanak, \u00e9nekelnek. Term\u00e9szetesen vannak z\u00e1rk\u00f3zottabb gyermekek is, akik csendes megfigyel\u0151k\u00e9nt vesznek r\u00e9szt a foglalkoz\u00e1sokon, de otthon sz\u00edvesen d\u00fadolgatj\u00e1k az itt hallottakat. R\u00f6vid id\u0151n bel\u00fcl, \u0151k is akt\u00edvan bekapcsol\u00f3dnak a j\u00e1t\u00e9kainkba.<\/p>\n<p style=\"text-align: justify\">Szeretettel v\u00e1rjuk az anyuk\u00e1kat \u00e9s gyermekeiket \/3 \u00e9ves korig\/ minden szerd\u00e1n, 9 \u00f3rakor a Szent Efr\u00e9m G\u00f6r\u00f6gkatolikus \u00d3vod\u00e1ba.<\/p>\n<p style=\"text-align: justify\">A r\u00e9szv\u00e9tel ingyenes.<\/p>\n<p style=\"text-align: justify\">N\u00f3tinn\u00e9 Csik\u00f3s Marianna<\/p>\n","protected":false},"excerpt":{"rendered":"<p>Debrecenben megnyitotta kapuit a Baba \u2013 Mama Klub, ahol j\u00e1t\u00e9kos \u00e9s k\u00f6tetlen foglalkoz\u00e1sok v\u00e1rt\u00e1k az \u00e9rdekl\u0151d\u0151ket.\u00a0Az anyuk\u00e1kkal k\u00f6z\u00f6sen feleleven\u00edtett\u00fcnk mond\u00f3k\u00e1kat, dalokat, ismerkedt\u00fcnk az \u00f6lbeli j\u00e1t\u00e9kokkal, teny\u00e9r \u2013 arcsimogat\u00f3kkal, h\u00f6c\u00f6gtet\u0151kkel, hangszerekkel. A gyerekek mozg\u00e1sig\u00e9nye kiel\u00e9g\u00edthetetlen, ez\u00e9rt a j\u00e1t\u00e9kos, zen\u00e9s foglalkoz\u00e1saink ut\u00e1n, szerepet kapott a mozg\u00e1sfejleszt\u00e9s, a j\u00e1t\u00e9kos torna.<\/p>\n","protected":false},"author":2,"featured_media":0,"comment_status":"closed","ping_status":"closed","sticky":false,"template":"","format":"standard","meta":{"ngg_post_thumbnail":0},"categories":[4],"tags":[],"_links":{"self":[{"href":"http:\/\/csapokert.gorogkatolikus.hu\/index.php?rest_route=\/wp\/v2\/posts\/413"}],"collection":[{"href":"http:\/\/csapokert.gorogkatolikus.hu\/index.php?rest_route=\/wp\/v2\/posts"}],"about":[{"href":"http:\/\/csapokert.gorogkatolikus.hu\/index.php?rest_route=\/wp\/v2\/types\/post"}],"author":[{"embeddable":true,"href":"http:\/\/csapokert.gorogkatolikus.hu\/index.php?rest_route=\/wp\/v2\/users\/2"}],"replies":[{"embeddable":true,"href":"http:\/\/csapokert.gorogkatolikus.hu\/index.php?rest_route=%2Fwp%2Fv2%2Fcomments&post=413"}],"version-history":[{"count":2,"href":"http:\/\/csapokert.gorogkatolikus.hu\/index.php?rest_route=\/wp\/v2\/posts\/413\/revisions"}],"predecessor-version":[{"id":416,"href":"http:\/\/csapokert.gorogkatolikus.hu\/index.php?rest_route=\/wp\/v2\/posts\/413\/revisions\/416"}],"wp:attachment":[{"href":"http:\/\/csapokert.gorogkatolikus.hu\/index.php?rest_route=%2Fwp%2Fv2%2Fmedia&parent=413"}],"wp:term":[{"taxonomy":"category","embeddable":true,"href":"http:\/\/csapokert.gorogkatolikus.hu\/index.php?rest_route=%2Fwp%2Fv2%2Fcategories&post=413"},{"taxonomy":"post_tag","embeddable":true,"href":"http:\/\/csapokert.gorogkatolikus.hu\/index.php?rest_route=%2Fwp%2Fv2%2Ftags&post=413"}],"curies":[{"name":"wp","href":"https:\/\/api.w.org\/{rel}","templated":true}]}}