{"id":4168,"date":"2019-05-22T13:14:00","date_gmt":"2019-05-22T13:14:00","guid":{"rendered":"http:\/\/csapokert.gorogkatolikus.hu\/?p=4168"},"modified":"2019-05-22T13:15:50","modified_gmt":"2019-05-22T13:15:50","slug":"szeretettel-varunk-minden-kedves-hivot-a-2019-05-26-an-11-oratol-tartando-elsoaldozasunkra","status":"publish","type":"post","link":"http:\/\/csapokert.gorogkatolikus.hu\/?p=4168","title":{"rendered":"Szeretettel v\u00e1runk mindenkit a 2019.05.26-\u00e1n  11 \u00f3r\u00e1t\u00f3l tartand\u00f3 Els\u0151\u00e1ldoz\u00e1sunkra. K\u00e9rj\u00fck im\u00e1dkozzanak \u00e9rett\u00fcnk!"},"content":{"rendered":"<p><a href=\"http:\/\/csapokert.gorogkatolikus.hu\/wp-content\/uploads\/2019\/05\/BeFunky-project-1.jpg\"><img decoding=\"async\" loading=\"lazy\" class=\"alignleft size-large wp-image-4169\" src=\"http:\/\/csapokert.gorogkatolikus.hu\/wp-content\/uploads\/2019\/05\/BeFunky-project-1-1024x1024.jpg\" alt=\"\" width=\"640\" height=\"640\" srcset=\"http:\/\/csapokert.gorogkatolikus.hu\/wp-content\/uploads\/2019\/05\/BeFunky-project-1-1024x1024.jpg 1024w, http:\/\/csapokert.gorogkatolikus.hu\/wp-content\/uploads\/2019\/05\/BeFunky-project-1-150x150.jpg 150w, http:\/\/csapokert.gorogkatolikus.hu\/wp-content\/uploads\/2019\/05\/BeFunky-project-1-300x300.jpg 300w, http:\/\/csapokert.gorogkatolikus.hu\/wp-content\/uploads\/2019\/05\/BeFunky-project-1-768x768.jpg 768w, http:\/\/csapokert.gorogkatolikus.hu\/wp-content\/uploads\/2019\/05\/BeFunky-project-1-634x634.jpg 634w, http:\/\/csapokert.gorogkatolikus.hu\/wp-content\/uploads\/2019\/05\/BeFunky-project-1-924x924.jpg 924w\" sizes=\"(max-width: 640px) 100vw, 640px\" \/><\/a><\/p>\n","protected":false},"excerpt":{"rendered":"","protected":false},"author":3,"featured_media":0,"comment_status":"closed","ping_status":"closed","sticky":false,"template":"","format":"standard","meta":{"ngg_post_thumbnail":0},"categories":[1],"tags":[],"_links":{"self":[{"href":"http:\/\/csapokert.gorogkatolikus.hu\/index.php?rest_route=\/wp\/v2\/posts\/4168"}],"collection":[{"href":"http:\/\/csapokert.gorogkatolikus.hu\/index.php?rest_route=\/wp\/v2\/posts"}],"about":[{"href":"http:\/\/csapokert.gorogkatolikus.hu\/index.php?rest_route=\/wp\/v2\/types\/post"}],"author":[{"embeddable":true,"href":"http:\/\/csapokert.gorogkatolikus.hu\/index.php?rest_route=\/wp\/v2\/users\/3"}],"replies":[{"embeddable":true,"href":"http:\/\/csapokert.gorogkatolikus.hu\/index.php?rest_route=%2Fwp%2Fv2%2Fcomments&post=4168"}],"version-history":[{"count":5,"href":"http:\/\/csapokert.gorogkatolikus.hu\/index.php?rest_route=\/wp\/v2\/posts\/4168\/revisions"}],"predecessor-version":[{"id":4174,"href":"http:\/\/csapokert.gorogkatolikus.hu\/index.php?rest_route=\/wp\/v2\/posts\/4168\/revisions\/4174"}],"wp:attachment":[{"href":"http:\/\/csapokert.gorogkatolikus.hu\/index.php?rest_route=%2Fwp%2Fv2%2Fmedia&parent=4168"}],"wp:term":[{"taxonomy":"category","embeddable":true,"href":"http:\/\/csapokert.gorogkatolikus.hu\/index.php?rest_route=%2Fwp%2Fv2%2Fcategories&post=4168"},{"taxonomy":"post_tag","embeddable":true,"href":"http:\/\/csapokert.gorogkatolikus.hu\/index.php?rest_route=%2Fwp%2Fv2%2Ftags&post=4168"}],"curies":[{"name":"wp","href":"https:\/\/api.w.org\/{rel}","templated":true}]}}