{"id":417,"date":"2014-04-17T08:33:58","date_gmt":"2014-04-17T08:33:58","guid":{"rendered":"http:\/\/csapokert.gorogkatolikus.hu\/?p=417"},"modified":"2014-04-17T08:48:31","modified_gmt":"2014-04-17T08:48:31","slug":"viragvasarnap-csapokertben-2","status":"publish","type":"post","link":"http:\/\/csapokert.gorogkatolikus.hu\/?p=417","title":{"rendered":"Vir\u00e1gvas\u00e1rnap Csap\u00f3kertben"},"content":{"rendered":"<p>&nbsp;<\/p>\n<p><a style=\"text-decoration: none;font-size: 13px\" href=\"http:\/\/csapokert.gorogkatolikus.hu\/wp-content\/uploads\/2014\/04\/DSCF9546.jpg\"><img decoding=\"async\" loading=\"lazy\" class=\"size-medium wp-image-409 alignleft\" alt=\"DSCF9546\" src=\"http:\/\/csapokert.gorogkatolikus.hu\/wp-content\/uploads\/2014\/04\/DSCF9546-300x225.jpg\" width=\"300\" height=\"225\" srcset=\"http:\/\/csapokert.gorogkatolikus.hu\/wp-content\/uploads\/2014\/04\/DSCF9546-300x225.jpg 300w, http:\/\/csapokert.gorogkatolikus.hu\/wp-content\/uploads\/2014\/04\/DSCF9546-634x475.jpg 634w, http:\/\/csapokert.gorogkatolikus.hu\/wp-content\/uploads\/2014\/04\/DSCF9546-924x693.jpg 924w, http:\/\/csapokert.gorogkatolikus.hu\/wp-content\/uploads\/2014\/04\/DSCF9546.jpg 1024w\" sizes=\"(max-width: 300px) 100vw, 300px\" \/><\/a><\/p>\n<p style=\"text-align: justify\">Kereszt\u00e9ny \u00e9let\u00fcnkben k\u00fcl\u00f6nleges helyet foglal el a vir\u00e1gvas\u00e1rnap \u00fcnnepe. Tal\u00e1lkoz\u00e1sunk Krisztussal itt az embertaposta utakon. Ahol \u00f6r\u00f6mmel fogadja p\u00e1lma vagy barka lenget\u00e9s\u00fcnket, mivel szeret elid\u0151zni k\u00f6z\u00f6tt\u00fcnk. \u00c9s mi is szeretj\u00fck mondv\u00e1n: \u201e<i>Hozsanna D\u00e1vid fi\u00e1nak! \u00c1ldott, ki az \u00dar nev\u00e9ben j\u00f6n! Hozsanna a magass\u00e1gban!\u201d <\/i>Manaps\u00e1g kev\u00e9s hely van, ahol \u0151szinte \u00f6r\u00f6mmel fogadj\u00e1k azokat, kik az \u00dar nev\u00e9ben cselekszenek. Ett\u0151l \u00e9rt\u00e9kel\u0151dik fel \u00fagy az, ha \u00e9l\u0151v\u00e9 v\u00e1lik sz\u00e1munkra J\u00e9zus Krisztus Evang\u00e9liuma.\u00a0 Mint t\u00f6rt\u00e9nt ez a Debrecen- Csap\u00f3kerti Egyh\u00e1zk\u00f6zs\u00e9gben vir\u00e1gvas\u00e1rnapon.\u00a0<!--more--><\/p>\n<p style=\"text-align: justify\"><i>\u201e Jeruzs\u00e1lem fiai \u00e9s le\u00e1nyai a n\u00e1z\u00e1reti J\u00e9zus k\u00f6zeleg szam\u00e1rh\u00e1ton, jertek \u00fcdv\u00f6z\u00f6lj\u00fck \u0150t, kit m\u00e1r annyira v\u00e1rtunk\u201d\u00a0 <\/i><\/p>\n<p style=\"text-align: justify\">Szokatlan szavak ezek a Szent Liturgia el\u0151tt, a k\u00edv\u00e1ncsis\u00e1g m\u00e9gis mindenkit, az udvarra vonz, hogy z\u00f6ld \u00e1gakkal \u00fcdv\u00f6z\u00f6lje a szam\u00e1r k\u00eds\u00e9rettel \u00e9rkez\u0151 hittanosokat, elhozva J\u00e9zus f\u00e9lelmetes erej\u0171 szavait: \u201e<em>Mondom nektek, ha ezek elhallgatnak, a k\u00f6vek fognak ki\u00e1ltani.\u201d<\/em> Gergely atya pr\u00e9dik\u00e1ci\u00f3j\u00e1ban is arra buzd\u00edtott minket, hogy maradjunk h\u0171s\u00e9gesek Krisztushoz, neh\u00e9z \u00f3r\u00e1iban, szenved\u00e9seiben is. A Szent Liturgia v\u00e9g\u00e9n barkaszentel\u00e9s k\u00f6vetkezett. V\u00e9g\u00fcl a t\u00e1gas udvaron fogyasztottuk egy k\u00f6z\u00f6s eb\u00e9det. A gyermekeknek volt m\u00e9g ugr\u00e1l\u00f3 v\u00e1r \u00e9s \u00e1llatsimogat\u00e1s. A feln\u0151tteknek Telenk\u00f3 Bazil Mih\u00e1ly tartott el\u0151ad\u00e1st a b\u00f6jti szok\u00e1sok n\u00e9prajzi \u00e9s paraliturgikus vonatkoz\u00e1sair\u00f3l.<\/p>\n<p style=\"text-align: justify\">A k\u00f6z\u00f6s \u00fcnnepl\u00e9s v\u00e1lj\u00e9k hitb\u00e9li meger\u0151s\u00f6d\u00e9s\u00fcnk jav\u00e1ra megsokszorozva egym\u00e1sban Isten gondvisel\u0151 szeretet\u00e9t.<\/p>\n","protected":false},"excerpt":{"rendered":"<p>&nbsp; Kereszt\u00e9ny \u00e9let\u00fcnkben k\u00fcl\u00f6nleges helyet foglal el a vir\u00e1gvas\u00e1rnap \u00fcnnepe. Tal\u00e1lkoz\u00e1sunk Krisztussal itt az embertaposta utakon. Ahol \u00f6r\u00f6mmel fogadja p\u00e1lma vagy barka lenget\u00e9s\u00fcnket, mivel szeret elid\u0151zni k\u00f6z\u00f6tt\u00fcnk. \u00c9s mi is szeretj\u00fck mondv\u00e1n: \u201eHozsanna D\u00e1vid fi\u00e1nak! \u00c1ldott, ki az \u00dar nev\u00e9ben j\u00f6n! Hozsanna a magass\u00e1gban!\u201d Manaps\u00e1g kev\u00e9s hely van, ahol \u0151szinte \u00f6r\u00f6mmel fogadj\u00e1k azokat, kik az [&hellip;]<\/p>\n","protected":false},"author":2,"featured_media":0,"comment_status":"closed","ping_status":"closed","sticky":false,"template":"","format":"standard","meta":{"ngg_post_thumbnail":0},"categories":[4],"tags":[],"_links":{"self":[{"href":"http:\/\/csapokert.gorogkatolikus.hu\/index.php?rest_route=\/wp\/v2\/posts\/417"}],"collection":[{"href":"http:\/\/csapokert.gorogkatolikus.hu\/index.php?rest_route=\/wp\/v2\/posts"}],"about":[{"href":"http:\/\/csapokert.gorogkatolikus.hu\/index.php?rest_route=\/wp\/v2\/types\/post"}],"author":[{"embeddable":true,"href":"http:\/\/csapokert.gorogkatolikus.hu\/index.php?rest_route=\/wp\/v2\/users\/2"}],"replies":[{"embeddable":true,"href":"http:\/\/csapokert.gorogkatolikus.hu\/index.php?rest_route=%2Fwp%2Fv2%2Fcomments&post=417"}],"version-history":[{"count":1,"href":"http:\/\/csapokert.gorogkatolikus.hu\/index.php?rest_route=\/wp\/v2\/posts\/417\/revisions"}],"predecessor-version":[{"id":418,"href":"http:\/\/csapokert.gorogkatolikus.hu\/index.php?rest_route=\/wp\/v2\/posts\/417\/revisions\/418"}],"wp:attachment":[{"href":"http:\/\/csapokert.gorogkatolikus.hu\/index.php?rest_route=%2Fwp%2Fv2%2Fmedia&parent=417"}],"wp:term":[{"taxonomy":"category","embeddable":true,"href":"http:\/\/csapokert.gorogkatolikus.hu\/index.php?rest_route=%2Fwp%2Fv2%2Fcategories&post=417"},{"taxonomy":"post_tag","embeddable":true,"href":"http:\/\/csapokert.gorogkatolikus.hu\/index.php?rest_route=%2Fwp%2Fv2%2Ftags&post=417"}],"curies":[{"name":"wp","href":"https:\/\/api.w.org\/{rel}","templated":true}]}}