{"id":427,"date":"2014-04-17T08:35:11","date_gmt":"2014-04-17T08:35:11","guid":{"rendered":"http:\/\/csapokert.gorogkatolikus.hu\/?p=427"},"modified":"2014-04-17T08:47:01","modified_gmt":"2014-04-17T08:47:01","slug":"unnepi-szertartasrend-2014-husvetjan-debrecen-csapokertben-es-hajdusamsonban-2","status":"publish","type":"post","link":"http:\/\/csapokert.gorogkatolikus.hu\/?p=427","title":{"rendered":"\u00dcNNEPI SZERTART\u00c1SREND 2014 H\u00daSV\u00c9TJ\u00c1N DEBRECEN-CSAP\u00d3KERTBEN \u00c9S HAJD\u00daS\u00c1MSONBAN"},"content":{"rendered":"<p><a href=\"http:\/\/csapokert.gorogkatolikus.hu\/wp-content\/uploads\/2014\/04\/felt\u00e1mad\u00e1s.jpg\"><img decoding=\"async\" loading=\"lazy\" class=\"size-medium wp-image-421 alignleft\" alt=\"felt\u00e1mad\u00e1s\" src=\"http:\/\/csapokert.gorogkatolikus.hu\/wp-content\/uploads\/2014\/04\/felt\u00e1mad\u00e1s-265x300.jpg\" width=\"265\" height=\"300\" srcset=\"http:\/\/csapokert.gorogkatolikus.hu\/wp-content\/uploads\/2014\/04\/felt\u00e1mad\u00e1s-265x300.jpg 265w, http:\/\/csapokert.gorogkatolikus.hu\/wp-content\/uploads\/2014\/04\/felt\u00e1mad\u00e1s.jpg 432w\" sizes=\"(max-width: 265px) 100vw, 265px\" \/><\/a><\/p>\n<p>&nbsp;<\/p>\n<p align=\"center\"><em>\u201eF\u00f6lt\u00e1madt Krisztus halottaib\u00f3l,<\/em><\/p>\n<p align=\"center\"><em>\u00a0legy\u0151zte hal\u00e1llal a hal\u00e1lt,<\/em><\/p>\n<p align=\"center\"><em>\u00a0\u00e9s a s\u00edrban l\u00e9v\u0151knek \u00e9letet aj\u00e1nd\u00e9kozott.\u201d<\/em><!--more--><\/p>\n<table border=\"0\" cellspacing=\"0\" cellpadding=\"0\">\n<tbody>\n<tr>\n<td valign=\"top\" width=\"307\">\u00e1prilis 13.<b> Vir\u00e1gvas\u00e1rnap<\/b><\/td>\n<td valign=\"top\" width=\"312\">9. <sup>00<\/sup> <b>Hajd\u00fas\u00e1mson<\/b> Szent Liturgia10. <sup>00<\/sup> Utrenye11.<sup>00<\/sup> Szent Liturgia barkaszentel\u00e9ssel<\/p>\n<p>17.<sup>00<\/sup> Vecsernye<\/td>\n<\/tr>\n<tr>\n<td valign=\"top\" width=\"307\">\u00e1prilis 14<b>. Nagyh\u00e9tf\u0151<\/b><\/td>\n<td valign=\"top\" width=\"312\">17.<sup>00<\/sup> El\u0151szenteltek liturgi\u00e1ja<\/td>\n<\/tr>\n<tr>\n<td valign=\"top\" width=\"307\">\u00e1prilis 15.<b> Nagykedd<\/b><\/td>\n<td valign=\"top\" width=\"312\">17.<sup>00<\/sup> El\u0151szenteltek liturgi\u00e1ja<\/td>\n<\/tr>\n<tr>\n<td valign=\"top\" width=\"307\">\u00e1prilis 16.<b> Nagyszerda<\/b><\/td>\n<td valign=\"top\" width=\"312\">17.<sup>00<\/sup> El\u0151szenteltek liturgi\u00e1ja<\/td>\n<\/tr>\n<tr>\n<td valign=\"top\" width=\"307\">\u00e1prilis 17.<b> Nagycs\u00fct\u00f6rt\u00f6k<\/b><\/td>\n<td valign=\"top\" width=\"312\">8.<sup>00<\/sup> Vecsernye, Nagy Szt Bazil liturgia15.<sup>00<\/sup> <b>Hajd\u00fas\u00e1mson<\/b> K\u00ednszenved\u00e9si evang\u00e9liumok17.<sup>00<\/sup> K\u00ednszenved\u00e9si evang\u00e9liumok<\/td>\n<\/tr>\n<tr>\n<td valign=\"top\" width=\"307\">\u00e1prilis 18.<b> Nagyp\u00e9ntek<\/b><\/td>\n<td valign=\"top\" width=\"312\">8.<sup>00<\/sup> Kir\u00e1lyi ima\u00f3r\u00e1k16.<sup>00<\/sup> <b>Hajd\u00fas\u00e1mson<\/b> S\u00edrbat\u00e9teli vecsernye18.<sup>00<\/sup> S\u00edrbat\u00e9teli vecsernye<\/p>\n<p>ut\u00e1na<b> Virraszt\u00e1s<\/b><\/td>\n<\/tr>\n<tr>\n<td valign=\"top\" width=\"307\">\u00e1prilis 19.<b> Nagyszombat<\/b><\/td>\n<td valign=\"top\" width=\"312\">8.<sup>00<\/sup> Vecsernye, Nagy Szt Bazil liturgia17.<sup>00<\/sup> <b>Hajd\u00fas\u00e1mson<\/b> Felt\u00e1mad\u00e1si szertart\u00e1s<\/td>\n<\/tr>\n<tr>\n<td valign=\"top\" width=\"307\">\u00e1prilis 20.<b> H\u00fasv\u00e9tvas\u00e1rnap<\/b><\/td>\n<td valign=\"top\" width=\"312\">5.<sup>00<\/sup> Felt\u00e1mad\u00e1si szertart\u00e1s, p\u00e1szkaszentel\u00e9s9.<sup>30<\/sup> \u00dcnnepi Szt. Liturgia, p\u00e1szkaszentel\u00e9s11.<sup>00<\/sup> <b>Hajd\u00fas\u00e1mson<\/b> Szt Liturgia, p\u00e1szkaszt.<\/td>\n<\/tr>\n<tr>\n<td valign=\"top\" width=\"307\">\u00e1prilis 21.<b> H\u00fasv\u00e9th\u00e9tf\u0151<\/b><\/td>\n<td valign=\"top\" width=\"312\">8.<sup>30<\/sup> Utrenye9.<sup>30<\/sup> Szent Liturgia11.<sup>00<\/sup> <b>Hajd\u00fas\u00e1mson<\/b> Szent Liturgia<\/td>\n<\/tr>\n<tr>\n<td valign=\"top\" width=\"307\">\u00e1prilis 22.<b> H\u00fasv\u00e9tkedd<\/b><\/td>\n<td valign=\"top\" width=\"312\">8.<sup>30<\/sup> Utrenye9.<sup>30<\/sup> Szent Liturgia<\/td>\n<\/tr>\n<\/tbody>\n<\/table>\n<p>&nbsp;<\/p>\n","protected":false},"excerpt":{"rendered":"<p>&nbsp; \u201eF\u00f6lt\u00e1madt Krisztus halottaib\u00f3l, \u00a0legy\u0151zte hal\u00e1llal a hal\u00e1lt, \u00a0\u00e9s a s\u00edrban l\u00e9v\u0151knek \u00e9letet aj\u00e1nd\u00e9kozott.\u201d<\/p>\n","protected":false},"author":2,"featured_media":0,"comment_status":"closed","ping_status":"closed","sticky":false,"template":"","format":"standard","meta":{"ngg_post_thumbnail":0},"categories":[4],"tags":[],"_links":{"self":[{"href":"http:\/\/csapokert.gorogkatolikus.hu\/index.php?rest_route=\/wp\/v2\/posts\/427"}],"collection":[{"href":"http:\/\/csapokert.gorogkatolikus.hu\/index.php?rest_route=\/wp\/v2\/posts"}],"about":[{"href":"http:\/\/csapokert.gorogkatolikus.hu\/index.php?rest_route=\/wp\/v2\/types\/post"}],"author":[{"embeddable":true,"href":"http:\/\/csapokert.gorogkatolikus.hu\/index.php?rest_route=\/wp\/v2\/users\/2"}],"replies":[{"embeddable":true,"href":"http:\/\/csapokert.gorogkatolikus.hu\/index.php?rest_route=%2Fwp%2Fv2%2Fcomments&post=427"}],"version-history":[{"count":6,"href":"http:\/\/csapokert.gorogkatolikus.hu\/index.php?rest_route=\/wp\/v2\/posts\/427\/revisions"}],"predecessor-version":[{"id":437,"href":"http:\/\/csapokert.gorogkatolikus.hu\/index.php?rest_route=\/wp\/v2\/posts\/427\/revisions\/437"}],"wp:attachment":[{"href":"http:\/\/csapokert.gorogkatolikus.hu\/index.php?rest_route=%2Fwp%2Fv2%2Fmedia&parent=427"}],"wp:term":[{"taxonomy":"category","embeddable":true,"href":"http:\/\/csapokert.gorogkatolikus.hu\/index.php?rest_route=%2Fwp%2Fv2%2Fcategories&post=427"},{"taxonomy":"post_tag","embeddable":true,"href":"http:\/\/csapokert.gorogkatolikus.hu\/index.php?rest_route=%2Fwp%2Fv2%2Ftags&post=427"}],"curies":[{"name":"wp","href":"https:\/\/api.w.org\/{rel}","templated":true}]}}