{"id":441,"date":"2014-04-17T08:31:10","date_gmt":"2014-04-17T08:31:10","guid":{"rendered":"http:\/\/csapokert.gorogkatolikus.hu\/?p=441"},"modified":"2014-04-17T08:31:10","modified_gmt":"2014-04-17T08:31:10","slug":"gyermekbucsu-2014","status":"publish","type":"post","link":"http:\/\/csapokert.gorogkatolikus.hu\/?p=441","title":{"rendered":"Gyermekb\u00facs\u00fa 2014"},"content":{"rendered":"<p>M\u00e1jus 17-\u00e9n <a href=\"http:\/\/csapokert.gorogkatolikus.hu\/wp-content\/uploads\/2014\/04\/8573-mariapocs-2013-bucsuk-es-zarandoklatok-a-nemzeti-kegyhelyen.jpg\"><img decoding=\"async\" loading=\"lazy\" class=\"size-medium wp-image-442 alignleft\" alt=\"8573-mariapocs-2013-bucsuk-es-zarandoklatok-a-nemzeti-kegyhelyen\" src=\"http:\/\/csapokert.gorogkatolikus.hu\/wp-content\/uploads\/2014\/04\/8573-mariapocs-2013-bucsuk-es-zarandoklatok-a-nemzeti-kegyhelyen-300x225.jpg\" width=\"300\" height=\"225\" srcset=\"http:\/\/csapokert.gorogkatolikus.hu\/wp-content\/uploads\/2014\/04\/8573-mariapocs-2013-bucsuk-es-zarandoklatok-a-nemzeti-kegyhelyen-300x225.jpg 300w, http:\/\/csapokert.gorogkatolikus.hu\/wp-content\/uploads\/2014\/04\/8573-mariapocs-2013-bucsuk-es-zarandoklatok-a-nemzeti-kegyhelyen.jpg 500w\" sizes=\"(max-width: 300px) 100vw, 300px\" \/><\/a> M\u00e1riap\u00f3cson,ahov\u00e1 lehet\u0151s\u00e9g\u00fck van egyh\u00e1zk\u00f6zs\u00e9g\u00fcnk hittanosainak id\u00e9n is elzar\u00e1ndokolnia. A b\u00facs\u00fa szervez\u0151je \u00e9s lebonyol\u00edt\u00f3ja a ny\u00edracs\u00e1di Szent Piroska G\u00f6r\u00f6gkatolikus \u00c1ltal\u00e1nos Iskola lesz.<br \/>\nR\u00e9szv\u00e9teli sz\u00e1nd\u00e9kukat mihamarabb jelezz\u00e9k hitoktat\u00f3jukn\u00e1l:<br \/>\n06-30-555-4310<\/p>\n","protected":false},"excerpt":{"rendered":"<p>M\u00e1jus 17-\u00e9n M\u00e1riap\u00f3cson,ahov\u00e1 lehet\u0151s\u00e9g\u00fck van egyh\u00e1zk\u00f6zs\u00e9g\u00fcnk hittanosainak id\u00e9n is elzar\u00e1ndokolnia. A b\u00facs\u00fa szervez\u0151je \u00e9s lebonyol\u00edt\u00f3ja a ny\u00edracs\u00e1di Szent Piroska G\u00f6r\u00f6gkatolikus \u00c1ltal\u00e1nos Iskola lesz. R\u00e9szv\u00e9teli sz\u00e1nd\u00e9kukat mihamarabb jelezz\u00e9k hitoktat\u00f3jukn\u00e1l: 06-30-555-4310<\/p>\n","protected":false},"author":2,"featured_media":0,"comment_status":"closed","ping_status":"closed","sticky":false,"template":"","format":"standard","meta":{"ngg_post_thumbnail":0},"categories":[3],"tags":[],"_links":{"self":[{"href":"http:\/\/csapokert.gorogkatolikus.hu\/index.php?rest_route=\/wp\/v2\/posts\/441"}],"collection":[{"href":"http:\/\/csapokert.gorogkatolikus.hu\/index.php?rest_route=\/wp\/v2\/posts"}],"about":[{"href":"http:\/\/csapokert.gorogkatolikus.hu\/index.php?rest_route=\/wp\/v2\/types\/post"}],"author":[{"embeddable":true,"href":"http:\/\/csapokert.gorogkatolikus.hu\/index.php?rest_route=\/wp\/v2\/users\/2"}],"replies":[{"embeddable":true,"href":"http:\/\/csapokert.gorogkatolikus.hu\/index.php?rest_route=%2Fwp%2Fv2%2Fcomments&post=441"}],"version-history":[{"count":1,"href":"http:\/\/csapokert.gorogkatolikus.hu\/index.php?rest_route=\/wp\/v2\/posts\/441\/revisions"}],"predecessor-version":[{"id":444,"href":"http:\/\/csapokert.gorogkatolikus.hu\/index.php?rest_route=\/wp\/v2\/posts\/441\/revisions\/444"}],"wp:attachment":[{"href":"http:\/\/csapokert.gorogkatolikus.hu\/index.php?rest_route=%2Fwp%2Fv2%2Fmedia&parent=441"}],"wp:term":[{"taxonomy":"category","embeddable":true,"href":"http:\/\/csapokert.gorogkatolikus.hu\/index.php?rest_route=%2Fwp%2Fv2%2Fcategories&post=441"},{"taxonomy":"post_tag","embeddable":true,"href":"http:\/\/csapokert.gorogkatolikus.hu\/index.php?rest_route=%2Fwp%2Fv2%2Ftags&post=441"}],"curies":[{"name":"wp","href":"https:\/\/api.w.org\/{rel}","templated":true}]}}