{"id":449,"date":"2014-05-19T07:57:26","date_gmt":"2014-05-19T07:57:26","guid":{"rendered":"http:\/\/csapokert.gorogkatolikus.hu\/?p=449"},"modified":"2014-05-19T07:58:33","modified_gmt":"2014-05-19T07:58:33","slug":"gyermekbucsu-2014-2","status":"publish","type":"post","link":"http:\/\/csapokert.gorogkatolikus.hu\/?p=449","title":{"rendered":"Gyermekb\u00facs\u00fa 2014"},"content":{"rendered":"<p><a href=\"http:\/\/csapokert.gorogkatolikus.hu\/wp-content\/uploads\/2014\/05\/IMG_2354.jpg\"><img decoding=\"async\" loading=\"lazy\" class=\"size-medium wp-image-450 alignleft\" alt=\"IMG_2354\" src=\"http:\/\/csapokert.gorogkatolikus.hu\/wp-content\/uploads\/2014\/05\/IMG_2354-300x225.jpg\" width=\"300\" height=\"225\" srcset=\"http:\/\/csapokert.gorogkatolikus.hu\/wp-content\/uploads\/2014\/05\/IMG_2354-300x225.jpg 300w, http:\/\/csapokert.gorogkatolikus.hu\/wp-content\/uploads\/2014\/05\/IMG_2354-1024x768.jpg 1024w, http:\/\/csapokert.gorogkatolikus.hu\/wp-content\/uploads\/2014\/05\/IMG_2354-634x475.jpg 634w, http:\/\/csapokert.gorogkatolikus.hu\/wp-content\/uploads\/2014\/05\/IMG_2354-924x693.jpg 924w\" sizes=\"(max-width: 300px) 100vw, 300px\" \/><\/a><\/p>\n<p style=\"text-align: justify\">A Gyermekb\u00facs\u00fat megel\u0151z\u0151 hetekben t\u00f6bb alkalommal megfogalmaz\u00f3dhatott a sz\u00fcl\u0151k, gyerekek fel\u00e9, mi is tulajdonk\u00e9ppen a Gyermekb\u00facs\u00fa. Fogalmazhattunk ekk\u00e9ppen t\u00f6bbek k\u00f6z\u00f6tt: Egy egyed\u00fcl\u00e1ll\u00f3 rendezv\u00e9ny, melynek keretein bel\u00fcl j\u00e1t\u00e9kos m\u00f3don megismerheti g\u00f6r\u00f6gkatolikus hit\u00e9nek gazdags\u00e1g\u00e1t. Mondhatjuk? Igen. Azzal hozz\u00e1t\u00e9ve, hogy az \u00e1tlagos rendezv\u00e9nyeket, \u00e1ltal\u00e1ban az es\u0151s id\u0151j\u00e1r\u00e1s k\u00e9pes elrontani. A rendezv\u00e9nyeket igen, de a tal\u00e1lkoz\u00e1sokat nem. A Gyermekb\u00facs\u00fa, nem csup\u00e1n rendezv\u00e9ny, hanem egy term\u00e9szetfeletti tal\u00e1lkoz\u00e1s.<!--more--> Hitre nevel\u00e9s\u00fcnk egy fontos mozzanata, hogyan k\u00e9sz\u00fcl\u00fcnk fel egy ilyen tal\u00e1lkoz\u00e1sra. Az \u00c1men g\u00f6r\u00f6gkatolikus hittank\u00f6nyv\u00fcnk pl. a kicsiknek seg\u00edt megfogalmazni k\u00e9r\u00e9seiket a Sz\u0171zanya fel\u00e9, hogy j\u00e1rjon k\u00f6zben Mennyei Aty\u00e1nkn\u00e1l, az \u00d6r\u00f6ks\u00e9g\u00fcnk c\u00edm\u0171 fels\u0151 tagozatos hittank\u00f6nyv a Csal\u00e1d t\u00e9m\u00e1j\u00e1ban mutat Istensz\u00fcl\u0151 Sz\u0171z M\u00e1ri\u00e1ra, mint mindny\u00e1junk \u00e9desanyj\u00e1ra. \u00a0Minden hittan\u00e1r fontos feladata, hogy gyermekeinkkel a hit val\u00f3s\u00e1g\u00e1t \u00e9reztess\u00fck.\u00a0 A matematika tan\u00e1r a sz\u00e1megyenesre, a k\u00e9mia tan\u00e1r a peri\u00f3dusos rendszerre, de mi \u00e9vr\u0151l-\u00e9vre M\u00e1riap\u00f3csra mutatunk, ahol az Istensz\u00fcl\u0151 Sz\u0171z M\u00e1ria oltalmaz\u00f3 szeretete nem sz\u0171nik elt\u00f6lteni minket.<\/p>\n<p style=\"text-align: justify\">A hit a gyermekek sz\u00e1m\u00e1ra \u00e9lm\u00e9ny \u00e9s magatart\u00e1s. A hit gyermekeink sz\u00e1m\u00e1ra az elv\u00e1ltozott arcunk a szents\u00e9g k\u00f6zel\u00e9ben. A keresztvet\u00e9s\u00fcnk. A meghajl\u00e1sunk. Manaps\u00e1g sok sz\u00fcl\u0151 \u00f3vja gyermekeit a k\u00f6nnyekt\u0151l, az es\u0151t\u0151l, a napt\u00f3l, csak \u00e9ppen att\u00f3l nem, ami a gyerekek lelk\u00e9nek nagyobb vesz\u00e9lyt jelent, amit\u0151l egyed\u00fcl Sz\u0171z M\u00e1ria oltalmaz, ter\u00edtve kend\u0151j\u00e9t sz\u00fcntelen\u00fcl sz\u00edv\u00fcnk fel\u00e9. \u00c9reznie kell egy hittanos gyermeknek, hogy mi a zuhog\u00f3 es\u0151ben is a fontosabb oltalmat keress\u00fck, \u00e9s hittel \u00e9nekelj\u00fck: <i>\u201eOltalmad al\u00e1 sietnek Sz\u0171z M\u00e1ria h\u00edveid\u201d<\/i> Az a k\u00f6zel k\u00e9tezer gyermek, aki az elm\u00falt szombaton ell\u00e1togatott M\u00e1riap\u00f3csra, az igazi oltalmat tal\u00e1lta meg. Az idei Gyermekb\u00facs\u00fa k\u00fcl\u00f6n\u00f6sen is megfogalmazta a gyermekek sz\u00e1m\u00e1ra a hittel val\u00f3 tal\u00e1lkoz\u00e1st. Olyan momentumokban, amelyek nem kivitelezhet\u0151ek hittan\u00f3r\u00e1n. \u00dajdons\u00e1g volt, \u00e9s rem\u00e9lem hagyom\u00e1nyt fog teremteni, hogy t\u00f6rt\u00e9nelmi alapokra helyezt\u00e9k a Gyermekb\u00facs\u00fa mili\u0151j\u00e9t. A honfoglal\u00e1s ut\u00e1ni kor vil\u00e1g\u00e1ba cs\u00f6ppent\u00fcnk pog\u00e1ny magyarokk\u00e9nt, majd v\u00e9gigj\u00e1rtuk a Megt\u00e9r\u00e9s \u00datj\u00e1t. A Szent Korona m\u00e1solat\u00e1t k\u00eds\u00e9r\u0151 korona\u0151r\u00f6k, az \u00e1ld\u00f3 im\u00e1ds\u00e1gok, \u00e9s ezrek egym\u00e1son \u00e1t f\u00f6lkapaszkod\u00f3 himnusza hat\u00e9konyan sz\u00f3rta a hit magvait. Mennyi tanult t\u00f6rt\u00e9net, p\u00e9ld\u00e1zat foszlana feled\u00e9ss\u00e9, ha nem \u00e9rezn\u00e9nk \u00e1t ezeket a pillanatokat. A k\u00f6z\u00e9pkor jelent\u0151s v\u00e1rosaiban izgalmas feladatok v\u00e1rt\u00e1k gyerekeket, ahol a ny\u00edracs\u00e1di Szent Piroska G\u00f6r\u00f6gkatolikus \u00c1ltal\u00e1nos Iskola dolgoz\u00f3i p\u00e9ldamutat\u00f3 kedvess\u00e9ggel fogadtak mindenkit, kicsalogatva a gyerek arc\u00e1ra a napot. Hittan\u00e1r koll\u00e9g\u00e1im nev\u00e9ben is k\u00f6sz\u00f6net a szervez\u0151knek \u00e1ldozatos munk\u00e1juk\u00e9rt.<\/p>\n","protected":false},"excerpt":{"rendered":"<p>A Gyermekb\u00facs\u00fat megel\u0151z\u0151 hetekben t\u00f6bb alkalommal megfogalmaz\u00f3dhatott a sz\u00fcl\u0151k, gyerekek fel\u00e9, mi is tulajdonk\u00e9ppen a Gyermekb\u00facs\u00fa. Fogalmazhattunk ekk\u00e9ppen t\u00f6bbek k\u00f6z\u00f6tt: Egy egyed\u00fcl\u00e1ll\u00f3 rendezv\u00e9ny, melynek keretein bel\u00fcl j\u00e1t\u00e9kos m\u00f3don megismerheti g\u00f6r\u00f6gkatolikus hit\u00e9nek gazdags\u00e1g\u00e1t. Mondhatjuk? Igen. Azzal hozz\u00e1t\u00e9ve, hogy az \u00e1tlagos rendezv\u00e9nyeket, \u00e1ltal\u00e1ban az es\u0151s id\u0151j\u00e1r\u00e1s k\u00e9pes elrontani. A rendezv\u00e9nyeket igen, de a tal\u00e1lkoz\u00e1sokat nem. A Gyermekb\u00facs\u00fa, [&hellip;]<\/p>\n","protected":false},"author":2,"featured_media":0,"comment_status":"closed","ping_status":"closed","sticky":false,"template":"","format":"standard","meta":{"ngg_post_thumbnail":0},"categories":[3],"tags":[],"_links":{"self":[{"href":"http:\/\/csapokert.gorogkatolikus.hu\/index.php?rest_route=\/wp\/v2\/posts\/449"}],"collection":[{"href":"http:\/\/csapokert.gorogkatolikus.hu\/index.php?rest_route=\/wp\/v2\/posts"}],"about":[{"href":"http:\/\/csapokert.gorogkatolikus.hu\/index.php?rest_route=\/wp\/v2\/types\/post"}],"author":[{"embeddable":true,"href":"http:\/\/csapokert.gorogkatolikus.hu\/index.php?rest_route=\/wp\/v2\/users\/2"}],"replies":[{"embeddable":true,"href":"http:\/\/csapokert.gorogkatolikus.hu\/index.php?rest_route=%2Fwp%2Fv2%2Fcomments&post=449"}],"version-history":[{"count":3,"href":"http:\/\/csapokert.gorogkatolikus.hu\/index.php?rest_route=\/wp\/v2\/posts\/449\/revisions"}],"predecessor-version":[{"id":453,"href":"http:\/\/csapokert.gorogkatolikus.hu\/index.php?rest_route=\/wp\/v2\/posts\/449\/revisions\/453"}],"wp:attachment":[{"href":"http:\/\/csapokert.gorogkatolikus.hu\/index.php?rest_route=%2Fwp%2Fv2%2Fmedia&parent=449"}],"wp:term":[{"taxonomy":"category","embeddable":true,"href":"http:\/\/csapokert.gorogkatolikus.hu\/index.php?rest_route=%2Fwp%2Fv2%2Fcategories&post=449"},{"taxonomy":"post_tag","embeddable":true,"href":"http:\/\/csapokert.gorogkatolikus.hu\/index.php?rest_route=%2Fwp%2Fv2%2Ftags&post=449"}],"curies":[{"name":"wp","href":"https:\/\/api.w.org\/{rel}","templated":true}]}}