{"id":4642,"date":"2019-12-23T16:26:21","date_gmt":"2019-12-23T16:26:21","guid":{"rendered":"http:\/\/csapokert.gorogkatolikus.hu\/?p=4642"},"modified":"2019-12-23T16:27:17","modified_gmt":"2019-12-23T16:27:17","slug":"unnepi-miserend-2019-karacsonyan","status":"publish","type":"post","link":"http:\/\/csapokert.gorogkatolikus.hu\/?p=4642","title":{"rendered":"\u00dcnnepi miserend 2019 Kar\u00e1csony\u00e1n"},"content":{"rendered":"<p>&nbsp;<\/p>\n<table>\n<tbody>\n<tr>\n<td width=\"143\">24. kedd<\/td>\n<td width=\"471\">\u00a0 8. 00 kir\u00e1lyi ima\u00f3r\u00e1k<\/p>\n<p>15. 30 \u00e9l\u0151 Betlehem, k\u00e1nt\u00e1l\u00e1s<\/p>\n<p>16. 00 P\u00e1sztorj\u00e1t\u00e9k<\/p>\n<p>23. 00 kar\u00e1csonyi zsolozsma<\/p>\n<p>24. 00 kar\u00e1csonyi \u00e9jf\u00e9li Szent Liturgia<\/td>\n<\/tr>\n<tr>\n<td width=\"143\">25. szerda<\/td>\n<td width=\"471\"><em>Kar\u00e1csony I<\/em>.\u00a0\u00a0 8. 30 Utrenye<\/p>\n<p>9. 30 Szent Liturgia<\/p>\n<p>17. 00 Vecsernye<\/td>\n<\/tr>\n<tr>\n<td width=\"143\">26. cs\u00fct\u00f6rt\u00f6k<\/td>\n<td width=\"471\"><em>Kar\u00e1csony II<\/em>.\u00a0 8. 30 Utrenye<\/p>\n<p>9. 30 Szent Liturgia<\/p>\n<p>17.00 Vecsernye<\/td>\n<\/tr>\n<tr>\n<td width=\"143\">27. p\u00e9ntek<\/td>\n<td width=\"471\"><em>Kar\u00e1csony III<\/em>. 8. 30 Utrenye<\/p>\n<p>9. 30 Szent Liturgia<\/td>\n<\/tr>\n<\/tbody>\n<\/table>\n","protected":false},"excerpt":{"rendered":"<p>&nbsp; 24. kedd \u00a0 8. 00 kir\u00e1lyi ima\u00f3r\u00e1k 15. 30 \u00e9l\u0151 Betlehem, k\u00e1nt\u00e1l\u00e1s 16. 00 P\u00e1sztorj\u00e1t\u00e9k 23. 00 kar\u00e1csonyi zsolozsma 24. 00 kar\u00e1csonyi \u00e9jf\u00e9li Szent Liturgia 25. szerda Kar\u00e1csony I.\u00a0\u00a0 8. 30 Utrenye 9. 30 Szent Liturgia 17. 00 Vecsernye 26. cs\u00fct\u00f6rt\u00f6k Kar\u00e1csony II.\u00a0 8. 30 Utrenye 9. 30 Szent Liturgia 17.00 Vecsernye 27. p\u00e9ntek [&hellip;]<\/p>\n","protected":false},"author":3,"featured_media":0,"comment_status":"closed","ping_status":"closed","sticky":false,"template":"","format":"standard","meta":{"ngg_post_thumbnail":0},"categories":[1],"tags":[],"_links":{"self":[{"href":"http:\/\/csapokert.gorogkatolikus.hu\/index.php?rest_route=\/wp\/v2\/posts\/4642"}],"collection":[{"href":"http:\/\/csapokert.gorogkatolikus.hu\/index.php?rest_route=\/wp\/v2\/posts"}],"about":[{"href":"http:\/\/csapokert.gorogkatolikus.hu\/index.php?rest_route=\/wp\/v2\/types\/post"}],"author":[{"embeddable":true,"href":"http:\/\/csapokert.gorogkatolikus.hu\/index.php?rest_route=\/wp\/v2\/users\/3"}],"replies":[{"embeddable":true,"href":"http:\/\/csapokert.gorogkatolikus.hu\/index.php?rest_route=%2Fwp%2Fv2%2Fcomments&post=4642"}],"version-history":[{"count":4,"href":"http:\/\/csapokert.gorogkatolikus.hu\/index.php?rest_route=\/wp\/v2\/posts\/4642\/revisions"}],"predecessor-version":[{"id":4644,"href":"http:\/\/csapokert.gorogkatolikus.hu\/index.php?rest_route=\/wp\/v2\/posts\/4642\/revisions\/4644"}],"wp:attachment":[{"href":"http:\/\/csapokert.gorogkatolikus.hu\/index.php?rest_route=%2Fwp%2Fv2%2Fmedia&parent=4642"}],"wp:term":[{"taxonomy":"category","embeddable":true,"href":"http:\/\/csapokert.gorogkatolikus.hu\/index.php?rest_route=%2Fwp%2Fv2%2Fcategories&post=4642"},{"taxonomy":"post_tag","embeddable":true,"href":"http:\/\/csapokert.gorogkatolikus.hu\/index.php?rest_route=%2Fwp%2Fv2%2Ftags&post=4642"}],"curies":[{"name":"wp","href":"https:\/\/api.w.org\/{rel}","templated":true}]}}