{"id":4736,"date":"2020-03-14T15:14:17","date_gmt":"2020-03-14T15:14:17","guid":{"rendered":"http:\/\/csapokert.gorogkatolikus.hu\/?p=4736"},"modified":"2020-04-10T07:36:59","modified_gmt":"2020-04-10T07:36:59","slug":"4736","status":"publish","type":"post","link":"http:\/\/csapokert.gorogkatolikus.hu\/?p=4736","title":{"rendered":"Els\u0151\u00e1ldoz\u00e1s"},"content":{"rendered":"<pre>Kedves Els\u0151\u00e1ldoz\u00f3k! Kedves Sz\u00fcl\u0151k!\r\n<\/pre>\n<p><!--more--><\/p>\n<h5>\u00a0 \u00a0\u00d6sszhangban az \u00e1llami- \u00e9s egyh\u00e1zi korm\u00e1nyzati int\u00e9zked\u00e9sek szellem\u00e9vel m\u00e1rcius 15-i vas\u00e1rnappal kezd\u0151d\u0151leg az el\u0151\u00e1ldoz\u00e1sra val\u00f3 felk\u00e9sz\u00edt\u00e9sb\u0151l fakad\u00f3 mindennem\u0171 k\u00f6telezetts\u00e9get felf\u00fcggeszt\u00fcnk egyh\u00e1zk\u00f6zs\u00e9g\u00fcnkben. (Nem fogunk oktat\u00e1st tartani \u00e9s minden egy\u00e9b magyar\u00e1zat, vagy indokl\u00e1s n\u00e9lk\u00fcl is meg\u00e9rtj\u00fck \u00e9s elfogadjuk a t\u00e1volmarad\u00e1st!)<\/h5>\n<h5>\u00a0 \u00a0Buzd\u00edtunk ugyanakkor mindenkit, hogy az el\u0151tt\u00fcnk \u00e1ll\u00f3 embert pr\u00f3b\u00e1l\u00f3 \u00e9s hitet ig\u00e9nyl\u0151 id\u0151kben ann\u00e1l buzg\u00f3bban im\u00e1dkozzon mindenki csal\u00e1dj\u00e1val k\u00f6z\u00f6sen.<\/h5>\n<h5>\u00a0 \u00a0A tananyagot emailben fogjuk eljutatni az els\u0151\u00e1ldoz\u00f3knak.<\/h5>\n<h5>\u00a0 \u00a0Az els\u0151\u00e1ldoz\u00e1s id\u0151pontj\u00e1t is majd a k\u00e9s\u0151bbiekben fogjuk jelezni. (Term\u00e9szetesen a j\u00e1rv\u00e1ny teljes elm\u00falta ut\u00e1n lehet err\u0151l sz\u00f3.)<\/h5>\n<h5>\u00a0 \u00a0V\u00e9g\u00fcl b\u00e1tor\u00edt\u00e1sk\u00e9pp \u00e1lljanak itt a mi Urunk J\u00e9zus Krisztus szavai, amit az apostoloknak a legnagyobb megpr\u00f3b\u00e1ltat\u00e1sok el\u0151tt mondott:<em> \u201eNe<\/em> <em>legyen<\/em> <em>nyugtalan a sz\u00edvetek! Higgyetek az<\/em> <em>Istenben<\/em> <em>\u00e9s<\/em> <em>bennem<\/em><em> is higgyetek!\u201d (Jn 14,1)<\/em> <em>\u00a0<\/em><\/h5>\n<h5>\u00a0 \u00a0A h\u00e1tral\u00e9v\u0151 b\u00f6jti id\u0151szakban m\u00e9ly\u00edts\u00fck el \u00f6nmagunkban a b\u0171nb\u00e1n\u00f3 lelk\u00fcletet, hogy m\u00e9lt\u00f3k lehess\u00fcnk majdan a felt\u00e1mad\u00e1s \u00fcnnep\u00e9nek \u00f6r\u00f6m\u00e9t \u00e9s vil\u00e1goss\u00e1g\u00e1t a mindennapi \u00e9let\u00fcnkben is megtapasztalni!<\/h5>\n<h5><\/h5>\n<h5>\u00a0 \u00a0Im\u00e1ds\u00e1gos szeretettel: dr Szarka Gergely, parochus<\/h5>\n<p>&nbsp;<\/p>\n","protected":false},"excerpt":{"rendered":"<p>Kedves Els\u0151\u00e1ldoz\u00f3k! Kedves Sz\u00fcl\u0151k!<\/p>\n","protected":false},"author":3,"featured_media":0,"comment_status":"closed","ping_status":"closed","sticky":false,"template":"","format":"standard","meta":{"ngg_post_thumbnail":0},"categories":[1],"tags":[],"_links":{"self":[{"href":"http:\/\/csapokert.gorogkatolikus.hu\/index.php?rest_route=\/wp\/v2\/posts\/4736"}],"collection":[{"href":"http:\/\/csapokert.gorogkatolikus.hu\/index.php?rest_route=\/wp\/v2\/posts"}],"about":[{"href":"http:\/\/csapokert.gorogkatolikus.hu\/index.php?rest_route=\/wp\/v2\/types\/post"}],"author":[{"embeddable":true,"href":"http:\/\/csapokert.gorogkatolikus.hu\/index.php?rest_route=\/wp\/v2\/users\/3"}],"replies":[{"embeddable":true,"href":"http:\/\/csapokert.gorogkatolikus.hu\/index.php?rest_route=%2Fwp%2Fv2%2Fcomments&post=4736"}],"version-history":[{"count":5,"href":"http:\/\/csapokert.gorogkatolikus.hu\/index.php?rest_route=\/wp\/v2\/posts\/4736\/revisions"}],"predecessor-version":[{"id":4842,"href":"http:\/\/csapokert.gorogkatolikus.hu\/index.php?rest_route=\/wp\/v2\/posts\/4736\/revisions\/4842"}],"wp:attachment":[{"href":"http:\/\/csapokert.gorogkatolikus.hu\/index.php?rest_route=%2Fwp%2Fv2%2Fmedia&parent=4736"}],"wp:term":[{"taxonomy":"category","embeddable":true,"href":"http:\/\/csapokert.gorogkatolikus.hu\/index.php?rest_route=%2Fwp%2Fv2%2Fcategories&post=4736"},{"taxonomy":"post_tag","embeddable":true,"href":"http:\/\/csapokert.gorogkatolikus.hu\/index.php?rest_route=%2Fwp%2Fv2%2Ftags&post=4736"}],"curies":[{"name":"wp","href":"https:\/\/api.w.org\/{rel}","templated":true}]}}