{"id":4739,"date":"2020-03-14T15:15:58","date_gmt":"2020-03-14T15:15:58","guid":{"rendered":"http:\/\/csapokert.gorogkatolikus.hu\/?p=4739"},"modified":"2020-04-07T18:36:53","modified_gmt":"2020-04-07T18:36:53","slug":"gorogkatolikus-rendelkezes-a-templomi-szertartasokkal-kapcsolatban","status":"publish","type":"post","link":"http:\/\/csapokert.gorogkatolikus.hu\/?p=4739","title":{"rendered":"G\u00d6R\u00d6GKATOLIKUS RENDELKEZ\u00c9S A TEMPLOMI SZERTART\u00c1SOKKAL KAPCSOLATBAN"},"content":{"rendered":"<p>https:\/\/hd.gorogkatolikus.hu\/Gorogkatolikus-rendelkezes-a-templomi-szertartasokkal-kapcsolatban-2020-marcius-14<\/p>\n<pre class=\"leiras\">K\u00f6z\u00e9rdek\u0171 k\u00f6zlem\u00e9ny.\r\n<a href=\"http:\/\/csapokert.gorogkatolikus.hu\/wp-content\/uploads\/2020\/03\/metropol-pecs\u00e9t.png\"><img decoding=\"async\" loading=\"lazy\" class=\"alignleft  wp-image-4758\" src=\"http:\/\/csapokert.gorogkatolikus.hu\/wp-content\/uploads\/2020\/03\/metropol-pecs\u00e9t-300x300.png\" alt=\"\" width=\"180\" height=\"180\" srcset=\"http:\/\/csapokert.gorogkatolikus.hu\/wp-content\/uploads\/2020\/03\/metropol-pecs\u00e9t-300x300.png 300w, http:\/\/csapokert.gorogkatolikus.hu\/wp-content\/uploads\/2020\/03\/metropol-pecs\u00e9t-150x150.png 150w, http:\/\/csapokert.gorogkatolikus.hu\/wp-content\/uploads\/2020\/03\/metropol-pecs\u00e9t.png 440w\" sizes=\"(max-width: 180px) 100vw, 180px\" \/><\/a><\/pre>\n<div class=\"hirtest\">\n<pre>A koronav\u00edrus terjed\u00e9se miatti v\u00e9szhelyzetben a g\u00f6r\u00f6gkatolikus szertart\u00e1si rend\u00fcnk\u00f6n egyel\u0151re nem v\u00e1ltoztatunk.\r\n\r\nViszont arra sz\u00f3l\u00edtjuk f\u00f6l fert\u0151z\u00e9s\u00e9ben legink\u00e1bb vesz\u00e9lyeztetett szem\u00e9lyeket, beteg, gyenge immunrendszerrel rendelkez\u0151 illetve hatvan \u00e9vn\u00e9l id\u0151sebb h\u00edveinket, hogy a kock\u00e1zat cs\u00f6kkent\u00e9se \u00e9rdek\u00e9ben lehet\u0151leg otthonr\u00f3l kapcsol\u00f3djanak be a templomi szertart\u00e1sainkba.\r\n\r\nA debreceni f\u0151sz\u00e9kesegyh\u00e1zban, a m\u00e1riap\u00f3csi kegytemplomban \u00e9s a ny\u00edregyh\u00e1zi sz\u00e9kesegyh\u00e1zban elhelyezett kamer\u00e1nak k\u00f6sz\u00f6nhet\u0151en az ott foly\u00f3 szertart\u00e1sokat a vil\u00e1gh\u00e1l\u00f3n kereszt\u00fcl b\u00e1rki \u00e9l\u0151 ad\u00e1sban k\u00f6vetheti. A szent\u00e1ldoz\u00e1sra vonatkoz\u00f3 \u00e9s egy\u00e9b \u00f3vint\u00e9zked\u00e9sek tov\u00e1bbra is \u00e9rv\u00e9nyben vannak.<\/pre>\n<\/div>\n<p>Forr\u00e1s: hd.gorogkatolikus.hu<\/p>\n","protected":false},"excerpt":{"rendered":"<p>https:\/\/hd.gorogkatolikus.hu\/Gorogkatolikus-rendelkezes-a-templomi-szertartasokkal-kapcsolatban-2020-marcius-14 K\u00f6z\u00e9rdek\u0171 k\u00f6zlem\u00e9ny. A koronav\u00edrus terjed\u00e9se miatti v\u00e9szhelyzetben a g\u00f6r\u00f6gkatolikus szertart\u00e1si rend\u00fcnk\u00f6n egyel\u0151re nem v\u00e1ltoztatunk. Viszont arra sz\u00f3l\u00edtjuk f\u00f6l fert\u0151z\u00e9s\u00e9ben legink\u00e1bb vesz\u00e9lyeztetett szem\u00e9lyeket, beteg, gyenge immunrendszerrel rendelkez\u0151 illetve hatvan \u00e9vn\u00e9l id\u0151sebb h\u00edveinket, hogy a kock\u00e1zat cs\u00f6kkent\u00e9se \u00e9rdek\u00e9ben lehet\u0151leg otthonr\u00f3l kapcsol\u00f3djanak be a templomi szertart\u00e1sainkba. A debreceni f\u0151sz\u00e9kesegyh\u00e1zban, a m\u00e1riap\u00f3csi kegytemplomban \u00e9s a ny\u00edregyh\u00e1zi sz\u00e9kesegyh\u00e1zban elhelyezett [&hellip;]<\/p>\n","protected":false},"author":3,"featured_media":0,"comment_status":"closed","ping_status":"closed","sticky":false,"template":"","format":"standard","meta":{"ngg_post_thumbnail":0},"categories":[1],"tags":[],"_links":{"self":[{"href":"http:\/\/csapokert.gorogkatolikus.hu\/index.php?rest_route=\/wp\/v2\/posts\/4739"}],"collection":[{"href":"http:\/\/csapokert.gorogkatolikus.hu\/index.php?rest_route=\/wp\/v2\/posts"}],"about":[{"href":"http:\/\/csapokert.gorogkatolikus.hu\/index.php?rest_route=\/wp\/v2\/types\/post"}],"author":[{"embeddable":true,"href":"http:\/\/csapokert.gorogkatolikus.hu\/index.php?rest_route=\/wp\/v2\/users\/3"}],"replies":[{"embeddable":true,"href":"http:\/\/csapokert.gorogkatolikus.hu\/index.php?rest_route=%2Fwp%2Fv2%2Fcomments&post=4739"}],"version-history":[{"count":4,"href":"http:\/\/csapokert.gorogkatolikus.hu\/index.php?rest_route=\/wp\/v2\/posts\/4739\/revisions"}],"predecessor-version":[{"id":4829,"href":"http:\/\/csapokert.gorogkatolikus.hu\/index.php?rest_route=\/wp\/v2\/posts\/4739\/revisions\/4829"}],"wp:attachment":[{"href":"http:\/\/csapokert.gorogkatolikus.hu\/index.php?rest_route=%2Fwp%2Fv2%2Fmedia&parent=4739"}],"wp:term":[{"taxonomy":"category","embeddable":true,"href":"http:\/\/csapokert.gorogkatolikus.hu\/index.php?rest_route=%2Fwp%2Fv2%2Fcategories&post=4739"},{"taxonomy":"post_tag","embeddable":true,"href":"http:\/\/csapokert.gorogkatolikus.hu\/index.php?rest_route=%2Fwp%2Fv2%2Ftags&post=4739"}],"curies":[{"name":"wp","href":"https:\/\/api.w.org\/{rel}","templated":true}]}}