{"id":4757,"date":"2020-03-28T09:09:11","date_gmt":"2020-03-28T09:09:11","guid":{"rendered":"http:\/\/csapokert.gorogkatolikus.hu\/?p=4757"},"modified":"2020-03-28T09:09:11","modified_gmt":"2020-03-28T09:09:11","slug":"ujabb-rendelkezesek-a-templomi-szertartasokra-vonatkozoan","status":"publish","type":"post","link":"http:\/\/csapokert.gorogkatolikus.hu\/?p=4757","title":{"rendered":"\u00dajabb rendelkez\u00e9sek a templomi szertart\u00e1sokra vonatkoz\u00f3an"},"content":{"rendered":"<p>&nbsp;<\/p>\n<p><a href=\"http:\/\/csapokert.gorogkatolikus.hu\/wp-content\/uploads\/2020\/03\/metropol-pecs\u00e9t.png\"><img decoding=\"async\" loading=\"lazy\" class=\"alignleft  wp-image-4758\" src=\"http:\/\/csapokert.gorogkatolikus.hu\/wp-content\/uploads\/2020\/03\/metropol-pecs\u00e9t-300x300.png\" alt=\"\" width=\"153\" height=\"153\" srcset=\"http:\/\/csapokert.gorogkatolikus.hu\/wp-content\/uploads\/2020\/03\/metropol-pecs\u00e9t-300x300.png 300w, http:\/\/csapokert.gorogkatolikus.hu\/wp-content\/uploads\/2020\/03\/metropol-pecs\u00e9t-150x150.png 150w, http:\/\/csapokert.gorogkatolikus.hu\/wp-content\/uploads\/2020\/03\/metropol-pecs\u00e9t.png 440w\" sizes=\"(max-width: 153px) 100vw, 153px\" \/><\/a><\/p>\n<p>&nbsp;<\/p>\n<p>&nbsp;<\/p>\n<pre>A Keleti Kongreg\u00e1ci\u00f3 aj\u00e1nl\u00e1sa alapj\u00e1n k\u00e9sz\u00fclt leg\u00fajabb metrop\u00f3liai rendelkez\u00e9seket a k\u00f6vetkez\u0151 linkre kattintva lehet elolvasni:\u00a0\r\n\r\nhttps:\/\/hd.gorogkatolikus.hu\/Eloirasok-a-husveti-unneplesekhez-a-Keleti-Kongregacio-utmutatasai-szerint--2020-marcius-27<\/pre>\n<p>&nbsp;<\/p>\n","protected":false},"excerpt":{"rendered":"<p>&nbsp; &nbsp; &nbsp; A Keleti Kongreg\u00e1ci\u00f3 aj\u00e1nl\u00e1sa alapj\u00e1n k\u00e9sz\u00fclt leg\u00fajabb metrop\u00f3liai rendelkez\u00e9seket a k\u00f6vetkez\u0151 linkre kattintva lehet elolvasni:\u00a0 https:\/\/hd.gorogkatolikus.hu\/Eloirasok-a-husveti-unneplesekhez-a-Keleti-Kongregacio-utmutatasai-szerint&#8211;2020-marcius-27 &nbsp;<\/p>\n","protected":false},"author":3,"featured_media":0,"comment_status":"closed","ping_status":"closed","sticky":false,"template":"","format":"standard","meta":{"ngg_post_thumbnail":0},"categories":[1],"tags":[],"_links":{"self":[{"href":"http:\/\/csapokert.gorogkatolikus.hu\/index.php?rest_route=\/wp\/v2\/posts\/4757"}],"collection":[{"href":"http:\/\/csapokert.gorogkatolikus.hu\/index.php?rest_route=\/wp\/v2\/posts"}],"about":[{"href":"http:\/\/csapokert.gorogkatolikus.hu\/index.php?rest_route=\/wp\/v2\/types\/post"}],"author":[{"embeddable":true,"href":"http:\/\/csapokert.gorogkatolikus.hu\/index.php?rest_route=\/wp\/v2\/users\/3"}],"replies":[{"embeddable":true,"href":"http:\/\/csapokert.gorogkatolikus.hu\/index.php?rest_route=%2Fwp%2Fv2%2Fcomments&post=4757"}],"version-history":[{"count":4,"href":"http:\/\/csapokert.gorogkatolikus.hu\/index.php?rest_route=\/wp\/v2\/posts\/4757\/revisions"}],"predecessor-version":[{"id":4767,"href":"http:\/\/csapokert.gorogkatolikus.hu\/index.php?rest_route=\/wp\/v2\/posts\/4757\/revisions\/4767"}],"wp:attachment":[{"href":"http:\/\/csapokert.gorogkatolikus.hu\/index.php?rest_route=%2Fwp%2Fv2%2Fmedia&parent=4757"}],"wp:term":[{"taxonomy":"category","embeddable":true,"href":"http:\/\/csapokert.gorogkatolikus.hu\/index.php?rest_route=%2Fwp%2Fv2%2Fcategories&post=4757"},{"taxonomy":"post_tag","embeddable":true,"href":"http:\/\/csapokert.gorogkatolikus.hu\/index.php?rest_route=%2Fwp%2Fv2%2Ftags&post=4757"}],"curies":[{"name":"wp","href":"https:\/\/api.w.org\/{rel}","templated":true}]}}