{"id":4768,"date":"2020-03-28T09:39:09","date_gmt":"2020-03-28T09:39:09","guid":{"rendered":"http:\/\/csapokert.gorogkatolikus.hu\/?p=4768"},"modified":"2020-03-28T09:39:09","modified_gmt":"2020-03-28T09:39:09","slug":"online-szertartasok","status":"publish","type":"post","link":"http:\/\/csapokert.gorogkatolikus.hu\/?p=4768","title":{"rendered":"Online szertart\u00e1sok"},"content":{"rendered":"<p>Kedves Testv\u00e9rek!<\/p>\n<pre><a href=\"http:\/\/csapokert.gorogkatolikus.hu\/wp-content\/uploads\/2020\/03\/Censer1.jpg\"><img decoding=\"async\" loading=\"lazy\" class=\"alignleft size-medium wp-image-4769\" src=\"http:\/\/csapokert.gorogkatolikus.hu\/wp-content\/uploads\/2020\/03\/Censer1-300x259.jpg\" alt=\"\" width=\"300\" height=\"259\" srcset=\"http:\/\/csapokert.gorogkatolikus.hu\/wp-content\/uploads\/2020\/03\/Censer1-300x259.jpg 300w, http:\/\/csapokert.gorogkatolikus.hu\/wp-content\/uploads\/2020\/03\/Censer1.jpg 369w\" sizes=\"(max-width: 300px) 100vw, 300px\" \/><\/a><\/pre>\n<p>A h\u00e1tral\u00e9v\u0151 b\u00f6jti- \u00e9s a nemsok\u00e1ra elkezd\u0151d\u0151 h\u00fasv\u00e9ti id\u0151szakban szeretn\u00e9nk a templomunk szertart\u00e1sait az interneten mindenki sz\u00e1m\u00e1ra el\u00e9rhet\u0151v\u00e9 tenni. L\u00e9trehoztunk egy k\u00fcl\u00f6n z\u00e1rt Facebook-csoportot, ahol csak a szertart\u00e1sokat lehet megtekinteni. Ebbe a csoportba m\u00e1r mindenkit megh\u00edvtunk. Ha valaki nem rendelkezne Facebook-kal, az k\u00e9rj\u00fck jelezze a csapogorkat@gmail.com c\u00edmen. Ebben az esetben majd direkt linket fogunk k\u00fcldeni.<\/p>\n<p>A szertart\u00e1sok sz\u00f6vegeit hamarosan let\u00f6lthet\u0151 form\u00e1tumban is k\u00f6zz\u00e9 fogjuk tenni, hogy minden kedves h\u00edv\u00fcnk az im\u00e1dkoz\u00e1sba otthonr\u00f3l s be tudjon kapcsol\u00f3dni.<\/p>\n<p>B\u0171nb\u00e1natban \u00e9s a b\u00f6jt\u00f6l\u00e9s gy\u00fcm\u00f6lcseiben gazdag im\u00e1ds\u00e1gos nagyb\u00f6jt\u00f6t k\u00edv\u00e1nunk minden kedves testv\u00e9r\u00fcnknek.<\/p>\n<p>&nbsp;<\/p>\n<p>Dics\u0151s\u00e9g J\u00e9zus Krisztusnak!<\/p>\n","protected":false},"excerpt":{"rendered":"<p>Kedves Testv\u00e9rek! A h\u00e1tral\u00e9v\u0151 b\u00f6jti- \u00e9s a nemsok\u00e1ra elkezd\u0151d\u0151 h\u00fasv\u00e9ti id\u0151szakban szeretn\u00e9nk a templomunk szertart\u00e1sait az interneten mindenki sz\u00e1m\u00e1ra el\u00e9rhet\u0151v\u00e9 tenni. L\u00e9trehoztunk egy k\u00fcl\u00f6n z\u00e1rt Facebook-csoportot, ahol csak a szertart\u00e1sokat lehet megtekinteni. Ebbe a csoportba m\u00e1r mindenkit megh\u00edvtunk. Ha valaki nem rendelkezne Facebook-kal, az k\u00e9rj\u00fck jelezze a csapogorkat@gmail.com c\u00edmen. Ebben az esetben majd direkt linket [&hellip;]<\/p>\n","protected":false},"author":3,"featured_media":0,"comment_status":"closed","ping_status":"closed","sticky":false,"template":"","format":"standard","meta":{"ngg_post_thumbnail":0},"categories":[1],"tags":[],"_links":{"self":[{"href":"http:\/\/csapokert.gorogkatolikus.hu\/index.php?rest_route=\/wp\/v2\/posts\/4768"}],"collection":[{"href":"http:\/\/csapokert.gorogkatolikus.hu\/index.php?rest_route=\/wp\/v2\/posts"}],"about":[{"href":"http:\/\/csapokert.gorogkatolikus.hu\/index.php?rest_route=\/wp\/v2\/types\/post"}],"author":[{"embeddable":true,"href":"http:\/\/csapokert.gorogkatolikus.hu\/index.php?rest_route=\/wp\/v2\/users\/3"}],"replies":[{"embeddable":true,"href":"http:\/\/csapokert.gorogkatolikus.hu\/index.php?rest_route=%2Fwp%2Fv2%2Fcomments&post=4768"}],"version-history":[{"count":2,"href":"http:\/\/csapokert.gorogkatolikus.hu\/index.php?rest_route=\/wp\/v2\/posts\/4768\/revisions"}],"predecessor-version":[{"id":4771,"href":"http:\/\/csapokert.gorogkatolikus.hu\/index.php?rest_route=\/wp\/v2\/posts\/4768\/revisions\/4771"}],"wp:attachment":[{"href":"http:\/\/csapokert.gorogkatolikus.hu\/index.php?rest_route=%2Fwp%2Fv2%2Fmedia&parent=4768"}],"wp:term":[{"taxonomy":"category","embeddable":true,"href":"http:\/\/csapokert.gorogkatolikus.hu\/index.php?rest_route=%2Fwp%2Fv2%2Fcategories&post=4768"},{"taxonomy":"post_tag","embeddable":true,"href":"http:\/\/csapokert.gorogkatolikus.hu\/index.php?rest_route=%2Fwp%2Fv2%2Ftags&post=4768"}],"curies":[{"name":"wp","href":"https:\/\/api.w.org\/{rel}","templated":true}]}}