{"id":4774,"date":"2020-03-31T20:40:06","date_gmt":"2020-03-31T20:40:06","guid":{"rendered":"http:\/\/csapokert.gorogkatolikus.hu\/?p=4774"},"modified":"2020-03-31T20:45:15","modified_gmt":"2020-03-31T20:45:15","slug":"nagyheti-szertartasok-szovege","status":"publish","type":"post","link":"http:\/\/csapokert.gorogkatolikus.hu\/?p=4774","title":{"rendered":"Nagyheti szertart\u00e1sok sz\u00f6vege"},"content":{"rendered":"<p><a href=\"http:\/\/csapokert.gorogkatolikus.hu\/wp-content\/uploads\/2020\/03\/kotta.jpg\"><img decoding=\"async\" loading=\"lazy\" class=\"alignleft  wp-image-4779\" src=\"http:\/\/csapokert.gorogkatolikus.hu\/wp-content\/uploads\/2020\/03\/kotta-190x300.jpg\" alt=\"\" width=\"167\" height=\"264\" srcset=\"http:\/\/csapokert.gorogkatolikus.hu\/wp-content\/uploads\/2020\/03\/kotta-190x300.jpg 190w, http:\/\/csapokert.gorogkatolikus.hu\/wp-content\/uploads\/2020\/03\/kotta-768x1211.jpg 768w, http:\/\/csapokert.gorogkatolikus.hu\/wp-content\/uploads\/2020\/03\/kotta-649x1024.jpg 649w, http:\/\/csapokert.gorogkatolikus.hu\/wp-content\/uploads\/2020\/03\/kotta-634x1000.jpg 634w, http:\/\/csapokert.gorogkatolikus.hu\/wp-content\/uploads\/2020\/03\/kotta-924x1457.jpg 924w, http:\/\/csapokert.gorogkatolikus.hu\/wp-content\/uploads\/2020\/03\/kotta.jpg 960w\" sizes=\"(max-width: 167px) 100vw, 167px\" \/><\/a><\/p>\n<p>&nbsp;<\/p>\n<h6>Szeretettel tessz\u00fck k\u00f6zz\u00e9 az al\u00e1bbi linkeken a nagyheti szertart\u00e1sok \u00e9s a felt\u00e1mad\u00e1si szertart\u00e1s sz\u00f6veg\u00e9t. Biztatunk egyben mindenkit a b\u00f6jt komolyan v\u00e9tel\u00e9re \u00e9s az Anyaszentegyh\u00e1z hat\u00e1rokat nem ismer\u0151 Istenim\u00e1d\u00e1s\u00e1ba otthonr\u00f3l t\u00f6rt\u00e9n\u0151 bekapcsol\u00f3d\u00e1sra.<\/h6>\n<h6><\/h6>\n<h6><a href=\"http:\/\/csapokert.gorogkatolikus.hu\/wp-content\/uploads\/2020\/03\/Nagyhe\u0301t-szo\u0308vegei-2020.04.08.-a-kiadott-k\u00f6nyv-alapj\u00e1n.docx\">Nagyhe\u0301t szo\u0308vegei, 2020.04.08. a kiadott k\u00f6nyv alapj\u00e1n<\/a><\/h6>\n<h6><\/h6>\n<h6><a href=\"http:\/\/csapokert.gorogkatolikus.hu\/wp-content\/uploads\/2020\/03\/Felt\u00e1mad\u00e1si-szertart\u00e1s-sz\u00f6vegei-az-\u00c9nekesk\u00f6nyv-szerint.docx\">Felt\u00e1mad\u00e1si szertart\u00e1s sz\u00f6vegei az \u00c9nekesk\u00f6nyv szerint<\/a><\/h6>\n","protected":false},"excerpt":{"rendered":"<p>&nbsp; Szeretettel tessz\u00fck k\u00f6zz\u00e9 az al\u00e1bbi linkeken a nagyheti szertart\u00e1sok \u00e9s a felt\u00e1mad\u00e1si szertart\u00e1s sz\u00f6veg\u00e9t. Biztatunk egyben mindenkit a b\u00f6jt komolyan v\u00e9tel\u00e9re \u00e9s az Anyaszentegyh\u00e1z hat\u00e1rokat nem ismer\u0151 Istenim\u00e1d\u00e1s\u00e1ba otthonr\u00f3l t\u00f6rt\u00e9n\u0151 bekapcsol\u00f3d\u00e1sra. Nagyhe\u0301t szo\u0308vegei, 2020.04.08. a kiadott k\u00f6nyv alapj\u00e1n Felt\u00e1mad\u00e1si szertart\u00e1s sz\u00f6vegei az \u00c9nekesk\u00f6nyv szerint<\/p>\n","protected":false},"author":3,"featured_media":0,"comment_status":"closed","ping_status":"closed","sticky":false,"template":"","format":"standard","meta":{"ngg_post_thumbnail":0},"categories":[1],"tags":[],"_links":{"self":[{"href":"http:\/\/csapokert.gorogkatolikus.hu\/index.php?rest_route=\/wp\/v2\/posts\/4774"}],"collection":[{"href":"http:\/\/csapokert.gorogkatolikus.hu\/index.php?rest_route=\/wp\/v2\/posts"}],"about":[{"href":"http:\/\/csapokert.gorogkatolikus.hu\/index.php?rest_route=\/wp\/v2\/types\/post"}],"author":[{"embeddable":true,"href":"http:\/\/csapokert.gorogkatolikus.hu\/index.php?rest_route=\/wp\/v2\/users\/3"}],"replies":[{"embeddable":true,"href":"http:\/\/csapokert.gorogkatolikus.hu\/index.php?rest_route=%2Fwp%2Fv2%2Fcomments&post=4774"}],"version-history":[{"count":3,"href":"http:\/\/csapokert.gorogkatolikus.hu\/index.php?rest_route=\/wp\/v2\/posts\/4774\/revisions"}],"predecessor-version":[{"id":4778,"href":"http:\/\/csapokert.gorogkatolikus.hu\/index.php?rest_route=\/wp\/v2\/posts\/4774\/revisions\/4778"}],"wp:attachment":[{"href":"http:\/\/csapokert.gorogkatolikus.hu\/index.php?rest_route=%2Fwp%2Fv2%2Fmedia&parent=4774"}],"wp:term":[{"taxonomy":"category","embeddable":true,"href":"http:\/\/csapokert.gorogkatolikus.hu\/index.php?rest_route=%2Fwp%2Fv2%2Fcategories&post=4774"},{"taxonomy":"post_tag","embeddable":true,"href":"http:\/\/csapokert.gorogkatolikus.hu\/index.php?rest_route=%2Fwp%2Fv2%2Ftags&post=4774"}],"curies":[{"name":"wp","href":"https:\/\/api.w.org\/{rel}","templated":true}]}}