{"id":4830,"date":"2020-04-08T11:08:12","date_gmt":"2020-04-08T11:08:12","guid":{"rendered":"http:\/\/csapokert.gorogkatolikus.hu\/?p=4830"},"modified":"2020-04-08T11:08:12","modified_gmt":"2020-04-08T11:08:12","slug":"elo-kozvetitesek-rendje","status":"publish","type":"post","link":"http:\/\/csapokert.gorogkatolikus.hu\/?p=4830","title":{"rendered":"\u00c9l\u0151 k\u00f6zvet\u00edt\u00e9sek rendje:"},"content":{"rendered":"<ul>\n<li>\n<pre>Nagyszerda, El\u0151szenteltek liturgi\u00e1ja: 18.00<\/pre>\n<\/li>\n<li>\n<pre>Nagyp\u00e9ntek, S\u00edrbat\u00e9teli vecsernye 18.00<\/pre>\n<\/li>\n<li class=\"text_exposed_show\">\n<pre>H\u00fasv\u00e9tvas\u00e1rnap, Felt\u00e1mad\u00e1s: 6.00;\r\n\u00a0 \u00a0 \u00a0 \u00a0 \u00a0 \u00a0 \u00a0 \u00a0 Szent Liturgia: 9.30<\/pre>\n<\/li>\n<li class=\"text_exposed_show\">\n<pre>El\u00e9rhet\u0151:<\/pre>\n<\/li>\n<\/ul>\n<pre>https:\/\/www.facebook.com\/csapogorkat\/<\/pre>\n","protected":false},"excerpt":{"rendered":"<p>Nagyszerda, El\u0151szenteltek liturgi\u00e1ja: 18.00 Nagyp\u00e9ntek, S\u00edrbat\u00e9teli vecsernye 18.00 H\u00fasv\u00e9tvas\u00e1rnap, Felt\u00e1mad\u00e1s: 6.00; \u00a0 \u00a0 \u00a0 \u00a0 \u00a0 \u00a0 \u00a0 \u00a0 Szent Liturgia: 9.30 El\u00e9rhet\u0151: https:\/\/www.facebook.com\/csapogorkat\/<\/p>\n","protected":false},"author":3,"featured_media":0,"comment_status":"closed","ping_status":"closed","sticky":false,"template":"","format":"standard","meta":{"ngg_post_thumbnail":0},"categories":[1],"tags":[],"_links":{"self":[{"href":"http:\/\/csapokert.gorogkatolikus.hu\/index.php?rest_route=\/wp\/v2\/posts\/4830"}],"collection":[{"href":"http:\/\/csapokert.gorogkatolikus.hu\/index.php?rest_route=\/wp\/v2\/posts"}],"about":[{"href":"http:\/\/csapokert.gorogkatolikus.hu\/index.php?rest_route=\/wp\/v2\/types\/post"}],"author":[{"embeddable":true,"href":"http:\/\/csapokert.gorogkatolikus.hu\/index.php?rest_route=\/wp\/v2\/users\/3"}],"replies":[{"embeddable":true,"href":"http:\/\/csapokert.gorogkatolikus.hu\/index.php?rest_route=%2Fwp%2Fv2%2Fcomments&post=4830"}],"version-history":[{"count":3,"href":"http:\/\/csapokert.gorogkatolikus.hu\/index.php?rest_route=\/wp\/v2\/posts\/4830\/revisions"}],"predecessor-version":[{"id":4833,"href":"http:\/\/csapokert.gorogkatolikus.hu\/index.php?rest_route=\/wp\/v2\/posts\/4830\/revisions\/4833"}],"wp:attachment":[{"href":"http:\/\/csapokert.gorogkatolikus.hu\/index.php?rest_route=%2Fwp%2Fv2%2Fmedia&parent=4830"}],"wp:term":[{"taxonomy":"category","embeddable":true,"href":"http:\/\/csapokert.gorogkatolikus.hu\/index.php?rest_route=%2Fwp%2Fv2%2Fcategories&post=4830"},{"taxonomy":"post_tag","embeddable":true,"href":"http:\/\/csapokert.gorogkatolikus.hu\/index.php?rest_route=%2Fwp%2Fv2%2Ftags&post=4830"}],"curies":[{"name":"wp","href":"https:\/\/api.w.org\/{rel}","templated":true}]}}