{"id":4834,"date":"2020-04-09T15:01:05","date_gmt":"2020-04-09T15:01:05","guid":{"rendered":"http:\/\/csapokert.gorogkatolikus.hu\/?p=4834"},"modified":"2020-04-10T07:30:50","modified_gmt":"2020-04-10T07:30:50","slug":"nagycsutortok-az-utolso-vacsora-es-jezus-krisztus-kinszenvedesenek-a-kezdete","status":"publish","type":"post","link":"http:\/\/csapokert.gorogkatolikus.hu\/?p=4834","title":{"rendered":"Nagycs\u00fct\u00f6rt\u00f6k, Az utols\u00f3 vacsora \u00e9s J\u00e9zus Krisztus k\u00ednszenved\u00e9s\u00e9nek a kezdete"},"content":{"rendered":"<p><a href=\"http:\/\/csapokert.gorogkatolikus.hu\/wp-content\/uploads\/2020\/04\/jesus-gets.jpg\"><img decoding=\"async\" loading=\"lazy\" class=\"alignleft  wp-image-4838\" src=\"http:\/\/csapokert.gorogkatolikus.hu\/wp-content\/uploads\/2020\/04\/jesus-gets-193x300.jpg\" alt=\"\" width=\"125\" height=\"195\" srcset=\"http:\/\/csapokert.gorogkatolikus.hu\/wp-content\/uploads\/2020\/04\/jesus-gets-193x300.jpg 193w, http:\/\/csapokert.gorogkatolikus.hu\/wp-content\/uploads\/2020\/04\/jesus-gets-768x1192.jpg 768w, http:\/\/csapokert.gorogkatolikus.hu\/wp-content\/uploads\/2020\/04\/jesus-gets-660x1024.jpg 660w, http:\/\/csapokert.gorogkatolikus.hu\/wp-content\/uploads\/2020\/04\/jesus-gets-634x984.jpg 634w, http:\/\/csapokert.gorogkatolikus.hu\/wp-content\/uploads\/2020\/04\/jesus-gets-924x1434.jpg 924w, http:\/\/csapokert.gorogkatolikus.hu\/wp-content\/uploads\/2020\/04\/jesus-gets.jpg 1215w\" sizes=\"(max-width: 125px) 100vw, 125px\" \/><\/a>A k\u00f6vetkez\u0151 diavet\u00edt\u00e9s \u00e9rz\u00e9kletes seg\u00edts\u00e9get ny\u00fajthat a k\u00e9pz\u0151 \u00e9s filmm\u0171v\u00e9szet alkot\u00e1saival, hogy l\u00e9lekben k\u00f6zelebb ker\u00fclhess\u00fcnk az \u00dar \u00e9rt\u00fcnk v\u00e1llalt szenved\u00e9seihez.\u00a0(Megnyit\u00e1shoz erre a linkre kell klikkelni:\u00a0\u00a0<a href=\"http:\/\/csapokert.gorogkatolikus.hu\/wp-content\/uploads\/2020\/04\/K\u00ednszenved\u00e9s-honlapra.ppt\">K\u00ednszenved\u00e9s honlapra<\/a>\u00a0\u00a0<em>\u00a0&#8222;<\/em><strong>Csak olvas\u00e1sra<\/strong><em>&#8222;<\/em> gombot v\u00e1lasztani. A Powerpointban a fels\u0151 men\u00fcsorban a &#8222;<strong>Diavet\u00edt\u00e9s&#8221;<\/strong>-re kattintani, majd alatta az els\u0151 ikonnal, &#8222;<strong>Az elej\u00e9t\u0151l<\/strong>&#8221; ind\u00edtani.)<\/p>\n","protected":false},"excerpt":{"rendered":"<p>A k\u00f6vetkez\u0151 diavet\u00edt\u00e9s \u00e9rz\u00e9kletes seg\u00edts\u00e9get ny\u00fajthat a k\u00e9pz\u0151 \u00e9s filmm\u0171v\u00e9szet alkot\u00e1saival, hogy l\u00e9lekben k\u00f6zelebb ker\u00fclhess\u00fcnk az \u00dar \u00e9rt\u00fcnk v\u00e1llalt szenved\u00e9seihez.\u00a0(Megnyit\u00e1shoz erre a linkre kell klikkelni:\u00a0\u00a0K\u00ednszenved\u00e9s honlapra\u00a0\u00a0\u00a0&#8222;Csak olvas\u00e1sra&#8222; gombot v\u00e1lasztani. A Powerpointban a fels\u0151 men\u00fcsorban a &#8222;Diavet\u00edt\u00e9s&#8221;-re kattintani, majd alatta az els\u0151 ikonnal, &#8222;Az elej\u00e9t\u0151l&#8221; ind\u00edtani.)<\/p>\n","protected":false},"author":3,"featured_media":0,"comment_status":"closed","ping_status":"closed","sticky":false,"template":"","format":"standard","meta":{"ngg_post_thumbnail":0},"categories":[1],"tags":[],"_links":{"self":[{"href":"http:\/\/csapokert.gorogkatolikus.hu\/index.php?rest_route=\/wp\/v2\/posts\/4834"}],"collection":[{"href":"http:\/\/csapokert.gorogkatolikus.hu\/index.php?rest_route=\/wp\/v2\/posts"}],"about":[{"href":"http:\/\/csapokert.gorogkatolikus.hu\/index.php?rest_route=\/wp\/v2\/types\/post"}],"author":[{"embeddable":true,"href":"http:\/\/csapokert.gorogkatolikus.hu\/index.php?rest_route=\/wp\/v2\/users\/3"}],"replies":[{"embeddable":true,"href":"http:\/\/csapokert.gorogkatolikus.hu\/index.php?rest_route=%2Fwp%2Fv2%2Fcomments&post=4834"}],"version-history":[{"count":4,"href":"http:\/\/csapokert.gorogkatolikus.hu\/index.php?rest_route=\/wp\/v2\/posts\/4834\/revisions"}],"predecessor-version":[{"id":4840,"href":"http:\/\/csapokert.gorogkatolikus.hu\/index.php?rest_route=\/wp\/v2\/posts\/4834\/revisions\/4840"}],"wp:attachment":[{"href":"http:\/\/csapokert.gorogkatolikus.hu\/index.php?rest_route=%2Fwp%2Fv2%2Fmedia&parent=4834"}],"wp:term":[{"taxonomy":"category","embeddable":true,"href":"http:\/\/csapokert.gorogkatolikus.hu\/index.php?rest_route=%2Fwp%2Fv2%2Fcategories&post=4834"},{"taxonomy":"post_tag","embeddable":true,"href":"http:\/\/csapokert.gorogkatolikus.hu\/index.php?rest_route=%2Fwp%2Fv2%2Ftags&post=4834"}],"curies":[{"name":"wp","href":"https:\/\/api.w.org\/{rel}","templated":true}]}}