{"id":4845,"date":"2020-05-05T10:20:42","date_gmt":"2020-05-05T10:20:42","guid":{"rendered":"http:\/\/csapokert.gorogkatolikus.hu\/?p=4845"},"modified":"2020-05-05T10:20:42","modified_gmt":"2020-05-05T10:20:42","slug":"a-gorogkatolikus-metropolia-kozlemenye-2020-05-01","status":"publish","type":"post","link":"http:\/\/csapokert.gorogkatolikus.hu\/?p=4845","title":{"rendered":"A G\u00f6r\u00f6gkatolikus Metrop\u00f3lia K\u00f6zlem\u00e9nye, 2020.05.01."},"content":{"rendered":"<h6 class=\"leiras\"><a href=\"http:\/\/csapokert.gorogkatolikus.hu\/wp-content\/uploads\/2020\/03\/metropol-pecs\u00e9t.png\"><img decoding=\"async\" loading=\"lazy\" class=\"alignleft size-thumbnail wp-image-4758\" src=\"http:\/\/csapokert.gorogkatolikus.hu\/wp-content\/uploads\/2020\/03\/metropol-pecs\u00e9t-150x150.png\" alt=\"\" width=\"150\" height=\"150\" srcset=\"http:\/\/csapokert.gorogkatolikus.hu\/wp-content\/uploads\/2020\/03\/metropol-pecs\u00e9t-150x150.png 150w, http:\/\/csapokert.gorogkatolikus.hu\/wp-content\/uploads\/2020\/03\/metropol-pecs\u00e9t-300x300.png 300w, http:\/\/csapokert.gorogkatolikus.hu\/wp-content\/uploads\/2020\/03\/metropol-pecs\u00e9t.png 440w\" sizes=\"(max-width: 150px) 100vw, 150px\" \/><\/a>A G\u00f6r\u00f6gkatolikus Metrop\u00f3lia a m\u00f3dos\u00edtott \u00e1llami rendelkez\u00e9sek nyom\u00e1n 2020. m\u00e1jus 4-ei hat\u00e1llyal a k\u00f6vetkez\u0151ket rendeli el.<\/h6>\n<p>Az \u00e1prilis 30-\u00e1n megjelent korm\u00e1nyhat\u00e1rozat \u00e9rtelm\u00e9ben imm\u00e1r nagyobb lehet\u0151s\u00e9g ny\u00edlik arra, hogy templomainkat \u2013 egyel\u0151re Budapestet \u00e9s Pest megy\u00e9t kiv\u00e9ve \u2013 a szertart\u00e1sok alatt is nyitva tartsuk. Arra tov\u00e1bbra is nagy gonddal \u00fcgyelni kell, hogy a szertart\u00e1sokon r\u00e9sztvev\u0151k mindig tudj\u00e1k tartani az egym\u00e1st\u00f3l el\u0151\u00edrt t\u00e1vols\u00e1got. Ez adott esetben a templomba bel\u00e9p\u0151k l\u00e9tsz\u00e1m\u00e1t is korl\u00e1tozhatja, amelynek fel\u00fcgyelete \u00e9s megszervez\u00e9se az adott hely par\u00f3kus\u00e1nak feladata. A par\u00f3kus saj\u00e1t hat\u00e1sk\u00f6r\u00e9ben d\u00f6ntheti el, hogy hogyan szervezi meg biztons\u00e1ggal a szertart\u00e1sok l\u00e1togathat\u00f3s\u00e1g\u00e1t. Amennyiben ak\u00e1r saj\u00e1t kora, eg\u00e9szs\u00e9g\u00fcgyi \u00e1llapota, ak\u00e1r a par\u00f3ki\u00e1nak eg\u00e9szs\u00e9g\u00fcgyi vagy szoci\u00e1lis helyzete \u00fagy k\u00edv\u00e1nja, a kiadott egyh\u00e1zi rendelkez\u00e9sen szigor\u00edthat vagy enyh\u00edthet. De mindenk\u00e9ppen meg kell tartani a kiadott \u00e1llami rendelkez\u00e9seket. A templomokban minden esetben biztos\u00edtani kell a sz\u00fcks\u00e9ges fert\u0151tlen\u00edt\u00e9st (padok, kilincsek, stb. takar\u00edt\u00e1sa), a bel\u00e9p\u0151k sz\u00e1m\u00e1ra a fert\u0151tlen\u00edt\u0151 szer \u00e9s a v\u00e9d\u0151maszkok haszn\u00e1lat\u00e1t!<\/p>\n<h6><!--more--><\/h6>\n<h6>Az Eucharisztikus Liturgi\u00e1k v\u00e9gz\u00e9se sor\u00e1n tov\u00e1bbra is nagy gonddal \u00fcgyelni kell arra, hogy \u00e1ldoztat\u00e1s sor\u00e1n is megtartsuk a sz\u00fcks\u00e9ges \u00f3vint\u00e9zked\u00e9seket. Egyel\u0151re tov\u00e1bbra sem szabad ugyanazzal a kan\u00e1llal meg\u00e1ldoztatni t\u00f6bb h\u00edv\u0151t. Ugyanakkor a t\u00f6bb kan\u00e1l haszn\u00e1lat\u00e1n\u00e1l a legnagyobb gondoss\u00e1ggal kell arra is \u00fcgyelni, hogy a Szents\u00e9get se \u00e9rje semmilyen m\u00e9ltatlan b\u00e1n\u00e1sm\u00f3d. A haszn\u00e1lt kanalak els\u0151 tiszt\u00edt\u00e1sa, \u00f6bl\u00edt\u00e9se a pap vagy diak\u00f3nus feladata, majd azok kif\u0151z\u00e9s\u00e9t, fert\u0151tlen\u00edt\u00e9s\u00e9t m\u00e1s is v\u00e9gezheti.<\/h6>\n<h6>Minthogy bizonyos m\u00e9rt\u00e9kben nagyobb lehet\u0151s\u00e9g ny\u00edlik a templomi szertart\u00e1sok l\u00e1togat\u00e1s\u00e1ra, m\u00e1r most haszn\u00e1ljuk ki ennek lehet\u0151s\u00e9g\u00e9t arra, hogy buzd\u00edtsuk \u00e9s seg\u00edts\u00fck h\u00edveinket a szentgy\u00f3n\u00e1suk \u00e9s szent\u00e1ldoz\u00e1suk elv\u00e9gz\u00e9s\u00e9re. Am\u00edg a rendk\u00edv\u00fcli helyzet tart, tov\u00e1bbra is lehet\u0151s\u00e9g van a szertart\u00e1son k\u00edv\u00fcli is r\u00e9szes\u00fclni az Euchariszti\u00e1ban. Ennek megszervez\u00e9sekor mind a teol\u00f3giai-lelkis\u00e9gi szempontokra, mind pedig az eg\u00e9szs\u00e9g\u00fcgyi el\u0151\u00edr\u00e1sok megtart\u00e1s\u00e1ra \u00fcgyelni kell.<\/h6>\n<h6>K\u00fcl\u00f6n figyelemmel rendelkez\u00fcnk a m\u00e1riap\u00f3csi kegyhely l\u00e1togat\u00e1s\u00e1r\u00f3l. Az \u00faj helyzetben, m\u00e1jus 4-\u00e9t\u0151l nyitva lesz a kegytemplom a szertart\u00e1sok alatt is. Ugyanakkor bent a templomban egyszerre legf\u00f6ljebb \u00f6tven ember tart\u00f3zkodhat. Akik esetleg ebbe a l\u00e9tsz\u00e1mba nem f\u00e9rnek bele, azoknak meg\u00e9rt\u00e9s\u00e9t k\u00e9rj\u00fck. \u0150k a templomkertb\u0151l hallva az \u00e9nekeket tudnak bekapcsol\u00f3dni a bent foly\u00f3 szertart\u00e1sba. Mind a benti, mind a kinti elhelyezked\u00e9sn\u00e9l meg kell tartani a szem\u00e9lyek, illetve csal\u00e1dok k\u00f6z\u00f6tti megfelel\u0151 t\u00e1vols\u00e1got. A Kegyk\u00e9phez a templom k\u00fcls\u0151 bej\u00e1ratait haszn\u00e1lva lehet f\u00f6lmenni, de nincs lehet\u0151s\u00e9g az erekly\u00e9t megcs\u00f3kolni. Ezen a ny\u00e1ron Nagyboldogasszony napj\u00e1ig M\u00e1riap\u00f3cson nem tartunk b\u00facs\u00fai \u00fcnnepeket.<\/h6>\n<h6>A sokak sz\u00e1m\u00e1ra hi\u00e1nyosnak t\u0171n\u0151 f\u00f6lt\u00e1mad\u00e1si \u00fcnnepl\u00e9snek mintegy p\u00f3tl\u00e1s\u00e1ra enged\u00e9lyezz\u00fck \u00e9s javasoljuk a h\u00fasv\u00e9ti szertart\u00e1s \u00faj\u00f3lag val\u00f3 megtart\u00e1s\u00e1t. Erre tipik\u00e1lis lehet\u0151s\u00e9get ny\u00fajt az \u00fcnnepfelez\u00e9s (m\u00e1jus 6.) \u00e9s az \u00fcnnepz\u00e1r\u00e1s (m\u00e1jus 20.). Ezen a k\u00e9t napon lehet\u0151s\u00e9g van a teljes h\u00fasv\u00e9ti szertart\u00e1s elv\u00e9gz\u00e9s\u00e9re, ahogy arra a napra a vecsernye, az utrenye, az ima\u00f3r\u00e1k \u00e9s a Szent Liturgia v\u00e9gz\u00e9se el\u0151 van \u00edrva.<\/h6>\n<h6>A keresztel\u00e9s, esket\u00e9s, temet\u00e9s szertart\u00e1saira az \u00fajabb rendelkez\u00e9sek \u00e9rtelm\u00e9ben nagyobb lehet\u0151s\u00e9geink vannak, ugyanakkor tov\u00e1bbra is \u00fcgyelj\u00fcnk az el\u0151\u00edrt \u00f3vint\u00e9zked\u00e9sek (szem\u00e9lyekt\u0151l val\u00f3 megfelel\u0151 t\u00e1vols\u00e1g, fert\u0151tlen\u00edt\u00e9s, v\u00e9d\u0151maszkok haszn\u00e1lata, stb.) megtart\u00e1s\u00e1ra. Tov\u00e1bbra is t\u00f6rekedj\u00fcnk a min\u00e9l kisebb l\u00e9tsz\u00e1mban \u00fcnnepelt szertart\u00e1sokra, az id\u0151sek \u00e9s betegek lehet\u0151leg egy\u00e1ltal\u00e1n ne vegyenek r\u00e9szt ezeken.<\/h6>\n<h6>Az id\u0151s \u00e9s b\u00e1rmi m\u00e1s ok miatt fokozottabban vesz\u00e9lyeztetett testv\u00e9reinket arra k\u00e9rj\u00fck, hogy tov\u00e1bbra is maradjanak otthon, \u00e9s l\u00e9lekben kapcsol\u00f3djanak bele a k\u00f6z\u00f6s im\u00e1ds\u00e1gainkba. Az \u0151 im\u00e1ds\u00e1gaikra k\u00fcl\u00f6n\u00f6sen is nagy sz\u00fcks\u00e9g\u00fcnk van mindny\u00e1junknak, teh\u00e1t, ha az \u0151 \u00e9rdek\u00fckben t\u00e1volmarad\u00e1sra kell is k\u00e9rn\u00fcnk \u0151ket, minden m\u00f3don \u2013 fizikai \u00e9s lelki \u00e9rtelemben egyar\u00e1nt \u2013 legy\u00fcnk a seg\u00edts\u00e9g\u00fckre!<\/h6>\n<h6>A G\u00f6r\u00f6gkatolikus Szemle \u00fajs\u00e1gunk \u00e1prilisi \u00e9s m\u00e1jusi sz\u00e1m\u00e1t ingyeness\u00e9 tett\u00fck, mivel minden bizonnyal csak nagy k\u00e9s\u00e9ssel jutnak majd el az olvas\u00f3khoz.<\/h6>\n<h6>Az \u00e1ldoz\u00f3papokat arra k\u00e9rj\u00fck, hogy minden lelkip\u00e1sztori lelem\u00e9nyess\u00e9g\u00fcket f\u00f6lhaszn\u00e1lva, egym\u00e1s tapasztalataib\u00f3l is tanulva tal\u00e1lj\u00e1k meg a m\u00f3dj\u00e1t h\u00edveink t\u00e1mogat\u00e1s\u00e1nak, vigasztal\u00e1s\u00e1nak, hitbeli meger\u0151s\u00edt\u00e9s\u00e9nek. Ebben k\u00fcl\u00f6n\u00f6s hangs\u00falyt kell, hogy kapjon a p\u00fcnk\u00f6sd \u00fcnnep\u00e9re val\u00f3 k\u00e9sz\u00fclet. Minderre hittel \u00e9s bizalommal k\u00e9rj\u00fck mindenhat\u00f3 Isten\u00fcnk \u00e1ld\u00e1s\u00e1t!<\/h6>\n<h6>2020. m\u00e1jus 01.<\/h6>\n<h6>F\u00fcl\u00f6p metropolita<\/h6>\n<p>&nbsp;<\/p>\n","protected":false},"excerpt":{"rendered":"<p>A G\u00f6r\u00f6gkatolikus Metrop\u00f3lia a m\u00f3dos\u00edtott \u00e1llami rendelkez\u00e9sek nyom\u00e1n 2020. m\u00e1jus 4-ei hat\u00e1llyal a k\u00f6vetkez\u0151ket rendeli el. Az \u00e1prilis 30-\u00e1n megjelent korm\u00e1nyhat\u00e1rozat \u00e9rtelm\u00e9ben imm\u00e1r nagyobb lehet\u0151s\u00e9g ny\u00edlik arra, hogy templomainkat \u2013 egyel\u0151re Budapestet \u00e9s Pest megy\u00e9t kiv\u00e9ve \u2013 a szertart\u00e1sok alatt is nyitva tartsuk. Arra tov\u00e1bbra is nagy gonddal \u00fcgyelni kell, hogy a szertart\u00e1sokon r\u00e9sztvev\u0151k mindig [&hellip;]<\/p>\n","protected":false},"author":3,"featured_media":0,"comment_status":"closed","ping_status":"closed","sticky":false,"template":"","format":"standard","meta":{"ngg_post_thumbnail":0},"categories":[1],"tags":[],"_links":{"self":[{"href":"http:\/\/csapokert.gorogkatolikus.hu\/index.php?rest_route=\/wp\/v2\/posts\/4845"}],"collection":[{"href":"http:\/\/csapokert.gorogkatolikus.hu\/index.php?rest_route=\/wp\/v2\/posts"}],"about":[{"href":"http:\/\/csapokert.gorogkatolikus.hu\/index.php?rest_route=\/wp\/v2\/types\/post"}],"author":[{"embeddable":true,"href":"http:\/\/csapokert.gorogkatolikus.hu\/index.php?rest_route=\/wp\/v2\/users\/3"}],"replies":[{"embeddable":true,"href":"http:\/\/csapokert.gorogkatolikus.hu\/index.php?rest_route=%2Fwp%2Fv2%2Fcomments&post=4845"}],"version-history":[{"count":4,"href":"http:\/\/csapokert.gorogkatolikus.hu\/index.php?rest_route=\/wp\/v2\/posts\/4845\/revisions"}],"predecessor-version":[{"id":4849,"href":"http:\/\/csapokert.gorogkatolikus.hu\/index.php?rest_route=\/wp\/v2\/posts\/4845\/revisions\/4849"}],"wp:attachment":[{"href":"http:\/\/csapokert.gorogkatolikus.hu\/index.php?rest_route=%2Fwp%2Fv2%2Fmedia&parent=4845"}],"wp:term":[{"taxonomy":"category","embeddable":true,"href":"http:\/\/csapokert.gorogkatolikus.hu\/index.php?rest_route=%2Fwp%2Fv2%2Fcategories&post=4845"},{"taxonomy":"post_tag","embeddable":true,"href":"http:\/\/csapokert.gorogkatolikus.hu\/index.php?rest_route=%2Fwp%2Fv2%2Ftags&post=4845"}],"curies":[{"name":"wp","href":"https:\/\/api.w.org\/{rel}","templated":true}]}}