{"id":4850,"date":"2020-05-05T15:25:34","date_gmt":"2020-05-05T15:25:34","guid":{"rendered":"http:\/\/csapokert.gorogkatolikus.hu\/?p=4850"},"modified":"2020-05-23T07:49:16","modified_gmt":"2020-05-23T07:49:16","slug":"templomunk-ujra-szabadabban-latogathato","status":"publish","type":"post","link":"http:\/\/csapokert.gorogkatolikus.hu\/?p=4850","title":{"rendered":"Templomunk \u00fajra szabadabban l\u00e1togathat\u00f3"},"content":{"rendered":"<pre>\u00a0 \u00a0 Kedves Testv\u00e9rek!\r\n\r\n   Nagyon nagy \u00f6r\u00f6mmel jelezz\u00fck, hogy templomunk m\u00e1just\u00f3l ism\u00e9t szabadabban l\u00e1togathat\u00f3. Rem\u00e9lj\u00fck, hogy buzg\u00f3 im\u00e1ink is szerepet j\u00e1tszottak ebben, de term\u00e9szetesen az \u00e1llami \u00e9s egyh\u00e1zi szervek \u00e1ll\u00e1sfoglal\u00e1sa is megk\u00f6nny\u00edtette sz\u00e1munkra ennek a d\u00f6nt\u00e9snek a meghozatal\u00e1t. A liturgi\u00e1k h\u00e9tk\u00f6znap is \u00e9s h\u00e9tv\u00e9g\u00e9n is l\u00e1togathat\u00f3k.\r\n    Egyed\u00fcl arra kell figyelni, hogy biztons\u00e1gos t\u00e1volban foglaljanak helyet a r\u00e9sztvev\u0151k, illetve a szent\u00e1ldoz\u00e1s alkalm\u00e1val kell a szokottn\u00e1l nagyobb t\u00e1vols\u00e1got tartani.\r\n\r\n    Szentgy\u00f3n\u00e1s elv\u00e9gz\u00e9s\u00e9re minden szertart\u00e1s el\u0151tt \u00e9s ut\u00e1n is van lehet\u0151s\u00e9g\r\n\r\n\r\n\r\n<\/pre>\n","protected":false},"excerpt":{"rendered":"<p>\u00a0 \u00a0 Kedves Testv\u00e9rek! Nagyon nagy \u00f6r\u00f6mmel jelezz\u00fck, hogy templomunk m\u00e1just\u00f3l ism\u00e9t szabadabban l\u00e1togathat\u00f3. Rem\u00e9lj\u00fck, hogy buzg\u00f3 im\u00e1ink is szerepet j\u00e1tszottak ebben, de term\u00e9szetesen az \u00e1llami \u00e9s egyh\u00e1zi szervek \u00e1ll\u00e1sfoglal\u00e1sa is megk\u00f6nny\u00edtette sz\u00e1munkra ennek a d\u00f6nt\u00e9snek a meghozatal\u00e1t. A liturgi\u00e1k h\u00e9tk\u00f6znap is \u00e9s h\u00e9tv\u00e9g\u00e9n is l\u00e1togathat\u00f3k. Egyed\u00fcl arra kell figyelni, hogy biztons\u00e1gos t\u00e1volban foglaljanak helyet [&hellip;]<\/p>\n","protected":false},"author":3,"featured_media":0,"comment_status":"closed","ping_status":"closed","sticky":false,"template":"","format":"standard","meta":{"ngg_post_thumbnail":0},"categories":[1],"tags":[],"_links":{"self":[{"href":"http:\/\/csapokert.gorogkatolikus.hu\/index.php?rest_route=\/wp\/v2\/posts\/4850"}],"collection":[{"href":"http:\/\/csapokert.gorogkatolikus.hu\/index.php?rest_route=\/wp\/v2\/posts"}],"about":[{"href":"http:\/\/csapokert.gorogkatolikus.hu\/index.php?rest_route=\/wp\/v2\/types\/post"}],"author":[{"embeddable":true,"href":"http:\/\/csapokert.gorogkatolikus.hu\/index.php?rest_route=\/wp\/v2\/users\/3"}],"replies":[{"embeddable":true,"href":"http:\/\/csapokert.gorogkatolikus.hu\/index.php?rest_route=%2Fwp%2Fv2%2Fcomments&post=4850"}],"version-history":[{"count":5,"href":"http:\/\/csapokert.gorogkatolikus.hu\/index.php?rest_route=\/wp\/v2\/posts\/4850\/revisions"}],"predecessor-version":[{"id":4895,"href":"http:\/\/csapokert.gorogkatolikus.hu\/index.php?rest_route=\/wp\/v2\/posts\/4850\/revisions\/4895"}],"wp:attachment":[{"href":"http:\/\/csapokert.gorogkatolikus.hu\/index.php?rest_route=%2Fwp%2Fv2%2Fmedia&parent=4850"}],"wp:term":[{"taxonomy":"category","embeddable":true,"href":"http:\/\/csapokert.gorogkatolikus.hu\/index.php?rest_route=%2Fwp%2Fv2%2Fcategories&post=4850"},{"taxonomy":"post_tag","embeddable":true,"href":"http:\/\/csapokert.gorogkatolikus.hu\/index.php?rest_route=%2Fwp%2Fv2%2Ftags&post=4850"}],"curies":[{"name":"wp","href":"https:\/\/api.w.org\/{rel}","templated":true}]}}