{"id":4854,"date":"2020-05-08T12:22:52","date_gmt":"2020-05-08T12:22:52","guid":{"rendered":"http:\/\/csapokert.gorogkatolikus.hu\/?p=4854"},"modified":"2020-05-21T14:16:21","modified_gmt":"2020-05-21T14:16:21","slug":"a-szent-sir-feltamadas-bazilika","status":"publish","type":"post","link":"http:\/\/csapokert.gorogkatolikus.hu\/?p=4854","title":{"rendered":"A Szent S\u00edr &#8211; Felt\u00e1mad\u00e1s bazilika"},"content":{"rendered":"<p><a href=\"http:\/\/csapokert.gorogkatolikus.hu\/wp-content\/uploads\/2020\/05\/Szent-S\u00edr.jpg\"><img decoding=\"async\" loading=\"lazy\" class=\"alignleft size-thumbnail wp-image-4858\" src=\"http:\/\/csapokert.gorogkatolikus.hu\/wp-content\/uploads\/2020\/05\/Szent-S\u00edr-150x150.jpg\" alt=\"\" width=\"150\" height=\"150\" \/><\/a><\/p>\n<p>A templomba j\u00e1r\u00e1st korl\u00e1toz\u00f3 int\u00e9zked\u00e9sek felold\u00e1sa ut\u00e1n lehet\u0151s\u00e9g ny\u00edlik az \u00fcnnepfelez\u00e9s ut\u00e1n az \u00fcnnepz\u00e1r\u00e1skor is \u00e1t\u00e9lni a felt\u00e1mad\u00e1s liturgikus \u00f6r\u00f6m\u00e9t majd templomunkban. Azok sz\u00e1m\u00e1ra, akiknek ez m\u00e9gsem adatik meg k\u00fcld\u00f6k szeretettel egy diavet\u00edt\u00e9st J\u00e9zus Krisztus felt\u00e1mad\u00e1s\u00e1nak \u00e9p\u00edt\u00e9szeti tan\u00faj\u00e1r\u00f3l az Anasztazisz &#8211; Felt\u00e1mad\u00e1s bazilik\u00e1r\u00f3l. (A megnyit\u00e1s ut\u00e1n &#8222;<em>Csak olvas\u00e1sra<\/em>&#8221; gomb megnyom\u00e1sa; majd a fels\u0151 ikonsorb\u00f3l a &#8222;<em>Diavet\u00edt\u00e9s<\/em>&#8221; kiv\u00e1laszt\u00e1sa, \u00e9s <em>&#8222;Az elej\u00e9t\u0151l<\/em>&#8222;, ikon megnyom\u00e1sa)<\/p>\n<p><a href=\"http:\/\/csapokert.gorogkatolikus.hu\/wp-content\/uploads\/2020\/05\/Szent-S\u00edr-Anasztazisz-bazilika-honlap.pptx\">Szent S\u00edr &#8211; Anasztazisz bazilika honlap<\/a><\/p>\n","protected":false},"excerpt":{"rendered":"<p>A templomba j\u00e1r\u00e1st korl\u00e1toz\u00f3 int\u00e9zked\u00e9sek felold\u00e1sa ut\u00e1n lehet\u0151s\u00e9g ny\u00edlik az \u00fcnnepfelez\u00e9s ut\u00e1n az \u00fcnnepz\u00e1r\u00e1skor is \u00e1t\u00e9lni a felt\u00e1mad\u00e1s liturgikus \u00f6r\u00f6m\u00e9t majd templomunkban. Azok sz\u00e1m\u00e1ra, akiknek ez m\u00e9gsem adatik meg k\u00fcld\u00f6k szeretettel egy diavet\u00edt\u00e9st J\u00e9zus Krisztus felt\u00e1mad\u00e1s\u00e1nak \u00e9p\u00edt\u00e9szeti tan\u00faj\u00e1r\u00f3l az Anasztazisz &#8211; Felt\u00e1mad\u00e1s bazilik\u00e1r\u00f3l. (A megnyit\u00e1s ut\u00e1n &#8222;Csak olvas\u00e1sra&#8221; gomb megnyom\u00e1sa; majd a fels\u0151 ikonsorb\u00f3l a [&hellip;]<\/p>\n","protected":false},"author":3,"featured_media":0,"comment_status":"closed","ping_status":"closed","sticky":false,"template":"","format":"standard","meta":{"ngg_post_thumbnail":0},"categories":[1],"tags":[],"_links":{"self":[{"href":"http:\/\/csapokert.gorogkatolikus.hu\/index.php?rest_route=\/wp\/v2\/posts\/4854"}],"collection":[{"href":"http:\/\/csapokert.gorogkatolikus.hu\/index.php?rest_route=\/wp\/v2\/posts"}],"about":[{"href":"http:\/\/csapokert.gorogkatolikus.hu\/index.php?rest_route=\/wp\/v2\/types\/post"}],"author":[{"embeddable":true,"href":"http:\/\/csapokert.gorogkatolikus.hu\/index.php?rest_route=\/wp\/v2\/users\/3"}],"replies":[{"embeddable":true,"href":"http:\/\/csapokert.gorogkatolikus.hu\/index.php?rest_route=%2Fwp%2Fv2%2Fcomments&post=4854"}],"version-history":[{"count":3,"href":"http:\/\/csapokert.gorogkatolikus.hu\/index.php?rest_route=\/wp\/v2\/posts\/4854\/revisions"}],"predecessor-version":[{"id":4889,"href":"http:\/\/csapokert.gorogkatolikus.hu\/index.php?rest_route=\/wp\/v2\/posts\/4854\/revisions\/4889"}],"wp:attachment":[{"href":"http:\/\/csapokert.gorogkatolikus.hu\/index.php?rest_route=%2Fwp%2Fv2%2Fmedia&parent=4854"}],"wp:term":[{"taxonomy":"category","embeddable":true,"href":"http:\/\/csapokert.gorogkatolikus.hu\/index.php?rest_route=%2Fwp%2Fv2%2Fcategories&post=4854"},{"taxonomy":"post_tag","embeddable":true,"href":"http:\/\/csapokert.gorogkatolikus.hu\/index.php?rest_route=%2Fwp%2Fv2%2Ftags&post=4854"}],"curies":[{"name":"wp","href":"https:\/\/api.w.org\/{rel}","templated":true}]}}